{"id":7603,"date":"2016-04-14T19:28:26","date_gmt":"2016-04-14T22:28:26","guid":{"rendered":"https:\/\/www.socialismoobarbarie.org\/?p=7603"},"modified":"2019-11-20T11:23:11","modified_gmt":"2019-11-20T14:23:11","slug":"francia-la-lucha-contra-la-ley-el-khomri-se-desarrolla-y-se-profundiza","status":"publish","type":"post","link":"https:\/\/www.socialismoobarbarie.org\/?p=7603","title":{"rendered":"Francia \u2013 La lucha contra la Ley El Khomri se desarrolla y se profundiza"},"content":{"rendered":"<p style=\"text-align: justify;\"><strong>Movilizaciones masivas en Francia<\/strong><\/p>\n<p style=\"text-align: justify;\">Luego del puntapi\u00e9 inicial del 9 de Marzo, que sacudi\u00f3 el escenario pol\u00edtico y social franc\u00e9s y puso en el centro de la escena la lucha contra la Ley El Khomri, hemos vivido un mes de contestaci\u00f3n y rechazo a la que a pesar de las dificultades contin\u00faa su curso e incluso se profundiza. Esta reforma se enmarca en los ataques que viene llevando adelante el gobierno de Hollande a las condiciones de vida y conquistas de\u00a0 los trabajadores y el pueblo franc\u00e9s desde su asunci\u00f3n en 2012, cuando supuestamente ven\u00eda a \u201cdejar atr\u00e1s\u201d cinco a\u00f1os de gobierno de la derecha bajo Sarkozy. Desde la asunci\u00f3n del gobierno \u201csocialista\u201d los ataques se suceden uno tras otro: Acuerdo Nacional Interprofesional, reforma de las jubilaciones, plan Hirsch en los hospitales, sin contar la brutalidad de las aventuras imperialistas de Hollande en Africa Central (\u201cCentrafrique\u201d en franc\u00e9s, se la conoce com\u00fanmente como \u201cFran\u00e7afrique\u201d para reflejar el dominio postcolonial aun feroz), en Libia y Siria, el polic\u00edaco \u201cEstado de Urgencia\u201d, la pol\u00edtica racista y xen\u00f3foba contra los refugiados o las poblaciones descendientes de la inmigraci\u00f3n\u2026<\/p>\n<p style=\"text-align: justify;\">La pelea contra la Ley El Khomri ha despertado y unificado fuerzas profundas que se encontraban \u201cdormidas\u201d desde la derrota de 2010, adem\u00e1s de ser un \u201caglutinador\u201d de una serie de \u201cbroncas\u201d contra lo que venimos de describir: precariedad, guerras imperialistas, xenofobia, represi\u00f3n\u2026 La masividad y radicalidad del movimiento es la m\u00e1s importante desde 2010, cuando fuera la lucha contra la reforma jubilatoria. A su vez, la misma se enmarca en un contexto \u201cnacional\u201d donde se ven\u00edan viviendo experiencias de lucha de un alcance no menor: la lucha contra el cierre de la f\u00e1brica PSA en Aulnay, la huelga ferroviaria de 2014, los levantamientos de secundarios contra la expulsi\u00f3n de los alumnos inmigrantes Leonarda y Khatchik, la lucha de Air Francia y la famosa \u201ccamisa arrancada\u201d al director de recursos humanos, las movilizaciones de los trabajadores de los hospitales contra el plan Hirsch. Es decir que la lucha actual no se trata de \u201cun rel\u00e1mpago en un cielo despejado\u201d, sino que parte de una serie de experiencias que se realizaron en los \u00faltimos a\u00f1os, a\u00fan luego de la derrota de 2010 y a\u00fan bajo un gobierno \u201csocialista\u201d<a href=\"#_ftn1\" name=\"_ftnref1\">[1]<\/a>.<\/p>\n<p style=\"text-align: justify;\">A su vez, la lucha se da en el contexto general de una serie de movilizaciones a nivel europeo: ya sea las huelgas generales en Grecia; los indignados, la huelga de mineros y el fen\u00f3meno de las \u201cmareas\u201d (salud, educaci\u00f3n) en Espa\u00f1a. Aunque est\u00e1s peleas tambi\u00e9n hayan sido derrotadas (traici\u00f3n de Syriza en Grecia y mediaci\u00f3n electoral en Espa\u00f1a mediante), forman parte de una acumulaci\u00f3n hist\u00f3rica a nivel continental. Se trata de una p\u00e1gina m\u00e1s del recomienzo hist\u00f3rico de la experiencia de los explotados y oprimidos en la lucha de clases a nivel mundial. Intentaremos bosquejar desde este art\u00edculo el estado de situaci\u00f3n en un proceso que sigue vivo y que desde la Corriente Socialismo o Barbarie apoyamos y en el cual intervenimos con la perspectiva de la derrota absoluta de la ley, para abrir el camino de una mayor contestaci\u00f3n y consolidaci\u00f3n en el camino de frenar y hacer dar marcha atr\u00e1s a la totalidad de las pol\u00edticas antiobreras y antipopulares de Hollande y la burgues\u00eda.<\/p>\n<p style=\"text-align: justify;\"><strong>El estado actual del movimiento<\/strong><\/p>\n<p style=\"text-align: justify;\">A grandes rasgos, existen tres grandes actores en confluencia en las manifestaciones que han intervenido en las diferentes jornadas de movilizaci\u00f3n y de las cuales queremos dar cuenta.<\/p>\n<p style=\"text-align: justify;\">En primer lugar, el elemento que supo ser m\u00e1s din\u00e1mico desde el principio, los estudiantes universitarios, que dieron el puntapi\u00e9 con la jornada del 9 de Marzo y fueron (y contin\u00faan siendo) el motor de una serie de jornadas nacionales de lucha, el mayor n\u00facleo de activistas y de manifestantes a nivel amplio, adem\u00e1s de imponer a las direcciones sindicales un calendario que no se esperaban y contra el cual batallaron y de aportar a la \u201cebullici\u00f3n\u201d en otros sectores. El reflejo inmediato en este sector es que la \u201cmasificaci\u00f3n\u201d ha encontrado grandes limites (aunque la apuesta siga abierta y todo un sector del estudiantado universitario se organiza de hecho por fuera de las universidades). El comienzo relativamente \u201ctard\u00edo\u201d del movimiento en el a\u00f1o escolar, la cercan\u00eda inmediata de la \u201csemana de revisi\u00f3n\u201d, de las vacaciones y los ex\u00e1menes, la enorme presi\u00f3n de pasar de a\u00f1os para miles de estudiantes que viven de una beca miserable o de un trabajo precario y en condiciones de desempleo en aumento donde \u201cel t\u00edtulo\u201d parece proteger contra el mismo, parecen haber puesto un techo (relativo, y por el momento) a las perspectivas de masificar. A nivel nacional se expresa un cierto estancamiento e incluso reflujo \u201ccuantitativo\u201d, aunque la voluntad de seguir la pelea sigue viva.<\/p>\n<p style=\"text-align: justify;\">En ese sentido, es un hecho que el desarrollo de la movilizaci\u00f3n hasta ahora deja \u2013como m\u00ednimo- como saldo una importante camada de compa\u00f1eros que se organizan en comisiones o comit\u00e9s por facultad, los cuales dan sus primeros pasos en la lucha. El movimiento estudiantil sigue tambi\u00e9n marcando el ritmo de la movilizaci\u00f3n, al menos en parte, contra el calendario diletante y sin perspectivas de la burocracia sindical: son las asambleas de facultades y las coordinadoras estudiantiles las que han marcado el pasado, realizando acciones y movilizaciones cada martes y jueves que permitieron mantener el movimiento en escena y no dejar pasar un mes sin mover un dedo como es la voluntad y la tradici\u00f3n de la burocracia sindical. La creaci\u00f3n y estabilizaci\u00f3n de organismos de auto-organizaci\u00f3n de los estudiantes, por fuera de los aparatos sindicales, es una conquista enorme del movimiento que hay que defender: frente a la traici\u00f3n de la UNEF (sindicato estudiantil universitario m\u00e1s importante), la existencia de una Coordinadora Nacional Estudiantil, que reuni\u00f3 este fin de semana cerca de 200 delegados elegidos en las Asambleas Generales de 30 universidades, las principales del pa\u00eds, permite continuar el movimiento y proponer una direcci\u00f3n alternativa<a href=\"#_ftn2\" name=\"_ftnref2\">[2]<\/a>.<\/p>\n<p style=\"text-align: justify;\">Adem\u00e1s, este activismo amplio que se ha formado en las universidades ha permitido ir impactando sobre otros sectores: principalmente los trabajadores y en menor medida los secundarios (que tienen centralmente una din\u00e1mica propia). Desde todas las universidades se han organizado actividades en torno a los trabajadores: las diferentes \u201cvisitas\u201d que ya reflejamos desde estas p\u00e1ginas (nota al pie con link a nota \u201cCuando los estudiantes\u2026\u201d) se siguieron desarrollando y profundizando, con un eje en los ferroviarios que podr\u00edan ser una \u201cpunta de lanza\u201d pero tambi\u00e9n yendo hacia otros sectores como el autom\u00f3vil, los dockers, empleados de correos, hospitales, trabajadores administrativos de las universidades. Se trata de un activismo que sigue vivo y con la moral alta: la apuesta es seguir organiz\u00e1ndolo, que no se desmovilice y pueda hacer su \u201caporte\u201d a la construcci\u00f3n de la huelga general en otros sectores.<\/p>\n<p style=\"text-align: justify;\">En las \u00faltimas dos semanas, ha entrado con fuerza en escena el movimiento secundario. Por el momento, la movilizaci\u00f3n el mismo se hab\u00eda reducido esencialmente a los liceos de \u201cParis intramuros\u201d (es decir la \u201ccapital\u201d propiamente dicha), con poco impacto en el Gran Paris (no tenemos un reflejo claro del resto del pa\u00eds). En las \u00faltimas dos semanas, los liceos de \u201cbanlieue\u201d (del conurbano) entraron en escena con m\u00e9todos radicales: bloqueos de los establecimientos, con contenedores de basura quemados en la puerta del establecimiento, y enfrentamientos con la polic\u00eda. Una represi\u00f3n enorme golpea a los secundarios (y al movimiento mas en general): en las ultimas dos semanas hubo mas de 100 detenciones en la zona de Hauts-de-Seine, al oeste de Paris; el mi\u00e9rcoles 13, por ejemplo, once secundarios de Villeneuve-la-Garenne fueron arrestados y prestaron declaraci\u00f3n bajo la acusaci\u00f3n de \u201cposesi\u00f3n de productos incendiarios\u201d y \u201cviolencia sobre polic\u00edas\u201d y un estudiante de la universidad fue detenido durante 24 horas y\u00a0 acusado de \u201cincitaci\u00f3n a la revuelta\u201d por ir a volantear frente a un secundario que fue bloqueado\u2026<\/p>\n<p style=\"text-align: justify;\">Se trata de secundarios de los barrios populares, muchos de ellos liceos t\u00e9cnicos, es decir de estudiantes que ir\u00e1n a trabajar directamente luego de terminar el secundario. En estos sectores est\u00e1n difundidos estatutos como el de \u201caprendiz\u201d, por los cuales los secundarios a partir de 16 a\u00f1os trabajan en empresas privadas para \u201cformarse\u201d pudiendo siendo pagados solamente el 25% del salario minimo\u2026 Es por lo tanto un sector que sufre m\u00e1s fuertemente la precariedad de los reg\u00edmenes de contrataci\u00f3n. Pese a estar expuestos adem\u00e1s a las sanciones o presiones de las autoridades escolares, muchas veces no pudiendo cerrar\u00a0 los colegios o levantar las clases, han participado activa y numerosamente en las movilizaciones.<\/p>\n<p style=\"text-align: justify;\">Para finalizar se encuentran los trabajadores los cuales han participado de manera m\u00e1s fragmentada y sin estar verdaderamente a la cabeza del proceso por el momento. Esto es el resultado no de un estado de animo menos combativo entre los trabajadores (aunque sin duda las \u201cpresiones\u201d de un trabajador son potencialmente mas grandes que las de un estudiante), sino de las maniobras y dilaciones de la burocracia sindical. Por el momento, las grandes direcciones burocr\u00e1ticas han logrado mantener el control de la situaci\u00f3n y administrar la bronca como lo hacen siempre: con jornadas de huelga aisladas y espaciadas en el tiempo, cuid\u00e1ndose como la peste de la confluencia de estudiantes y trabajadores. Es por eso que s\u00f3lo ha habido una jornada de huelga general, la del 31 de Marzo, y que la siguiente anunciada ser\u00e1 el 28 de Avril\u2026 La presi\u00f3n y din\u00e1mica del movimiento estudiantil han obligado a las confederaciones sindicales o a seccionales departamentales a llamar a las jornadas de movilizaci\u00f3n organizadas por la Coordinaci\u00f3n Estudiantil y las organizaciones de juventud como las del 17 y 24 de Marzo, aunque sin prepararlas verdaderamente.<\/p>\n<p style=\"text-align: justify;\">M\u00e1s all\u00e1 de la pol\u00edtica de las direcciones burocr\u00e1ticas, la disposici\u00f3n a la lucha y la bronca entre los trabajadores es palpable. En todas las jornadas, la del 17, la del 24, del 31 de Marzo y la del 9 de Abril, la presencia de sectores de trabajadores fue muy importante; la huelga del 31 fue muy importante y se sinti\u00f3 en sectores como los transportes, el Estado, los profesores, los puertos, la industria. En las \u201cvisitas\u201d que realizamos los estudiantes de la Universidad de Nanterre hacia la estaci\u00f3n ferroviaria Saint Lazare, pudimos ver el reflejo de la necesidad de una huelga general que tenga continuidad de parte de los trabajadores ferroviarios. Una sola jornada no va a alcanzar, es el momento de luchar, qu\u00e9 est\u00e1n esperando los sindicatos (es decir sus direcciones): eso era lo que expresaban los ferroviarios con los que discutimos. En el ferrocarril, la jornada del 9 de Marzo fue la huelga mas grande de los \u00faltimos 15 a\u00f1os: 70 u 80% de huelguistas en las tareas de ejecuci\u00f3n. Hay mucha bronca y entre cada vez m\u00e1s sectores se expresa una idea de que si los sindicatos movilizaran consecuentemente la fuerza que pondr\u00eda en juego podr\u00eda lograr la derrota del gobierno y su ley. Se espera una marcha donde todos los sectores confluyan para el 28 de abril\u2026<\/p>\n<p style=\"text-align: justify;\">Nos falta sin duda en este punto de \u201cestado del movimiento\u201d algunas palabras sobre el fen\u00f3meno \u201cNuit D\u00e9bout\u201d, de ocupaci\u00f3n de las plazas, que ha sido (de manera exagerada) ampliamente cubierto por la prensa nacional e internacional. Sin explayarnos exhaustivamente, visto lo extenso de este articulo y nuestro reflejo limitado respecto al fen\u00f3meno, podemos decir que el mismo puede ser un punto de apoyo para la confluencia de diversos sectores, un lugar en el que de hecho se dan cita cientos o miles de personas movilizadas cada d\u00eda, incluso sectores que no se sienten atra\u00eddos (por diversas razones) por las actividades que se realizan en sus propios lugares de estudio o trabajo, o que simplemente no pueden organizarse en los mismos (ya sea porque se trata de unidades peque\u00f1as, por miedo o por haber sufrido la represi\u00f3n patronal).<\/p>\n<p style=\"text-align: justify;\">Sin duda, ser\u00eda de un sectarismo criminal cerrarse a esto y no darse una pol\u00edtica para hacer avanzar esta expresi\u00f3n del movimiento en un sentido progresivo: m\u00e1s a\u00fan cuando diversos parecen indicar que todo un sector quiere hacer de las plazas un \u201ccuartel general de la lucha\u201d, ir m\u00e1s all\u00e1, evitar \u201cencerrarse est\u00e1ticamente en un lugar\u201d, considerando que las plazas deben ser un lugar donde \u201clas cosas comienzan pero no donde terminan\u201d\u00a0 y otras ideas de ese tipo, con la perspectiva global de la huelga general. Claro que esto significa, al mismo tiempo, combatir todas las tendencias que llevar\u00edan a hacer del movimiento de plazas un \u201cfin en si mismo\u201d, cuya \u00fanica utilidad seria la de \u201cocupar el espacio\u201d, \u201ccrear nuevas formas de sociabilidad\u201d u otras ideas de ese tipo. Mas a\u00fan, significa combatir todas las tendencias electoralistas o instuticionalizantes, que quieren hacer del movimiento de plazas una manera para \u201cpresionar sobre las instituciones\u201d, \u201creformar la pol\u00edtica\u201d, o pura y simplemente construir un nuevo rejunte de la izquierda reformista que aspire a crear un \u201cPodemos a la francesa\u201d. Se trata de una pelea abierta que hay que desarrollar.<\/p>\n<p style=\"text-align: justify;\"><strong>La pol\u00edtica de las direcciones<\/strong><\/p>\n<p style=\"text-align: justify;\">Queremos detenernos ahora en el rol que desempe\u00f1an hoy las direcciones de los distintos actores del movimiento contra la ley El Khomri. El m\u00e1s lamentable y traidor (aunque no sea ninguna sorpresa) es el accionar de la direcci\u00f3n de la UNEF. Por un lado, se juegan a fondo a boicot de la organizaci\u00f3n y la movilizaci\u00f3n, centralmente a los organismos de autodeterminaci\u00f3n democr\u00e1tica del movimiento como la Coordinaci\u00f3n Nacional Estudiante: est\u00e1 muy claro, el desborde a la UNEF ya es un hecho, al menos en una parte importante de universidades, y para la direcci\u00f3n social-traidora de la UNEF de lo que se trata es de retomar el control del movimiento.<\/p>\n<p style=\"text-align: justify;\">Esta pol\u00edtica contra la auto-organizaci\u00f3n est\u00e1 \u00edntimamente ligada a una pol\u00edtica de traici\u00f3n \u201cvelada\u201d que ya se oficializ\u00f3: la direcci\u00f3n de la UNEF aplaude toda una serie de medidas anunciadas por el gobierno en direcci\u00f3n de los j\u00f3venes, aclarando al mismo tiempo que \u201ccontinua la movilizaci\u00f3n contra la ley\u201d, llamado a movilizar el\u202628 de Abril! Luego de reunirse semanalmente o varias veces por semana con el gobierno (sin mandato alguno, y contra la decisi\u00f3n expresa de las asambleas por facultades que era la de \u201cninguna negociaci\u00f3n!\u201d), la UNEF intentar\u00e1 pasar la idea de que se obtuvieron \u201cgrandes victorias\u201d e intentara dejar morir lentamente el movimiento, boicoteando e intentando destruir las instancias de movilizaci\u00f3n y de base.<\/p>\n<p style=\"text-align: justify;\">La reacci\u00f3n del activismo y las corrientes que nos jugamos a masificar y darle un curso ascendente a esta lucha para progresar en la confluencia y torcerle el brazo al gobierno y las patronales no se hizo esperar contra la traici\u00f3n de la UNEF. Desde el principio, alertamos sobre el hecho de que era un error negociar aspectos perif\u00e9ricos de la ley o mejoras parciales mientras no fuera retirado el proyecto de ley. A su vez, peleamos por desarrollar organismos de democracia directa y de organizaci\u00f3n propia del movimiento, como las coordinadoras. Ahora se trata de llevar esta pelea de orientaci\u00f3n a los m\u00e1s amplios sectores, s\u00f3lo discutiendo y ganando a los compa\u00f1eros para llevar adelante un programa consecuente es que podremos ganar.<\/p>\n<p style=\"text-align: justify;\">Del lado de los sindicatos de trabajadores, la situaci\u00f3n no es para nada mejor. Dejemos de lado a los traidores habituales, la CFDT, que aplaudi\u00f3 rabiosamente algunas migajas y enterr\u00f3 el movimiento antes de que empezara, pleg\u00e1ndose al proyecto de ley\u2026 Uno de los principales problemas de la situaci\u00f3n actual es que las direcciones de las confederaciones sindicales que llamaron a las huelgas no dan una continuidad y una perspectiva al movimiento, sino que se limitan a paros domingueros y espaciados en el tiempo. A pesar de las enormes reservas de lucha y combatividad, las direcciones sindicales no organizan la lucha, la masificaci\u00f3n, la convergencia, la huelga general. De ah\u00ed que s\u00f3lo saquen una jornada de 24 horas de huelga por mes frente a semejante ataque contra los trabajadores.<\/p>\n<p style=\"text-align: justify;\">Los ferroviarios, uno de los sectores claves, reflejan bien esta estrategia de la burocracia. Los ferroviarios, o al menos una parte importante de los mismos, no son regidos por el c\u00f3digo de trabajo que se aplica en las empresas privadas, sino por una especie de \u201cc\u00f3digo de trabajo interno\u201d. El mismo debe ser discutido en los pr\u00f3ximos dos meses (Mayo y Junio), a partir de propuestas de la direcci\u00f3n, para ser aprobado al final de las \u201cnegociaciones\u201d. En el contexto de los ataques generales de la Ley El Khomri, el acuerdo propuesto es, como no pod\u00eda ser de otra manera, un catalogo de regresiones sociales sobre las cuales no podemos extendernos. La direcci\u00f3n de la CGT ferroviarios, principal sindicato del sector, se niega a unificar la lucha de los ferroviarios con la lucha contra la reforma El Khomri y menos que menos a preparar la huelga ilimitada. Sostienen que tienen un \u201ccalendario propio\u201d, que los ferroviarios \u201cpueden ganar solos\u201d, que los que defienden la huelga ilimitada \u201cmandan a los ferroviarios al matadero\u201d. La direcci\u00f3n de la CGT ferroviarios lleg\u00f3 al rid\u00edculo de llamar, adem\u00e1s de la jornada de huelga nacional del 28 de Abril que todas las confederaciones llaman, a una jornada de huelga ferroviaria el 26: el peque\u00f1o detalle es que est\u00e1 el 27 en el medio y que ser\u00eda tan \u201cf\u00e1cil\u201d organizar una huelga de 72hs que fuera el puntapi\u00e9 de la huelga ilimitada\u2026<\/p>\n<p style=\"text-align: justify;\"><strong>Auto-organizaci\u00f3n y confluencia de los sectores para preparar la huelga general<\/strong><\/p>\n<p style=\"text-align: justify;\">Es fundamental pensar que frente a las muestras de tama\u00f1a energ\u00eda y combatividad del actual movimiento se necesita una pol\u00edtica de la cual dotarse para lograr la victoria y m\u00e1s estrat\u00e9gicamente profundizar las potencialidades de esta experiencia. Un programa que haga de la retirada del proyecto de Ley El Khomri el eje de batalla de todos los sectores en las pr\u00f3ximas semanas, \u00fanica victoria a partir de la cual podremos ir por el resto de las reivindicaciones y explorar todas las broncas que el movimiento aglutina, ya sea contra la violencia policiaca, las guerras, la xenofobia, la destrucci\u00f3n del planeta.<\/p>\n<p style=\"text-align: justify;\">En ese sentido, la tarea central, la \u201cllave maestra\u201d de la situaci\u00f3n, es preparar y construir la huelga general ilimitada, lograr bloquear econ\u00f3micamente el pa\u00eds de manera indefinida, hasta que el gobierno retroceda. No es desconocido para nadie que si dejamos que la burocracia lleve adelante el desgaste en medidas espaciadas, sin realizar asambleas entre las bases, sin poner de pie y al frente de la lucha a los trabajadores las energ\u00edas ser\u00e1n erosionadas y a eso apuesta con todo este aliado del gobierno y la patronal.<\/p>\n<p style=\"text-align: justify;\">Un punto de apoyo en ese sentido es, como hemos dicho, el activismo que se ha puesto de pie sobre todo entre los j\u00f3venes en las universidades, que tiene la voluntad de ligarse a sectores de trabajadores y lo viene haciendo de manera sostenida. A\u00fan en vacaciones, en \u00e9poca de ex\u00e1menes, con las universidades \u201cvac\u00edas\u201d, es posible y necesario poner en movimiento al activismo que se ha forjada y pelear por que contribuya a construir la huelga general. Las decenas o cientos de comit\u00e9s de huelga o movilizaci\u00f3n en las universidades, en los liceos, en los barrios, que organizan a miles o decenas de miles, deben seguir apostando a la masificaci\u00f3n del movimiento pero tambi\u00e9n a la confluencia con otros sectores, porque decenas de miles a nivel nacional organizados con un objetivo preciso, la construcci\u00f3n de la huelga general, son un elemento de peso en la situaci\u00f3n.<\/p>\n<p style=\"text-align: justify;\">A su vez, las universidades han sabido ser un centro de confluencia de los sectores en lucha<a href=\"#_ftn3\" name=\"_ftnref3\">[3]<\/a>: en el caso de Nanterre, las asambleas estudiantiles han impulsado el llamado a varias asambleas interprofesionales desde el inicio de la lucha. Esta pol\u00edtica permite dotarse de un espacio de deliberaci\u00f3n y organizaci\u00f3n que abarca a todos los sectores y potencia su confluencia: los ferroviarios, trabajadores hospitalarios, trabajadores del estado y las administraciones territoriales, profesores y personal administrativo de la universidad, empleados de correos, a los que nos hemos acercado y con los que hemos militado por profundizar la lucha pueden darse cita para organizar la pelea y la continuaci\u00f3n. Diversas actividades, como volanteadas y discusiones en la estaci\u00f3n Saint Lazare, en la f\u00e1brica PSA Poissy, en centros de correos, en el Hospital de Nanterre, se han realizado en pos de esta perspectiva, la cual impulsamos desde la \u201cComisi\u00f3n de confluencia de las luchas\u201d de la que formamos parte.<\/p>\n<p style=\"text-align: justify;\">A su vez, esto se apoya en los sectores combativos y anti-burocr\u00e1ticos que existen en los diferentes sectores y que luchan d\u00eda a d\u00eda por construir organismos de auto-organizaci\u00f3n y por preparar la huelga general. En la estaci\u00f3n Saint Lazare, as\u00ed como en la mayor\u00eda de las grandes terminales de trenes de Paris, existen \u201cComit\u00e9s de movilizaci\u00f3n\u201d que se re\u00fanen, unificando trabajadores sindicalizados y no sindicalizados, de planta permanente y contratados, con el objetivo de organizar la lucha de manera independiente de los aparatos burocr\u00e1ticos y construir la huelga indefinida. Estos comit\u00e9s a la vez se centralizan (aunque el trabajo a\u00fan sea inicial) a nivel de la regi\u00f3n parisina. Los trabajadores de hospitales, por ejemplo, se han apoyado en el fen\u00f3meno de ocupaci\u00f3n de las plazas para darse cita en Place de la R\u00e9publique y convertirla en un \u201ccuartel general de la lucha\u201d. En todos lados surgen organismos de base para preparar la huelga, y la junci\u00f3n entre esta implantaci\u00f3n y militancia cotidiana y el impacto y la energ\u00eda motorizadora de la juventud puede ser explosiva\u2026<\/p>\n<p style=\"text-align: justify;\">Los militantes revolucionarios pueden jugar un rol central en esta pelea. El NPA ha defendido la auto-organizaci\u00f3n, la confluencia de los diferentes sectores, la construcci\u00f3n de la huelga ilimitada. Su implantaci\u00f3n en el movimiento estudiantil universitarios, en los barrios, en sectores de trabajadores, debe permitir golpear como un solo pu\u00f1o con esta orientaci\u00f3n, para desbordar a la burocracia sindical y construir un enfrentamiento generalizado con el gobierno. En este sentido, hay que avanzar en la formulaci\u00f3n de una orientaci\u00f3n global y dotarse de todas las herramientas necesarias para llevarla de manera colectiva, con el objetivo de enfrentar todas las tendencias burocr\u00e1ticas, a la dispersi\u00f3n, la fragmentaci\u00f3n y la desmoralizaci\u00f3n, y apoyarse y desarrollar todos los elementos progresivos, de enorme potencialidad, que existen en el movimiento actual.<\/p>\n<p style=\"text-align: justify;\"><strong>Abajo la Ley El Khomri!<\/strong><\/p>\n<p style=\"text-align: justify;\"><strong>Por la auto-organizaci\u00f3n de estudiantes, secundarios y trabajadores!<\/strong><\/p>\n<p style=\"text-align: justify;\"><strong>Por la confluencia de todos los sectores en lucha!<\/strong><\/p>\n<p style=\"text-align: justify;\"><strong>En camino hacia la huelga general ilimitada!<\/strong><\/p>\n<p style=\"text-align: justify;\"><a href=\"#_ftnref1\" name=\"_ftn1\">[1]<\/a> Circunstancias que explican en parte el por qu\u00e9 estas luchan fueron fragmentarias, aisladas y minoritarias, eso sin contar la p\u00e9rfida polit\u00edca de las direcciones sindicales en cada una de esas batallas. Sin embargo, la ola de simpat\u00eda despertada por la \u201ccamisa arrancada\u201d de Air France ya expresaba un cambio en el estado de \u00e1nimo\u2026<\/p>\n<p style=\"text-align: justify;\"><a href=\"#_ftnref2\" name=\"_ftn2\">[2]<\/a> Para mantener los pies en la tierra, no se puede dejar de se\u00f1alar que la UNEF y la Union de Estudiantes Comunistas decidieron boicotear la ultima Coordinaci\u00f3n Nacional Estudiante que se reuni\u00f3 el 9 y 10 de Abril en Nanterre, luego de perder las principales votaciones (portavoces electos y revocables del movimiento, realizaci\u00f3n de una Coordinadora Nacional cada fin de semana; a lo cual se opon\u00edan) en la CNE del 2 y 3 de Abril en Rennes. Como consecuencia, el numero de universidades representadas baj\u00f3 de 80 a 30 (all\u00ed donde la UNEF o la UEC son mayoritarios, no hubo elecci\u00f3n de delegados para la CNE), aunque la mayor\u00eda de las universidades movilizadas estuvieron representadas: todas las universidades de Paris, Lyon, Toulouse, Rennes, Strasbourg\u2026<\/p>\n<p style=\"text-align: justify;\"><a href=\"#_ftnref3\" name=\"_ftn3\">[3]<\/a> Se trata de un rol que, s\u00f3lo en parte y a partir de una pelea pol\u00edtica que a\u00fan no est\u00e1 ganada y que debemos profundizar, podr\u00eda empezar a ocupar el \u201cmovimiento de las plazas\u201d si se desarrolla en sentido progresivo). No podemos extendernos aqu\u00ed sobre el tema.<\/p>\n","protected":false},"excerpt":{"rendered":"<p>Movilizaciones masivas en Francia Luego del puntapi\u00e9 inicial del 9 de Marzo, que sacudi\u00f3 el escenario pol\u00edtico y social franc\u00e9s y puso en el centro de la escena la lucha contra la Ley El Khomri, hemos vivido un mes de contestaci\u00f3n y rechazo a la que a pesar de las dificultades contin\u00faa su curso e [&hellip;]<\/p>\n","protected":false},"author":8,"featured_media":7609,"comment_status":"closed","ping_status":"closed","sticky":false,"template":"","format":"standard","meta":{"footnotes":""},"categories":[1690,1665],"tags":[1146,1491,1382],"class_list":{"0":"post-7603","1":"post","2":"type-post","3":"status-publish","4":"format-standard","5":"has-post-thumbnail","7":"category-europa","8":"category-francia","9":"tag-ale-vinet","10":"tag-edicion-25","11":"tag-luz-n"},"yoast_head":"<!-- This site is optimized with the Yoast SEO plugin v27.5 - https:\/\/yoast.com\/product\/yoast-seo-wordpress\/ -->\n<title>Francia \u2013 La lucha contra la Ley El Khomri se desarrolla y se profundiza - Socialismo o Barbarie<\/title>\n<meta name=\"robots\" content=\"index, follow, max-snippet:-1, max-image-preview:large, max-video-preview:-1\" \/>\n<link rel=\"canonical\" href=\"https:\/\/www.socialismoobarbarie.org\/?p=7603\" \/>\n<meta property=\"og:locale\" content=\"es_ES\" \/>\n<meta property=\"og:type\" content=\"article\" \/>\n<meta property=\"og:title\" content=\"Francia \u2013 La lucha contra la Ley El Khomri se desarrolla y se profundiza - Socialismo o Barbarie\" \/>\n<meta property=\"og:description\" content=\"Movilizaciones masivas en Francia Luego del puntapi\u00e9 inicial del 9 de Marzo, que sacudi\u00f3 el escenario pol\u00edtico y social franc\u00e9s y puso en el centro de la escena la lucha contra la Ley El Khomri, hemos vivido un mes de contestaci\u00f3n y rechazo a la que a pesar de las dificultades contin\u00faa su curso e [&hellip;]\" \/>\n<meta property=\"og:url\" content=\"https:\/\/www.socialismoobarbarie.org\/?p=7603\" \/>\n<meta property=\"og:site_name\" content=\"Socialismo o Barbarie\" \/>\n<meta property=\"article:published_time\" content=\"2016-04-14T22:28:26+00:00\" \/>\n<meta property=\"article:modified_time\" content=\"2019-11-20T14:23:11+00:00\" \/>\n<meta property=\"og:image\" content=\"https:\/\/www.socialismoobarbarie.org\/wp-content\/uploads\/2016\/04\/DSC_0058-e1460673600901.jpg\" \/>\n\t<meta property=\"og:image:width\" content=\"700\" \/>\n\t<meta property=\"og:image:height\" content=\"394\" \/>\n\t<meta property=\"og:image:type\" content=\"image\/jpeg\" \/>\n<meta name=\"author\" content=\"SOB\" \/>\n<meta name=\"twitter:card\" content=\"summary_large_image\" \/>\n<meta name=\"twitter:label1\" content=\"Escrito por\" \/>\n\t<meta name=\"twitter:data1\" content=\"SOB\" \/>\n\t<meta name=\"twitter:label2\" content=\"Tiempo de lectura\" \/>\n\t<meta name=\"twitter:data2\" content=\"21 minutos\" \/>\n<script type=\"application\/ld+json\" class=\"yoast-schema-graph\">{\"@context\":\"https:\\\/\\\/schema.org\",\"@graph\":[{\"@type\":\"Article\",\"@id\":\"https:\\\/\\\/www.socialismoobarbarie.org\\\/?p=7603#article\",\"isPartOf\":{\"@id\":\"https:\\\/\\\/www.socialismoobarbarie.org\\\/?p=7603\"},\"author\":{\"name\":\"SOB\",\"@id\":\"https:\\\/\\\/www.socialismoobarbarie.org\\\/#\\\/schema\\\/person\\\/bc1c3b321d47ed092405949c77e35a8e\"},\"headline\":\"Francia \u2013 La lucha contra la Ley El Khomri se desarrolla y se profundiza\",\"datePublished\":\"2016-04-14T22:28:26+00:00\",\"dateModified\":\"2019-11-20T14:23:11+00:00\",\"mainEntityOfPage\":{\"@id\":\"https:\\\/\\\/www.socialismoobarbarie.org\\\/?p=7603\"},\"wordCount\":4155,\"publisher\":{\"@id\":\"https:\\\/\\\/www.socialismoobarbarie.org\\\/#organization\"},\"image\":{\"@id\":\"https:\\\/\\\/www.socialismoobarbarie.org\\\/?p=7603#primaryimage\"},\"thumbnailUrl\":\"https:\\\/\\\/www.socialismoobarbarie.org\\\/wp-content\\\/uploads\\\/2016\\\/04\\\/DSC_0058-e1460673600901.jpg\",\"keywords\":[\"Ale Vinet\",\"Edicion 25\",\"Luz N.\"],\"articleSection\":[\"Europa\",\"Francia\"],\"inLanguage\":\"es\"},{\"@type\":\"WebPage\",\"@id\":\"https:\\\/\\\/www.socialismoobarbarie.org\\\/?p=7603\",\"url\":\"https:\\\/\\\/www.socialismoobarbarie.org\\\/?p=7603\",\"name\":\"Francia \u2013 La lucha contra la Ley El Khomri se desarrolla y se profundiza - Socialismo o Barbarie\",\"isPartOf\":{\"@id\":\"https:\\\/\\\/www.socialismoobarbarie.org\\\/#website\"},\"primaryImageOfPage\":{\"@id\":\"https:\\\/\\\/www.socialismoobarbarie.org\\\/?p=7603#primaryimage\"},\"image\":{\"@id\":\"https:\\\/\\\/www.socialismoobarbarie.org\\\/?p=7603#primaryimage\"},\"thumbnailUrl\":\"https:\\\/\\\/www.socialismoobarbarie.org\\\/wp-content\\\/uploads\\\/2016\\\/04\\\/DSC_0058-e1460673600901.jpg\",\"datePublished\":\"2016-04-14T22:28:26+00:00\",\"dateModified\":\"2019-11-20T14:23:11+00:00\",\"breadcrumb\":{\"@id\":\"https:\\\/\\\/www.socialismoobarbarie.org\\\/?p=7603#breadcrumb\"},\"inLanguage\":\"es\",\"potentialAction\":[{\"@type\":\"ReadAction\",\"target\":[\"https:\\\/\\\/www.socialismoobarbarie.org\\\/?p=7603\"]}]},{\"@type\":\"ImageObject\",\"inLanguage\":\"es\",\"@id\":\"https:\\\/\\\/www.socialismoobarbarie.org\\\/?p=7603#primaryimage\",\"url\":\"https:\\\/\\\/www.socialismoobarbarie.org\\\/wp-content\\\/uploads\\\/2016\\\/04\\\/DSC_0058-e1460673600901.jpg\",\"contentUrl\":\"https:\\\/\\\/www.socialismoobarbarie.org\\\/wp-content\\\/uploads\\\/2016\\\/04\\\/DSC_0058-e1460673600901.jpg\",\"width\":700,\"height\":394},{\"@type\":\"BreadcrumbList\",\"@id\":\"https:\\\/\\\/www.socialismoobarbarie.org\\\/?p=7603#breadcrumb\",\"itemListElement\":[{\"@type\":\"ListItem\",\"position\":1,\"name\":\"Portada\",\"item\":\"https:\\\/\\\/www.socialismoobarbarie.org\\\/\"},{\"@type\":\"ListItem\",\"position\":2,\"name\":\"Francia \u2013 La lucha contra la Ley El Khomri se desarrolla y se profundiza\"}]},{\"@type\":\"WebSite\",\"@id\":\"https:\\\/\\\/www.socialismoobarbarie.org\\\/#website\",\"url\":\"https:\\\/\\\/www.socialismoobarbarie.org\\\/\",\"name\":\"Socialismo o Barbarie\",\"description\":\"Sitio web de la corriente internacional Socialismo o Barbarie\",\"publisher\":{\"@id\":\"https:\\\/\\\/www.socialismoobarbarie.org\\\/#organization\"},\"potentialAction\":[{\"@type\":\"SearchAction\",\"target\":{\"@type\":\"EntryPoint\",\"urlTemplate\":\"https:\\\/\\\/www.socialismoobarbarie.org\\\/?s={search_term_string}\"},\"query-input\":{\"@type\":\"PropertyValueSpecification\",\"valueRequired\":true,\"valueName\":\"search_term_string\"}}],\"inLanguage\":\"es\"},{\"@type\":\"Organization\",\"@id\":\"https:\\\/\\\/www.socialismoobarbarie.org\\\/#organization\",\"name\":\"Socialismo o Barbarie\",\"url\":\"https:\\\/\\\/www.socialismoobarbarie.org\\\/\",\"logo\":{\"@type\":\"ImageObject\",\"inLanguage\":\"es\",\"@id\":\"https:\\\/\\\/www.socialismoobarbarie.org\\\/#\\\/schema\\\/logo\\\/image\\\/\",\"url\":\"https:\\\/\\\/www.socialismoobarbarie.org\\\/wp-content\\\/uploads\\\/2025\\\/02\\\/soblogoweb-2025.png\",\"contentUrl\":\"https:\\\/\\\/www.socialismoobarbarie.org\\\/wp-content\\\/uploads\\\/2025\\\/02\\\/soblogoweb-2025.png\",\"width\":450,\"height\":161,\"caption\":\"Socialismo o Barbarie\"},\"image\":{\"@id\":\"https:\\\/\\\/www.socialismoobarbarie.org\\\/#\\\/schema\\\/logo\\\/image\\\/\"}},{\"@type\":\"Person\",\"@id\":\"https:\\\/\\\/www.socialismoobarbarie.org\\\/#\\\/schema\\\/person\\\/bc1c3b321d47ed092405949c77e35a8e\",\"name\":\"SOB\",\"url\":\"https:\\\/\\\/www.socialismoobarbarie.org\\\/?author=8\"}]}<\/script>\n<!-- \/ Yoast SEO plugin. -->","yoast_head_json":{"title":"Francia \u2013 La lucha contra la Ley El Khomri se desarrolla y se profundiza - Socialismo o Barbarie","robots":{"index":"index","follow":"follow","max-snippet":"max-snippet:-1","max-image-preview":"max-image-preview:large","max-video-preview":"max-video-preview:-1"},"canonical":"https:\/\/www.socialismoobarbarie.org\/?p=7603","og_locale":"es_ES","og_type":"article","og_title":"Francia \u2013 La lucha contra la Ley El Khomri se desarrolla y se profundiza - Socialismo o Barbarie","og_description":"Movilizaciones masivas en Francia Luego del puntapi\u00e9 inicial del 9 de Marzo, que sacudi\u00f3 el escenario pol\u00edtico y social franc\u00e9s y puso en el centro de la escena la lucha contra la Ley El Khomri, hemos vivido un mes de contestaci\u00f3n y rechazo a la que a pesar de las dificultades contin\u00faa su curso e [&hellip;]","og_url":"https:\/\/www.socialismoobarbarie.org\/?p=7603","og_site_name":"Socialismo o Barbarie","article_published_time":"2016-04-14T22:28:26+00:00","article_modified_time":"2019-11-20T14:23:11+00:00","og_image":[{"width":700,"height":394,"url":"https:\/\/www.socialismoobarbarie.org\/wp-content\/uploads\/2016\/04\/DSC_0058-e1460673600901.jpg","type":"image\/jpeg"}],"author":"SOB","twitter_card":"summary_large_image","twitter_misc":{"Escrito por":"SOB","Tiempo de lectura":"21 minutos"},"schema":{"@context":"https:\/\/schema.org","@graph":[{"@type":"Article","@id":"https:\/\/www.socialismoobarbarie.org\/?p=7603#article","isPartOf":{"@id":"https:\/\/www.socialismoobarbarie.org\/?p=7603"},"author":{"name":"SOB","@id":"https:\/\/www.socialismoobarbarie.org\/#\/schema\/person\/bc1c3b321d47ed092405949c77e35a8e"},"headline":"Francia \u2013 La lucha contra la Ley El Khomri se desarrolla y se profundiza","datePublished":"2016-04-14T22:28:26+00:00","dateModified":"2019-11-20T14:23:11+00:00","mainEntityOfPage":{"@id":"https:\/\/www.socialismoobarbarie.org\/?p=7603"},"wordCount":4155,"publisher":{"@id":"https:\/\/www.socialismoobarbarie.org\/#organization"},"image":{"@id":"https:\/\/www.socialismoobarbarie.org\/?p=7603#primaryimage"},"thumbnailUrl":"https:\/\/www.socialismoobarbarie.org\/wp-content\/uploads\/2016\/04\/DSC_0058-e1460673600901.jpg","keywords":["Ale Vinet","Edicion 25","Luz N."],"articleSection":["Europa","Francia"],"inLanguage":"es"},{"@type":"WebPage","@id":"https:\/\/www.socialismoobarbarie.org\/?p=7603","url":"https:\/\/www.socialismoobarbarie.org\/?p=7603","name":"Francia \u2013 La lucha contra la Ley El Khomri se desarrolla y se profundiza - Socialismo o Barbarie","isPartOf":{"@id":"https:\/\/www.socialismoobarbarie.org\/#website"},"primaryImageOfPage":{"@id":"https:\/\/www.socialismoobarbarie.org\/?p=7603#primaryimage"},"image":{"@id":"https:\/\/www.socialismoobarbarie.org\/?p=7603#primaryimage"},"thumbnailUrl":"https:\/\/www.socialismoobarbarie.org\/wp-content\/uploads\/2016\/04\/DSC_0058-e1460673600901.jpg","datePublished":"2016-04-14T22:28:26+00:00","dateModified":"2019-11-20T14:23:11+00:00","breadcrumb":{"@id":"https:\/\/www.socialismoobarbarie.org\/?p=7603#breadcrumb"},"inLanguage":"es","potentialAction":[{"@type":"ReadAction","target":["https:\/\/www.socialismoobarbarie.org\/?p=7603"]}]},{"@type":"ImageObject","inLanguage":"es","@id":"https:\/\/www.socialismoobarbarie.org\/?p=7603#primaryimage","url":"https:\/\/www.socialismoobarbarie.org\/wp-content\/uploads\/2016\/04\/DSC_0058-e1460673600901.jpg","contentUrl":"https:\/\/www.socialismoobarbarie.org\/wp-content\/uploads\/2016\/04\/DSC_0058-e1460673600901.jpg","width":700,"height":394},{"@type":"BreadcrumbList","@id":"https:\/\/www.socialismoobarbarie.org\/?p=7603#breadcrumb","itemListElement":[{"@type":"ListItem","position":1,"name":"Portada","item":"https:\/\/www.socialismoobarbarie.org\/"},{"@type":"ListItem","position":2,"name":"Francia \u2013 La lucha contra la Ley El Khomri se desarrolla y se profundiza"}]},{"@type":"WebSite","@id":"https:\/\/www.socialismoobarbarie.org\/#website","url":"https:\/\/www.socialismoobarbarie.org\/","name":"Socialismo o Barbarie","description":"Sitio web de la corriente internacional Socialismo o Barbarie","publisher":{"@id":"https:\/\/www.socialismoobarbarie.org\/#organization"},"potentialAction":[{"@type":"SearchAction","target":{"@type":"EntryPoint","urlTemplate":"https:\/\/www.socialismoobarbarie.org\/?s={search_term_string}"},"query-input":{"@type":"PropertyValueSpecification","valueRequired":true,"valueName":"search_term_string"}}],"inLanguage":"es"},{"@type":"Organization","@id":"https:\/\/www.socialismoobarbarie.org\/#organization","name":"Socialismo o Barbarie","url":"https:\/\/www.socialismoobarbarie.org\/","logo":{"@type":"ImageObject","inLanguage":"es","@id":"https:\/\/www.socialismoobarbarie.org\/#\/schema\/logo\/image\/","url":"https:\/\/www.socialismoobarbarie.org\/wp-content\/uploads\/2025\/02\/soblogoweb-2025.png","contentUrl":"https:\/\/www.socialismoobarbarie.org\/wp-content\/uploads\/2025\/02\/soblogoweb-2025.png","width":450,"height":161,"caption":"Socialismo o Barbarie"},"image":{"@id":"https:\/\/www.socialismoobarbarie.org\/#\/schema\/logo\/image\/"}},{"@type":"Person","@id":"https:\/\/www.socialismoobarbarie.org\/#\/schema\/person\/bc1c3b321d47ed092405949c77e35a8e","name":"SOB","url":"https:\/\/www.socialismoobarbarie.org\/?author=8"}]}},"_links":{"self":[{"href":"https:\/\/www.socialismoobarbarie.org\/index.php?rest_route=\/wp\/v2\/posts\/7603","targetHints":{"allow":["GET"]}}],"collection":[{"href":"https:\/\/www.socialismoobarbarie.org\/index.php?rest_route=\/wp\/v2\/posts"}],"about":[{"href":"https:\/\/www.socialismoobarbarie.org\/index.php?rest_route=\/wp\/v2\/types\/post"}],"author":[{"embeddable":true,"href":"https:\/\/www.socialismoobarbarie.org\/index.php?rest_route=\/wp\/v2\/users\/8"}],"replies":[{"embeddable":true,"href":"https:\/\/www.socialismoobarbarie.org\/index.php?rest_route=%2Fwp%2Fv2%2Fcomments&post=7603"}],"version-history":[{"count":1,"href":"https:\/\/www.socialismoobarbarie.org\/index.php?rest_route=\/wp\/v2\/posts\/7603\/revisions"}],"predecessor-version":[{"id":7605,"href":"https:\/\/www.socialismoobarbarie.org\/index.php?rest_route=\/wp\/v2\/posts\/7603\/revisions\/7605"}],"wp:featuredmedia":[{"embeddable":true,"href":"https:\/\/www.socialismoobarbarie.org\/index.php?rest_route=\/wp\/v2\/media\/7609"}],"wp:attachment":[{"href":"https:\/\/www.socialismoobarbarie.org\/index.php?rest_route=%2Fwp%2Fv2%2Fmedia&parent=7603"}],"wp:term":[{"taxonomy":"category","embeddable":true,"href":"https:\/\/www.socialismoobarbarie.org\/index.php?rest_route=%2Fwp%2Fv2%2Fcategories&post=7603"},{"taxonomy":"post_tag","embeddable":true,"href":"https:\/\/www.socialismoobarbarie.org\/index.php?rest_route=%2Fwp%2Fv2%2Ftags&post=7603"}],"curies":[{"name":"wp","href":"https:\/\/api.w.org\/{rel}","templated":true}]}}