{"id":7722,"date":"2016-04-30T17:53:13","date_gmt":"2016-04-30T20:53:13","guid":{"rendered":"https:\/\/www.socialismoobarbarie.org\/?p=7722"},"modified":"2016-04-30T17:53:13","modified_gmt":"2016-04-30T20:53:13","slug":"victoire-de-la-gauche-dans-les-elections-de-luniversite-de-sao-paulo","status":"publish","type":"post","link":"https:\/\/www.socialismoobarbarie.org\/?p=7722","title":{"rendered":"Victoire de la gauche dans les \u00e9lections de l\u2019Universit\u00e9 de Sao Paulo"},"content":{"rendered":"<p style=\"text-align: justify;\">Hier ont \u00e9t\u00e9 annonc\u00e9s les r\u00e9sultats des \u00e9lections au Directoire Central d&#8217;\u00e9tudiants de l&#8217;universit\u00e9 de Sao Paulo, remport\u00e9es par la liste \u00ab\u00a0Faire le Printemps\u00a0\u00bb avec 3398 voix. Le r\u00e9sultat est significatif car il faut le rapporter \u00e0 une population totale de 7841 voix, tr\u00e8s au-dessus de la deuxi\u00e8me place, de la liste \u00ab\u00a0USPInova\u00a0\u00bb (int\u00e9gr\u00e9e par des \u00e9tudiants du PSDB, parti de droite), qui a obtenu 1592 voix.<\/p>\n<p style=\"text-align: justify;\">Cette \u00e9lection a eu lieu dans une situation pas du tout facile pour les \u00e9tudiants et les travailleurs. Au niveau national nous assistons \u00e0 une offensive r\u00e9actionnaire \u00e0 travers l\u2019impeachment qui cherche \u00e0 m&#8217;\u00eatre en place un gouvernement n\u00e9olib\u00e9ral \u00ab\u00a0pure sang\u00a0\u00bb dans la perspective d&#8217;imposer des attaques encore plus profondes contre les travailleurs. Le milieu universitaire n&#8217;est pas \u00e9tranger \u00e0 cette situation : nous vivons aussi une offensive r\u00e9actionnaire qui vise \u00e0 cr\u00e9er des conditions de pr\u00e9carisation et de privatisation de l&#8217;universit\u00e9.<\/p>\n<p style=\"text-align: justify;\">Dans ce contexte, le Conseil de Centres Acad\u00e9miques (qui regroupe les \u00ab\u00a0Syndicats \u00e9tudiants\u00a0\u00bb des diff\u00e9rentes fili\u00e8res, NdT) a vot\u00e9 un calendrier \u00e9lectoral pas du tout favorable au d\u00e9bat, car \u00e0 la fin de la p\u00e9riode d&#8217;inscription des listes il n&#8217;y avait qu&#8217;une semaine pour la campagne, ce qui a clairement nuit \u00e0 la pr\u00e9sentation et \u00e0 la discussion des projets des diff\u00e9rentes listes. Mais le plus grave de cette \u00e9lection a \u00e9t\u00e9 la fragmentation de la gauche socialiste qui s&#8217;est pr\u00e9sent\u00e9e divis\u00e9e en quatre listes (\u00ab\u00a0Faire le Printemps\u00a0\u00bb, \u00ab\u00a0Changement de sens\u00a0\u00bb, \u00ab\u00a0Mon chant de guerre\u00a0\u00bb et \u00ab\u00a0Nouvel Juin\u00a0\u00bb)<\/p>\n<p style=\"text-align: justify;\">Cette fragmentation s&#8217;est produite principalement pour deux raisons. La premi\u00e8re erreur a \u00e9t\u00e9 commise par le PSTU (Parti Socialiste des Travailleurs Unifi\u00e9) qui a rompu avec l&#8217;alliance de laquelle elle faisait partie depuis des ann\u00e9es et a lanc\u00e9 la liste \u00ab\u00a0Changement de Sens\u00a0\u00bb dans le contexte d&#8217;une offensive de la droite. Cette posture rupturiste et sectaire du PSTU dans l&#8217;universit\u00e9 n&#8217;est pas une surprise : elle fait partie d&#8217;une ligne nationale qui ne voit pas que dans la situation actuelle nous avons besoin de la plus large unit\u00e9 de la gauche socialiste dans la lutte et dans les \u00e9lections afin cr\u00e9er un p\u00f4le d&#8217;ind\u00e9pendance de classe.<\/p>\n<p style=\"text-align: justify;\">Comme cons\u00e9quence de ce sectarisme, le r\u00e9sultat \u00e9lectoral du PSTU a \u00e9t\u00e9 d\u00e9sastreux. \u00c9tant la deuxi\u00e8me force politique du mouvement \u00e9tudiant dans l&#8217;universit\u00e9 de Sao Paulo il a obtenu 650 voix sur 7841, ce qui constitue sans doute une d\u00e9faite politique, et exprime le rejet raisonnable ses activit\u00e9s de l&#8217;universit\u00e9 de cette politique sectaire \u00e0 l&#8217;int\u00e9rieur et \u00e0 l&#8217;ext\u00e9rieur de l&#8217;universit\u00e9.<\/p>\n<p style=\"text-align: justify;\">L&#8217;autre erreur qui a favoris\u00e9 la fragmentation a \u00e9t\u00e9 commise par la liste Faire le Printemps car bien qu\u2019elle a remport\u00e9 les \u00e9lections, elle a refus\u00e9 d&#8217;ouvrir un processus plus large d&#8217;incorporation de toutes les forces politiques de la gauche socialiste, repr\u00e9sent\u00e9es par la liste Nouvel Juin et par d&#8217;autres. Cette posture doit \u00eatre corrig\u00e9e sans la prochaine p\u00e9riode, car dans ce sc\u00e9nario d\u2019offensive r\u00e9actionnaire il faut construire l&#8217;unit\u00e9 de la gauche pour faire face aux attaques en cours.<\/p>\n<h3 style=\"text-align: justify;\"><strong>La victoire politique de la liste Nouvel Juin<\/strong><\/h3>\n<p style=\"text-align: justify;\">La liste Nouvel Juin<a href=\"#_ftn1\" name=\"_ftnref1\">[1]<\/a> (int\u00e9gr\u00e9e par des \u00e9tudiants non organis\u00e9s de diff\u00e9rentes fili\u00e8res et par des \u00e9tudiants de Socialisme ou Barbarie) a obtenu 144 voix. C&#8217;est un r\u00e9sultat tes important pour un d\u00e9but dans la dispute \u00e9lectorale du DCE, car nous avions en face des forces de gauche qui sont implant\u00e9es dans l&#8217;universit\u00e9 depuis des d\u00e9cennies.<\/p>\n<p style=\"text-align: justify;\">La liste Nouvel Juin, qui int\u00e8gre plusieurs \u00e9tudiants de l&#8217;IGC (Institut de G\u00e9osciences) est une force qui a contribu\u00e9 de mani\u00e8re significative au processus de politisation de cet institut. Dans l&#8217;\u00e9lection pour le DCE de l&#8217;ann\u00e9e derni\u00e8re, o\u00f9 nous n&#8217;avions pas pr\u00e9sent\u00e9 de liste, il n&#8217;y a eu que 32 voyants au total pour les \u00e9lections : dans l&#8217;\u00e9lection de cette ann\u00e9e, avec notre contribution, il y a eu 138 votants.<\/p>\n<p style=\"text-align: justify;\">Mais il ne s&#8217;agit pas d&#8217;une simple croissance de la participation \u00e9lectorale mais sans aucun contenu politique : au contraire, dans l&#8217;IGC la liste Nouvel Juin a obtenu 108 voix, Faire le Printemps 21 voix et USPInova \u00e0 peine 1 voix. Ce que l\u2019on observe c\u2019est un claire virage \u00e0 gauche dans l\u2019Institut comme r\u00e9sultat d\u2019un processus qui combine des difficult\u00e9s mat\u00e9rielles croissantes avec une r\u00e9flexion politique \u2013\u00e0 laquelle Nouvel Juin a contribu\u00e9 de mani\u00e8re importante- qui avance dans le sens qu\u2019une issue favorable pour l\u2019Institut et pour l\u2019universit\u00e9 n\u2019est possible qu\u2019\u00e0 partir de la lutte.<\/p>\n<p style=\"text-align: justify;\">La liste Nouvel Juin est sortie renforc\u00e9e de cette \u00e9lection, avec un r\u00e9sultat qui la place devant diverses forces politiques bien plus implant\u00e9es dans l&#8217;universit\u00e9. Cette victoire politique dans notre premi\u00e8re \u00e9lection a \u00e9t\u00e9 possible car nous avons \u00e9t\u00e9 la seule liste qui a men\u00e9 (et qui continuera \u00e0 mener) une bataille pour l&#8217;unification de la gauche socialiste dans la lutte et dans les \u00e9lections, une politique que de plus en plus d&#8217;\u00e9tudiants consid\u00e8rent n\u00e9cessaire pour faire face \u00e0 l&#8217;offensive r\u00e9actionnaire \u00e0 l&#8217;int\u00e9rieur et \u00e0 l&#8217;ext\u00e9rieur de l&#8217;universit\u00e9.<\/p>\n<p style=\"text-align: justify;\">En plus, nous sommes implant\u00e9es de mani\u00e8re structurelle et nous avons contribu\u00e9 de mani\u00e8re effective aux processus de politisation de fili\u00e8res qui avaient d\u00e9j\u00e0 eu une participation importante dans le mouvement \u00e9tudiant mais qui \u00e9taient \u00ab\u00a0livr\u00e9es \u00e0 leur propre sorte\u00a0\u00bb dans la derni\u00e8re p\u00e9riode. Cette implantation nous a permis de construire quotidiennement avec les \u00e9tudiants un rapport de confiance politique qui a donn\u00e9 lieu au score de Nouvel Juin de pr\u00e8s de 80% dans l\u2019IGC.<\/p>\n<p style=\"text-align: justify;\">Ayant compris la n\u00e9cessit\u00e9 fondamentale de l&#8217;actuel moment politique -l&#8217;unit\u00e9 de la gauche- et \u00e9tant organiquement li\u00e9s aux luttes imm\u00e9diates des bases, nous pourrons avancer dans le processus d&#8217;implantation dans d&#8217;autres fili\u00e8res, dans les activit\u00e9s \u00e0 l&#8217;int\u00e9rieur de L&#8217;IGC et dans le mouvement \u00e9tudiant dans son ensemble. Nous f\u00e9licitons ceux qui ont su capter l&#8217;esprit de leur temps et le mettre en pratique \u00e0 travers la pr\u00e9paration, la pr\u00e9sentation\u00a0 et la d\u00e9fense de la liste Nouvel Juin pour le DCE. De nouvelles luttes et de nouvelles victoires viendront !<\/p>\n<p style=\"text-align: justify;\">___________________________<\/p>\n<p style=\"text-align: justify;\"><a href=\"#_ftnref1\" name=\"_ftn1\">[1]<\/a> En Juin 2013, un \u00e9norme processus de lutte impuls\u00e9 notamment par la jeunesse a d\u00e9marr\u00e9 contre la hausse des prix des transports. Cette lutte a donn\u00e9 lieu \u00e0 une victoire et a \u00e9t\u00e9 le point de d\u00e9part d\u2019un processus de politisation et d\u2019organisation de secteurs importants de la jeunesse.<\/p>\n","protected":false},"excerpt":{"rendered":"<p>Hier ont \u00e9t\u00e9 annonc\u00e9s les r\u00e9sultats des \u00e9lections au Directoire Central d&#8217;\u00e9tudiants de l&#8217;universit\u00e9 de Sao Paulo, remport\u00e9es par la liste \u00ab\u00a0Faire le Printemps\u00a0\u00bb avec 3398 voix. Le r\u00e9sultat est significatif car il faut le rapporter \u00e0 une population totale de 7841 voix, tr\u00e8s au-dessus de la deuxi\u00e8me place, de la liste \u00ab\u00a0USPInova\u00a0\u00bb (int\u00e9gr\u00e9e par [&hellip;]<\/p>\n","protected":false},"author":8,"featured_media":7723,"comment_status":"closed","ping_status":"closed","sticky":false,"template":"","format":"standard","meta":{"footnotes":""},"categories":[467],"tags":[],"class_list":{"0":"post-7722","1":"post","2":"type-post","3":"status-publish","4":"format-standard","5":"has-post-thumbnail","7":"category-french"},"yoast_head":"<!-- This site is optimized with the Yoast SEO plugin v27.5 - https:\/\/yoast.com\/product\/yoast-seo-wordpress\/ -->\n<title>Victoire de la gauche dans les \u00e9lections de l\u2019Universit\u00e9 de Sao Paulo - Socialismo o Barbarie<\/title>\n<meta name=\"robots\" content=\"index, follow, max-snippet:-1, max-image-preview:large, max-video-preview:-1\" \/>\n<link rel=\"canonical\" href=\"https:\/\/www.socialismoobarbarie.org\/?p=7722\" \/>\n<meta property=\"og:locale\" content=\"es_ES\" \/>\n<meta property=\"og:type\" content=\"article\" \/>\n<meta property=\"og:title\" content=\"Victoire de la gauche dans les \u00e9lections de l\u2019Universit\u00e9 de Sao Paulo - Socialismo o Barbarie\" \/>\n<meta property=\"og:description\" content=\"Hier ont \u00e9t\u00e9 annonc\u00e9s les r\u00e9sultats des \u00e9lections au Directoire Central d&#8217;\u00e9tudiants de l&#8217;universit\u00e9 de Sao Paulo, remport\u00e9es par la liste \u00ab\u00a0Faire le Printemps\u00a0\u00bb avec 3398 voix. Le r\u00e9sultat est significatif car il faut le rapporter \u00e0 une population totale de 7841 voix, tr\u00e8s au-dessus de la deuxi\u00e8me place, de la liste \u00ab\u00a0USPInova\u00a0\u00bb (int\u00e9gr\u00e9e par [&hellip;]\" \/>\n<meta property=\"og:url\" content=\"https:\/\/www.socialismoobarbarie.org\/?p=7722\" \/>\n<meta property=\"og:site_name\" content=\"Socialismo o Barbarie\" \/>\n<meta property=\"article:published_time\" content=\"2016-04-30T20:53:13+00:00\" \/>\n<meta property=\"og:image\" content=\"https:\/\/www.socialismoobarbarie.org\/wp-content\/uploads\/2016\/04\/160430-elecciones-de-la-Universidad-de-San-Pablo.jpg\" \/>\n\t<meta property=\"og:image:width\" content=\"700\" \/>\n\t<meta property=\"og:image:height\" content=\"382\" \/>\n\t<meta property=\"og:image:type\" content=\"image\/jpeg\" \/>\n<meta name=\"author\" content=\"SOB\" \/>\n<meta name=\"twitter:card\" content=\"summary_large_image\" \/>\n<meta name=\"twitter:label1\" content=\"Escrito por\" \/>\n\t<meta name=\"twitter:data1\" content=\"SOB\" \/>\n\t<meta name=\"twitter:label2\" content=\"Tiempo de lectura\" \/>\n\t<meta name=\"twitter:data2\" content=\"5 minutos\" \/>\n<script type=\"application\/ld+json\" class=\"yoast-schema-graph\">{\"@context\":\"https:\\\/\\\/schema.org\",\"@graph\":[{\"@type\":\"Article\",\"@id\":\"https:\\\/\\\/www.socialismoobarbarie.org\\\/?p=7722#article\",\"isPartOf\":{\"@id\":\"https:\\\/\\\/www.socialismoobarbarie.org\\\/?p=7722\"},\"author\":{\"name\":\"SOB\",\"@id\":\"https:\\\/\\\/www.socialismoobarbarie.org\\\/#\\\/schema\\\/person\\\/bc1c3b321d47ed092405949c77e35a8e\"},\"headline\":\"Victoire de la gauche dans les \u00e9lections de l\u2019Universit\u00e9 de Sao Paulo\",\"datePublished\":\"2016-04-30T20:53:13+00:00\",\"mainEntityOfPage\":{\"@id\":\"https:\\\/\\\/www.socialismoobarbarie.org\\\/?p=7722\"},\"wordCount\":1158,\"publisher\":{\"@id\":\"https:\\\/\\\/www.socialismoobarbarie.org\\\/#organization\"},\"image\":{\"@id\":\"https:\\\/\\\/www.socialismoobarbarie.org\\\/?p=7722#primaryimage\"},\"thumbnailUrl\":\"https:\\\/\\\/www.socialismoobarbarie.org\\\/wp-content\\\/uploads\\\/2016\\\/04\\\/160430-elecciones-de-la-Universidad-de-San-Pablo.jpg\",\"articleSection\":[\"Fran\u00e7ais\"],\"inLanguage\":\"es\"},{\"@type\":\"WebPage\",\"@id\":\"https:\\\/\\\/www.socialismoobarbarie.org\\\/?p=7722\",\"url\":\"https:\\\/\\\/www.socialismoobarbarie.org\\\/?p=7722\",\"name\":\"Victoire de la gauche dans les \u00e9lections de l\u2019Universit\u00e9 de Sao Paulo - Socialismo o Barbarie\",\"isPartOf\":{\"@id\":\"https:\\\/\\\/www.socialismoobarbarie.org\\\/#website\"},\"primaryImageOfPage\":{\"@id\":\"https:\\\/\\\/www.socialismoobarbarie.org\\\/?p=7722#primaryimage\"},\"image\":{\"@id\":\"https:\\\/\\\/www.socialismoobarbarie.org\\\/?p=7722#primaryimage\"},\"thumbnailUrl\":\"https:\\\/\\\/www.socialismoobarbarie.org\\\/wp-content\\\/uploads\\\/2016\\\/04\\\/160430-elecciones-de-la-Universidad-de-San-Pablo.jpg\",\"datePublished\":\"2016-04-30T20:53:13+00:00\",\"breadcrumb\":{\"@id\":\"https:\\\/\\\/www.socialismoobarbarie.org\\\/?p=7722#breadcrumb\"},\"inLanguage\":\"es\",\"potentialAction\":[{\"@type\":\"ReadAction\",\"target\":[\"https:\\\/\\\/www.socialismoobarbarie.org\\\/?p=7722\"]}]},{\"@type\":\"ImageObject\",\"inLanguage\":\"es\",\"@id\":\"https:\\\/\\\/www.socialismoobarbarie.org\\\/?p=7722#primaryimage\",\"url\":\"https:\\\/\\\/www.socialismoobarbarie.org\\\/wp-content\\\/uploads\\\/2016\\\/04\\\/160430-elecciones-de-la-Universidad-de-San-Pablo.jpg\",\"contentUrl\":\"https:\\\/\\\/www.socialismoobarbarie.org\\\/wp-content\\\/uploads\\\/2016\\\/04\\\/160430-elecciones-de-la-Universidad-de-San-Pablo.jpg\",\"width\":700,\"height\":382},{\"@type\":\"BreadcrumbList\",\"@id\":\"https:\\\/\\\/www.socialismoobarbarie.org\\\/?p=7722#breadcrumb\",\"itemListElement\":[{\"@type\":\"ListItem\",\"position\":1,\"name\":\"Portada\",\"item\":\"https:\\\/\\\/www.socialismoobarbarie.org\\\/\"},{\"@type\":\"ListItem\",\"position\":2,\"name\":\"Victoire de la gauche dans les \u00e9lections de l\u2019Universit\u00e9 de Sao Paulo\"}]},{\"@type\":\"WebSite\",\"@id\":\"https:\\\/\\\/www.socialismoobarbarie.org\\\/#website\",\"url\":\"https:\\\/\\\/www.socialismoobarbarie.org\\\/\",\"name\":\"Socialismo o Barbarie\",\"description\":\"Sitio web de la corriente internacional Socialismo o Barbarie\",\"publisher\":{\"@id\":\"https:\\\/\\\/www.socialismoobarbarie.org\\\/#organization\"},\"potentialAction\":[{\"@type\":\"SearchAction\",\"target\":{\"@type\":\"EntryPoint\",\"urlTemplate\":\"https:\\\/\\\/www.socialismoobarbarie.org\\\/?s={search_term_string}\"},\"query-input\":{\"@type\":\"PropertyValueSpecification\",\"valueRequired\":true,\"valueName\":\"search_term_string\"}}],\"inLanguage\":\"es\"},{\"@type\":\"Organization\",\"@id\":\"https:\\\/\\\/www.socialismoobarbarie.org\\\/#organization\",\"name\":\"Socialismo o Barbarie\",\"url\":\"https:\\\/\\\/www.socialismoobarbarie.org\\\/\",\"logo\":{\"@type\":\"ImageObject\",\"inLanguage\":\"es\",\"@id\":\"https:\\\/\\\/www.socialismoobarbarie.org\\\/#\\\/schema\\\/logo\\\/image\\\/\",\"url\":\"https:\\\/\\\/www.socialismoobarbarie.org\\\/wp-content\\\/uploads\\\/2025\\\/02\\\/soblogoweb-2025.png\",\"contentUrl\":\"https:\\\/\\\/www.socialismoobarbarie.org\\\/wp-content\\\/uploads\\\/2025\\\/02\\\/soblogoweb-2025.png\",\"width\":450,\"height\":161,\"caption\":\"Socialismo o Barbarie\"},\"image\":{\"@id\":\"https:\\\/\\\/www.socialismoobarbarie.org\\\/#\\\/schema\\\/logo\\\/image\\\/\"}},{\"@type\":\"Person\",\"@id\":\"https:\\\/\\\/www.socialismoobarbarie.org\\\/#\\\/schema\\\/person\\\/bc1c3b321d47ed092405949c77e35a8e\",\"name\":\"SOB\",\"url\":\"https:\\\/\\\/www.socialismoobarbarie.org\\\/?author=8\"}]}<\/script>\n<!-- \/ Yoast SEO plugin. -->","yoast_head_json":{"title":"Victoire de la gauche dans les \u00e9lections de l\u2019Universit\u00e9 de Sao Paulo - Socialismo o Barbarie","robots":{"index":"index","follow":"follow","max-snippet":"max-snippet:-1","max-image-preview":"max-image-preview:large","max-video-preview":"max-video-preview:-1"},"canonical":"https:\/\/www.socialismoobarbarie.org\/?p=7722","og_locale":"es_ES","og_type":"article","og_title":"Victoire de la gauche dans les \u00e9lections de l\u2019Universit\u00e9 de Sao Paulo - Socialismo o Barbarie","og_description":"Hier ont \u00e9t\u00e9 annonc\u00e9s les r\u00e9sultats des \u00e9lections au Directoire Central d&#8217;\u00e9tudiants de l&#8217;universit\u00e9 de Sao Paulo, remport\u00e9es par la liste \u00ab\u00a0Faire le Printemps\u00a0\u00bb avec 3398 voix. Le r\u00e9sultat est significatif car il faut le rapporter \u00e0 une population totale de 7841 voix, tr\u00e8s au-dessus de la deuxi\u00e8me place, de la liste \u00ab\u00a0USPInova\u00a0\u00bb (int\u00e9gr\u00e9e par [&hellip;]","og_url":"https:\/\/www.socialismoobarbarie.org\/?p=7722","og_site_name":"Socialismo o Barbarie","article_published_time":"2016-04-30T20:53:13+00:00","og_image":[{"width":700,"height":382,"url":"https:\/\/www.socialismoobarbarie.org\/wp-content\/uploads\/2016\/04\/160430-elecciones-de-la-Universidad-de-San-Pablo.jpg","type":"image\/jpeg"}],"author":"SOB","twitter_card":"summary_large_image","twitter_misc":{"Escrito por":"SOB","Tiempo de lectura":"5 minutos"},"schema":{"@context":"https:\/\/schema.org","@graph":[{"@type":"Article","@id":"https:\/\/www.socialismoobarbarie.org\/?p=7722#article","isPartOf":{"@id":"https:\/\/www.socialismoobarbarie.org\/?p=7722"},"author":{"name":"SOB","@id":"https:\/\/www.socialismoobarbarie.org\/#\/schema\/person\/bc1c3b321d47ed092405949c77e35a8e"},"headline":"Victoire de la gauche dans les \u00e9lections de l\u2019Universit\u00e9 de Sao Paulo","datePublished":"2016-04-30T20:53:13+00:00","mainEntityOfPage":{"@id":"https:\/\/www.socialismoobarbarie.org\/?p=7722"},"wordCount":1158,"publisher":{"@id":"https:\/\/www.socialismoobarbarie.org\/#organization"},"image":{"@id":"https:\/\/www.socialismoobarbarie.org\/?p=7722#primaryimage"},"thumbnailUrl":"https:\/\/www.socialismoobarbarie.org\/wp-content\/uploads\/2016\/04\/160430-elecciones-de-la-Universidad-de-San-Pablo.jpg","articleSection":["Fran\u00e7ais"],"inLanguage":"es"},{"@type":"WebPage","@id":"https:\/\/www.socialismoobarbarie.org\/?p=7722","url":"https:\/\/www.socialismoobarbarie.org\/?p=7722","name":"Victoire de la gauche dans les \u00e9lections de l\u2019Universit\u00e9 de Sao Paulo - Socialismo o Barbarie","isPartOf":{"@id":"https:\/\/www.socialismoobarbarie.org\/#website"},"primaryImageOfPage":{"@id":"https:\/\/www.socialismoobarbarie.org\/?p=7722#primaryimage"},"image":{"@id":"https:\/\/www.socialismoobarbarie.org\/?p=7722#primaryimage"},"thumbnailUrl":"https:\/\/www.socialismoobarbarie.org\/wp-content\/uploads\/2016\/04\/160430-elecciones-de-la-Universidad-de-San-Pablo.jpg","datePublished":"2016-04-30T20:53:13+00:00","breadcrumb":{"@id":"https:\/\/www.socialismoobarbarie.org\/?p=7722#breadcrumb"},"inLanguage":"es","potentialAction":[{"@type":"ReadAction","target":["https:\/\/www.socialismoobarbarie.org\/?p=7722"]}]},{"@type":"ImageObject","inLanguage":"es","@id":"https:\/\/www.socialismoobarbarie.org\/?p=7722#primaryimage","url":"https:\/\/www.socialismoobarbarie.org\/wp-content\/uploads\/2016\/04\/160430-elecciones-de-la-Universidad-de-San-Pablo.jpg","contentUrl":"https:\/\/www.socialismoobarbarie.org\/wp-content\/uploads\/2016\/04\/160430-elecciones-de-la-Universidad-de-San-Pablo.jpg","width":700,"height":382},{"@type":"BreadcrumbList","@id":"https:\/\/www.socialismoobarbarie.org\/?p=7722#breadcrumb","itemListElement":[{"@type":"ListItem","position":1,"name":"Portada","item":"https:\/\/www.socialismoobarbarie.org\/"},{"@type":"ListItem","position":2,"name":"Victoire de la gauche dans les \u00e9lections de l\u2019Universit\u00e9 de Sao Paulo"}]},{"@type":"WebSite","@id":"https:\/\/www.socialismoobarbarie.org\/#website","url":"https:\/\/www.socialismoobarbarie.org\/","name":"Socialismo o Barbarie","description":"Sitio web de la corriente internacional Socialismo o Barbarie","publisher":{"@id":"https:\/\/www.socialismoobarbarie.org\/#organization"},"potentialAction":[{"@type":"SearchAction","target":{"@type":"EntryPoint","urlTemplate":"https:\/\/www.socialismoobarbarie.org\/?s={search_term_string}"},"query-input":{"@type":"PropertyValueSpecification","valueRequired":true,"valueName":"search_term_string"}}],"inLanguage":"es"},{"@type":"Organization","@id":"https:\/\/www.socialismoobarbarie.org\/#organization","name":"Socialismo o Barbarie","url":"https:\/\/www.socialismoobarbarie.org\/","logo":{"@type":"ImageObject","inLanguage":"es","@id":"https:\/\/www.socialismoobarbarie.org\/#\/schema\/logo\/image\/","url":"https:\/\/www.socialismoobarbarie.org\/wp-content\/uploads\/2025\/02\/soblogoweb-2025.png","contentUrl":"https:\/\/www.socialismoobarbarie.org\/wp-content\/uploads\/2025\/02\/soblogoweb-2025.png","width":450,"height":161,"caption":"Socialismo o Barbarie"},"image":{"@id":"https:\/\/www.socialismoobarbarie.org\/#\/schema\/logo\/image\/"}},{"@type":"Person","@id":"https:\/\/www.socialismoobarbarie.org\/#\/schema\/person\/bc1c3b321d47ed092405949c77e35a8e","name":"SOB","url":"https:\/\/www.socialismoobarbarie.org\/?author=8"}]}},"_links":{"self":[{"href":"https:\/\/www.socialismoobarbarie.org\/index.php?rest_route=\/wp\/v2\/posts\/7722","targetHints":{"allow":["GET"]}}],"collection":[{"href":"https:\/\/www.socialismoobarbarie.org\/index.php?rest_route=\/wp\/v2\/posts"}],"about":[{"href":"https:\/\/www.socialismoobarbarie.org\/index.php?rest_route=\/wp\/v2\/types\/post"}],"author":[{"embeddable":true,"href":"https:\/\/www.socialismoobarbarie.org\/index.php?rest_route=\/wp\/v2\/users\/8"}],"replies":[{"embeddable":true,"href":"https:\/\/www.socialismoobarbarie.org\/index.php?rest_route=%2Fwp%2Fv2%2Fcomments&post=7722"}],"version-history":[{"count":1,"href":"https:\/\/www.socialismoobarbarie.org\/index.php?rest_route=\/wp\/v2\/posts\/7722\/revisions"}],"predecessor-version":[{"id":7724,"href":"https:\/\/www.socialismoobarbarie.org\/index.php?rest_route=\/wp\/v2\/posts\/7722\/revisions\/7724"}],"wp:featuredmedia":[{"embeddable":true,"href":"https:\/\/www.socialismoobarbarie.org\/index.php?rest_route=\/wp\/v2\/media\/7723"}],"wp:attachment":[{"href":"https:\/\/www.socialismoobarbarie.org\/index.php?rest_route=%2Fwp%2Fv2%2Fmedia&parent=7722"}],"wp:term":[{"taxonomy":"category","embeddable":true,"href":"https:\/\/www.socialismoobarbarie.org\/index.php?rest_route=%2Fwp%2Fv2%2Fcategories&post=7722"},{"taxonomy":"post_tag","embeddable":true,"href":"https:\/\/www.socialismoobarbarie.org\/index.php?rest_route=%2Fwp%2Fv2%2Ftags&post=7722"}],"curies":[{"name":"wp","href":"https:\/\/api.w.org\/{rel}","templated":true}]}}