{"id":8041,"date":"2016-06-17T00:25:51","date_gmt":"2016-06-17T03:25:51","guid":{"rendered":"https:\/\/www.socialismoobarbarie.org\/?p=8041"},"modified":"2019-11-20T11:23:11","modified_gmt":"2019-11-20T14:23:11","slug":"francia-que-perspectivas-para-la-movilizacion-contra-la-reforma-laboral","status":"publish","type":"post","link":"https:\/\/www.socialismoobarbarie.org\/?p=8041","title":{"rendered":"Francia \u2013 \u00bfQu\u00e9 perspectivas para la movilizaci\u00f3n contra la reforma laboral?"},"content":{"rendered":"<h2><strong>Luego de tres meses de lucha<br \/>\n<\/strong><\/h2>\n<p>Luego de tres meses de movilizaciones, huelgas y bloqueos contra la reforma del C\u00f3digo del Trabajo impulsada por el gobierno \u201csocialista\u201d de Hollande, venimos de vivir la manifestaci\u00f3n m\u00e1s grande desde el comienzo del conflicto. A pesar del cansancio, del clima \u201cveraniego\u201d que comienza a vivirse, de la Eurocopa, cientos de miles se dieron cita para expresar su rechazo al retroceso en t\u00e9rminos de derechos laborales que esta ley implicar\u00eda.<\/p>\n<p>Es una buena ocasi\u00f3n para se\u00f1alar los elementos centrales de la situaci\u00f3n y las tendencias que se dibujan en el horizonte. Veamos de cerca entonces d\u00f3nde estamos parados.<\/p>\n<p><strong>Una movilizaci\u00f3n importante pero un reflujo de las huelgas<\/strong><\/p>\n<p>Volvamos primero a la movilizaci\u00f3n del d\u00eda de ayer, 14 de Junio. Se trata, sin dudas, de la movilizaci\u00f3n m\u00e1s importante que hemos conocido desde que el 9 de Marzo tomamos las calles contra la reforma laboral. Decenas de micros llegaron a Par\u00eds desde todo el pa\u00eds, donde se realizaron sin embargo movilizaciones en ciudades importantes (Marsella, Toulouse, etc.). En Par\u00eds, las columnas eran interminables: entre las cifras irrisorias de la polic\u00eda (80.000 manifestantes) y la exageraci\u00f3n de los sindicatos (1 mill\u00f3n), quiz\u00e1s lo m\u00e1s correcto sea decir que entre 250.000 y 300.000 personas se movilizaron en la capital.<\/p>\n<p>Hab\u00eda un clima combativo, con columnas importantes de sectores en lucha como los portuarios o como los ferroviarios, quienes decidieron realizar una columna \u201cinter-estaciones\u201d en la cabeza de la manifestaci\u00f3n, en vez de ir divididos en las columnas de los diferentes sindicatos. La movilizaci\u00f3n fue duramente reprimida: a la mezcla habitual de gases lacrim\u00f3genos, balas de goma y \u201cgranadas de goma\u201d (es decir, granadas que lanzan una veintena de proyectiles de goma), se sum\u00f3 por primera vez un carro hidrante contra los manifestantes, que nos \u201cacompa\u00f1\u00f3\u201d hasta el final de la movilizaci\u00f3n, cuando la polic\u00eda decidi\u00f3 dividir a la manifestaci\u00f3n en dos, poniendo cinco o seis cordones de gendarmes.<\/p>\n<p>La movilizaci\u00f3n, como tal, fue un \u00e9xito: cientos de miles de movilizaron, mostrando claramente su voluntad de pelear contra la reforma laboral, logrando superar la represi\u00f3n, que no impidi\u00f3 que la manifestaci\u00f3n avanzara y llegara a destino a pesar de la brutalidad desencadenada por el gobierno. De conjunto, m\u00e1s all\u00e1 de las mentiras del gobierno y de los medios en torno a las cifras y de su voluntad de centrar todo en los \u201celementos violentos\u201d, qued\u00f3 claro que cientos de miles repudian esta reforma aunque el gobierno hable de una \u201cminor\u00eda\u201d.<\/p>\n<p>Sin embargo, no se puede dejar de se\u00f1alar que, de manera contradictoria con el \u00e9xito y el estado de \u00e1nimo de la manifestaci\u00f3n de ayer, el movimiento en su conjunto parece estancarse desde hace tiempo y est\u00e1 empezando a retroceder. \u00a0Las refiner\u00edas, que mantuvieron en vilo al pa\u00eds en torno a una posible crisis de desabastecimiento de combustible (gracias tambi\u00e9n al efecto de bloqueos de dep\u00f3sitos) terminaron la huelga, as\u00ed como portuarios de las compa\u00f1\u00edas que alimentan las refiner\u00edas de bruto. Los basureros de Par\u00eds, aunque mantengan bloqueado el principal incinerador de la regi\u00f3n de Ivry-sur-Seine, han levantado los bloqueos de los garajes municipales, permitiendo as\u00ed que el 60% del personal, que no hace huelga, retome el trabajo e impida que Par\u00eds se hunda bajo pilas de basura. Entre los ferroviarios, la CGT, principal sindicato del sector, comienza a llamar en las asambleas a retomar el trabajo, y las cifras de huelguistas bajan mientras el tr\u00e1fico mejora\u2026<\/p>\n<p>Por el momento, no parece haber elementos que indiquen que esa tendencia vaya a cambiar: lo que sucede es que comienzan a sentirse los efectos de huelgas largas (tres semanas en las refiner\u00edas, m\u00e1s de diez d\u00edas en ferroviarios, a los que hay que sumarle adem\u00e1s una decena de jornadas de huelga aisladas en los \u00faltimos meses) y el hecho de que en ning\u00fan momento se ha logrado verdaderamente bloquear el pa\u00eds. Se ha construido as\u00ed una din\u00e1mica \u201clarga\u201d, donde diferentes huelgas se sucedieron en diferentes sectores y momentos, con \u201cpicos\u201d, durante las jornadas nacionales (espaciadas sin embargo por al menos un mes de distancia\u2026), pero en las que en ning\u00fan momento se ha golpeado de manera central y unificada para lograr verdaderamente cambiar la totalidad de la situaci\u00f3n.<\/p>\n<p>La cuesti\u00f3n es que no se trataba de una pol\u00edtica \u201csecundaria\u201d del gobierno: al contrario, los ataques contra los derechos laborales forman parte del n\u00facleo de la estrategia de la burgues\u00eda francesa y mundial frente a la crisis econ\u00f3mica capitalista. De all\u00ed que de hecho, detr\u00e1s de Hollande, se encontrara la Uni\u00f3n Europea y los gobiernos europeos que vienen aplicando pol\u00edticas similares en el resto del continente, e incluso el FMI que exige \u201cir m\u00e1s lejos a\u00fan\u201d. Frente a semejante apuesta de las clases dominantes, luego de la aplicaci\u00f3n antidemocr\u00e1tica del \u201cdecretazo\u201d, la \u00fanica posibilidad de ganar era tirando abajo el gobierno, que hizo de la reforma el caballo de batalla de su quinquenato, lo que hubiera abierto una crisis pol\u00edtica en regla. Para conquistar esta perspectiva, una din\u00e1mica \u201clarga pero de baja intensidad\u201d no fue suficiente.<\/p>\n<p><strong>El gobierno cierra filas y se mantiene firme<\/strong><\/p>\n<p>En este sentido, hay que destacar como un dato de la situaci\u00f3n que los elementos de divisi\u00f3n que se vivieron en un momento en el seno del gobierno parecen haberse calmado. En este momento, parecemos estar lejos del cl\u00edmax de los \u201copositores\u201d del PS que rechazaron votar la reforma en la Asamblea Nacional obligando al recurso del decreto, de la \u201ccacofon\u00eda\u201d dentro del gobierno entre aquellos dispuestos a cambiar puntos sensibles de la Ley para acordar con los sindicatos y aquellos que se manten\u00edan \u201cinflexibles\u201d. En ese sentido, hay que se\u00f1alar que, m\u00e1s de que en su momento abri\u00f3 elementos de crisis y \u201cech\u00f3 le\u00f1a al fuego\u201d de la movilizaci\u00f3n, el gobierno logr\u00f3 capear el desprestigio de la utilizaci\u00f3n del decretazo, y se permite incluso hoy amenazar con prohibir las pr\u00f3ximas movilizaciones programadas contra la ley.<\/p>\n<p>Nos encontramos frente a un gobierno que, am\u00e9n de las cifras record de impopularidad que reflejan su descr\u00e9dito y presagian una performance electoral lastimosa, logra mantenerse en pie, llevando hasta el final las pol\u00edticas de fin de mandato. Nos encontramos hoy contra un gobierno que ataca al un\u00edsono a los manifestantes y a los huelguistas, que repite sin cesar que \u201cno va a retirar la ley\u201d, que se beneficia tambi\u00e9n de la cortina de humo creada por la Eurocopa y por los atentados terroristas reaccionarios (como el que cometi\u00f3 un \u201clobo solitario\u201d, supuestamente ligado a Daesh, contra una pareja de polic\u00edas, que apu\u00f1al\u00f3 en su propia casa).<\/p>\n<p>Dos elementos permiten explicar esto. En primer lugar, se trata de un gobierno en fin de mandato, que se prepara a dejar el poder pero habiendo hecho su \u201ctarea hist\u00f3rica\u201d: contribuir (como supieron hacerlo los \u201csocialdem\u00f3cratas\u201d alemanes a principios de los 2000) a reventar las conquistas hist\u00f3ricas de la clase trabajadora para relanzar la tasa de explotaci\u00f3n capitalista y lograr una \u201csalida\u201d a la crisis. En este plano, como se\u00f1alamos, cuenta con el apoyo un\u00e1nime de la burgues\u00eda francesa (aunque exija siempre ir m\u00e1s lejos) e internacional. El gobierno no tiene nada que ganar, a un a\u00f1o de dejar el poder, si retrocede con una de sus medidas econ\u00f3micas estrat\u00e9gicas: prefiere un suicidio pol\u00edtico que permita una victoria social de la clase dominante sobre el proletariado.<\/p>\n<p>El segundo elemento es que las direcciones sindicales burocr\u00e1ticas (con la CGT a la cabeza, que ha dirigido la comparsa) nunca han ido a fondo en la pelea, sino que han siempre canalizado la cuesti\u00f3n hacia las v\u00edas normales (burguesas e institucionales) de resoluci\u00f3n de los problemas. En ese sentido, una de sus grandes orientaciones de las \u00faltimas semanas fue realizar una \u201cvotaci\u00f3n ciudadana\u201d para llevar los resultados de la misma al Senado (donde la derecha, mayoritaria, quiere destruir la jornada de 35 horas\u2026), \u201cinterpelar\u201d a los parlamentarios, y pasarse d\u00eda y noche quej\u00e1ndose de que el gobierno no se sentaba a discutir (cuando la reforma, en su esencia misma, no permite ninguna discusi\u00f3n, s\u00f3lo la exigencia de que se abandone).<\/p>\n<p>La estrategia de negociaci\u00f3n y de fragmentaci\u00f3n de la CGT y dem\u00e1s direcciones sindicales, en una situaci\u00f3n en que m\u00e1s del 70% de la poblaci\u00f3n se declaraba en contra de la reforma, en la que las huelgas de petroleros y ferroviarios recog\u00edan una gran simpat\u00eda, en la que el gobierno contaba con un m\u00edsero 14% de popularidad, es sin duda un elemento central para explicar c\u00f3mo este gobierno anti-obrero y anti-popular, desprestigiado y detestado, es capaz de pasar una reforma de este calibre.<\/p>\n<p><strong>Las direcciones sindicales: la estrategia del aislamiento y \u00a0la negociaci\u00f3n<\/strong><\/p>\n<p>A pesar de sus discursos \u201ccombativos\u201d y \u201cfirmes\u201d, las direcciones sindicales se han dedicado a una sola tarea desde el inicio del conflicto: impedir que toda la bronca acumulada desde abajo, la voluntad de pelear, de confluir todos como un solo pu\u00f1o, se conviertan en una verdadera acci\u00f3n unificada contra el gobierno. Durante pr\u00e1cticamente un mes se negaron a llamar a acciones significativas (desde 9 al 31 de Marzo, primera fecha de huelga nacional). A partir de all\u00ed, apenas llamaron al 28 de Abril y luego al 26 de Mayo.<\/p>\n<p>Su pol\u00edtica en los diferentes sectores confirma esto: luego de \u201cdesangrar\u201d a los ferroviarios con huelgas aisladas de 24 y 48 horas, los portuarios y petroleros entraron en pelea, demostrando a la vez su poder de bloqueo y la capacidad de movilizaci\u00f3n de la CGT. Pero en este momento clave, cuando era posible unificar los esfuerzos y avanzar hacia el bloqueo del pa\u00eds, la CGT decidi\u00f3 no impulsar la entrada en escena de los ferroviarios, otro sector estrat\u00e9gico, sino esperar una decena de d\u00edas hasta el fin de las \u201cnegociaciones\u201d, cuando era clara la voluntad del gobierno y los patrones ferroviarios de imponer la flexibilizaci\u00f3n.<\/p>\n<p>As\u00ed, se fue construyendo una \u201cdesarmon\u00eda\u201d de los diferentes sectores en lucha, que entraron con calendarios diferentes, algo sobre lo cual las direcciones sindicales tienen una responsabilidad central. Una expresi\u00f3n de esto, adem\u00e1s, es que las jornadas nacionales fueron siempre de 24 horas y aisladas las unas de otras, sin llamado a la huelga ilimitada. As\u00ed, aunque se tuviera la sensaci\u00f3n de que la din\u00e1mica de luchas duraba en el tiempo y los diferentes sectores iban tomando el relevo (lo cual sin duda fue un punto positivo en el sentido en que mantuvo vivas las movilizaciones y el clima de contestaci\u00f3n), se perdi\u00f3 la oportunidad de unificar esas luchas parciales, de apuntar verdaderamente a bloquear el pa\u00eds haciendo confluir todos esos sectores estrat\u00e9gicos.<\/p>\n<p>A esto se suma adem\u00e1s un discurso de di\u00e1logo y negociaci\u00f3n levantado por la CGT. As\u00ed, luego de la movilizaci\u00f3n del 26 de Mayo, Philippe Mart\u00ednez, secretario general de la CGT, se dedic\u00f3 a repetir una y otra vez que estaba dispuesto a sentarse en la mesa de negociaci\u00f3n \u201csin exigencias\u201d (es decir, sin plantear la retirada pura y simple de la ley), que el problema es que el gobierno \u201cno lo llamaba\u201d y que lo central era volver a dialogar. Lleg\u00f3 incluso a declarar que si el gobierno le otorgaba una reuni\u00f3n, \u201clos bloqueos se terminaban autom\u00e1ticamente\u201d. Frente a la Eurocopa, defendi\u00f3 que deber\u00eda ser una \u201cgran fiesta popular\u201d, que la CGT no se propon\u00eda bloquearla.<\/p>\n<p>Es por eso que muchas miradas est\u00e1n puestas en la reuni\u00f3n entre el dirigente de la CGT y la ministra de Trabajo, Myriam El Khomri, este viernes 17. En la misma, m\u00e1s all\u00e1 de las declaraciones de \u201cinflexibilidad\u201d del gobierno, podr\u00eda resolverse una \u201csalida de crisis\u201d con algunas concesiones del gobierno que se har\u00edan efectivas durante la reescritura de la ley en su segunda lectura en la Asamblea Nacional. Ser\u00eda una manera de la CGT de armar las valijas con algo entre las manos, luego de explicarnos claro que \u201clos trabajadores ya no quieren luchar\u201d, que empieza el verano, que siempre podremos \u201cretomar la lucha en septiembre\u201d.<\/p>\n<p><strong>Cristalizar y reforzar la acumulaci\u00f3n que hemos conquistado<\/strong><\/p>\n<p>A\u00fan no puede determinarse con claridad el resultado de la pelea contra la reforma laboral: hay que esperar a ver el impacto de la movilizaci\u00f3n de ayer, adem\u00e1s del hecho de que a\u00fan queda un camino por recorrer para su aprobaci\u00f3n, incluido un posible recurso a un nuevo decretazo. Sin embargo, para hablar honestamente, en este momento particular la tendencia parece apuntar m\u00e1s bien a un retroceso de la lucha.<\/p>\n<p>Lo central es que, sea cual sea el resultado, m\u00e1s temprano que tarde tendremos que emprender otras peleas contra los ataques del pr\u00f3ximo gobierno y de las clases dominantes. La crisis econ\u00f3mica capitalista est\u00e1 a\u00fan lejos de terminarse, y la burgues\u00eda a nivel mundial tiene una sola consigna: hacerle pagar hasta el \u00faltimo centavo a la clase trabajadora, destruyendo las conquistas hist\u00f3ricas obtenidas con dos siglos de luchas sociales. Los programas econ\u00f3micos de la derecha francesa (jornada laboral de 40 horas o m\u00e1s, flexibilizaci\u00f3n acentuada de los contratos laborales, recortes en gastos del Estado) preanuncian duras batallas.<\/p>\n<p>Una nueva generaci\u00f3n y camada de activistas han hecho sus primeras armas en esta pelea, o han reforzado su actividad militante para aquellos que ya se encontraban organizados. Cientos o miles de trabajadores y j\u00f3venes a lo largo y ancho del pa\u00eds han participado de asambleas, de movilizaciones, de bloqueos y ocupaciones, han resistido a los gases y los golpes de la polic\u00eda, a la prohibici\u00f3n de manifestarse. Miles han hecho la experiencia con el gobierno, con su aparato represivo, con los l\u00edmites del parlamentarismo por m\u00e1s rojo que se pinte, con la pol\u00edtica de las direcciones sindicales.<\/p>\n<p>Miles han tomado conciencia de que la reforma laboral no es sino la punta del iceberg de un sistema de explotaci\u00f3n y opresi\u00f3n, que nos hace perder la vida para gan\u00e1rsela, que destruye los servicios p\u00fablicos, que lleva al planeta a la cat\u00e1strofe, que convierte el Mediterr\u00e1neo en el cementerio de decenas de miles de refugiados que huyen de las bombas imperialistas y de las corrientes semi-fascistas como el Estado Isl\u00e1mico. La lucha contra la reforma El Khomri ha vuelto a poner en el centro de la escena la lucha de clases, el rol central de los trabajadores que son los que hacen funcionar el mundo, la fuerza colectiva.<\/p>\n<p>De lo que se trata entonces es de cristalizar toda esta organizaci\u00f3n, todas estas experiencias, de agrupar a los cientos o miles que quieren dar la pelea por acabar con el mundo miserable en el que vivimos. Es necesario sacar todas las ense\u00f1anzas posibles de esta lucha, porque la universidad de los explotados y oprimidos son las huelgas, las calles, las ocupaciones. Es necesario, adem\u00e1s, dar una alternativa pol\u00edtica revolucionaria, que se plantee desde la clase obrera hacer saltar por los aires este sistema, sus pol\u00edticos, sus instituciones, su aparato represivo. Hay que organizar y formar una nueva generaci\u00f3n de militantes revolucionarios, reforzar la construcci\u00f3n del Nuevo Partido Anticapitalista en la v\u00eda de aumentar nuestra implantaci\u00f3n, estructuraci\u00f3n e influencia; esta es la tarea a la que los militantes de Socialismo o Barbarie nos consagramos. S\u00f3lo as\u00ed podremos llevar hasta las \u00faltimas posibilidades la pelea actual y prepararnos para las luchas que, m\u00e1s temprano que tarde, volver\u00e1n a poner a los trabajadores y a la juventud de pie.<\/p>\n<p>&nbsp;<\/p>\n","protected":false},"excerpt":{"rendered":"<p>Luego de tres meses de lucha Luego de tres meses de movilizaciones, huelgas y bloqueos contra la reforma del C\u00f3digo del Trabajo impulsada por el gobierno \u201csocialista\u201d de Hollande, venimos de vivir la manifestaci\u00f3n m\u00e1s grande desde el comienzo del conflicto. A pesar del cansancio, del clima \u201cveraniego\u201d que comienza a vivirse, de la Eurocopa, [&hellip;]<\/p>\n","protected":false},"author":8,"featured_media":8042,"comment_status":"closed","ping_status":"closed","sticky":false,"template":"","format":"standard","meta":{"footnotes":""},"categories":[1690,1665],"tags":[1146,1533],"class_list":{"0":"post-8041","1":"post","2":"type-post","3":"status-publish","4":"format-standard","5":"has-post-thumbnail","7":"category-europa","8":"category-francia","9":"tag-ale-vinet","10":"tag-edicion-34"},"yoast_head":"<!-- This site is optimized with the Yoast SEO plugin v27.5 - https:\/\/yoast.com\/product\/yoast-seo-wordpress\/ -->\n<title>Francia \u2013 \u00bfQu\u00e9 perspectivas para la movilizaci\u00f3n contra la reforma laboral? - Socialismo o Barbarie<\/title>\n<meta name=\"robots\" content=\"index, follow, max-snippet:-1, max-image-preview:large, max-video-preview:-1\" \/>\n<link rel=\"canonical\" href=\"https:\/\/www.socialismoobarbarie.org\/?p=8041\" \/>\n<meta property=\"og:locale\" content=\"es_ES\" \/>\n<meta property=\"og:type\" content=\"article\" \/>\n<meta property=\"og:title\" content=\"Francia \u2013 \u00bfQu\u00e9 perspectivas para la movilizaci\u00f3n contra la reforma laboral? - Socialismo o Barbarie\" \/>\n<meta property=\"og:description\" content=\"Luego de tres meses de lucha Luego de tres meses de movilizaciones, huelgas y bloqueos contra la reforma del C\u00f3digo del Trabajo impulsada por el gobierno \u201csocialista\u201d de Hollande, venimos de vivir la manifestaci\u00f3n m\u00e1s grande desde el comienzo del conflicto. A pesar del cansancio, del clima \u201cveraniego\u201d que comienza a vivirse, de la Eurocopa, [&hellip;]\" \/>\n<meta property=\"og:url\" content=\"https:\/\/www.socialismoobarbarie.org\/?p=8041\" \/>\n<meta property=\"og:site_name\" content=\"Socialismo o Barbarie\" \/>\n<meta property=\"article:published_time\" content=\"2016-06-17T03:25:51+00:00\" \/>\n<meta property=\"article:modified_time\" content=\"2019-11-20T14:23:11+00:00\" \/>\n<meta property=\"og:image\" content=\"https:\/\/www.socialismoobarbarie.org\/wp-content\/uploads\/2016\/06\/movilizacion-francia-e1466090518676.jpg\" \/>\n\t<meta property=\"og:image:width\" content=\"700\" \/>\n\t<meta property=\"og:image:height\" content=\"467\" \/>\n\t<meta property=\"og:image:type\" content=\"image\/jpeg\" \/>\n<meta name=\"author\" content=\"SOB\" \/>\n<meta name=\"twitter:card\" content=\"summary_large_image\" \/>\n<meta name=\"twitter:label1\" content=\"Escrito por\" \/>\n\t<meta name=\"twitter:data1\" content=\"SOB\" \/>\n\t<meta name=\"twitter:label2\" content=\"Tiempo de lectura\" \/>\n\t<meta name=\"twitter:data2\" content=\"13 minutos\" \/>\n<script type=\"application\/ld+json\" class=\"yoast-schema-graph\">{\"@context\":\"https:\\\/\\\/schema.org\",\"@graph\":[{\"@type\":\"Article\",\"@id\":\"https:\\\/\\\/www.socialismoobarbarie.org\\\/?p=8041#article\",\"isPartOf\":{\"@id\":\"https:\\\/\\\/www.socialismoobarbarie.org\\\/?p=8041\"},\"author\":{\"name\":\"SOB\",\"@id\":\"https:\\\/\\\/www.socialismoobarbarie.org\\\/#\\\/schema\\\/person\\\/bc1c3b321d47ed092405949c77e35a8e\"},\"headline\":\"Francia \u2013 \u00bfQu\u00e9 perspectivas para la movilizaci\u00f3n contra la reforma laboral?\",\"datePublished\":\"2016-06-17T03:25:51+00:00\",\"dateModified\":\"2019-11-20T14:23:11+00:00\",\"mainEntityOfPage\":{\"@id\":\"https:\\\/\\\/www.socialismoobarbarie.org\\\/?p=8041\"},\"wordCount\":2704,\"publisher\":{\"@id\":\"https:\\\/\\\/www.socialismoobarbarie.org\\\/#organization\"},\"image\":{\"@id\":\"https:\\\/\\\/www.socialismoobarbarie.org\\\/?p=8041#primaryimage\"},\"thumbnailUrl\":\"https:\\\/\\\/www.socialismoobarbarie.org\\\/wp-content\\\/uploads\\\/2016\\\/06\\\/movilizacion-francia-e1466090518676.jpg\",\"keywords\":[\"Ale Vinet\",\"Edicion 34\"],\"articleSection\":[\"Europa\",\"Francia\"],\"inLanguage\":\"es\"},{\"@type\":\"WebPage\",\"@id\":\"https:\\\/\\\/www.socialismoobarbarie.org\\\/?p=8041\",\"url\":\"https:\\\/\\\/www.socialismoobarbarie.org\\\/?p=8041\",\"name\":\"Francia \u2013 \u00bfQu\u00e9 perspectivas para la movilizaci\u00f3n contra la reforma laboral? - Socialismo o Barbarie\",\"isPartOf\":{\"@id\":\"https:\\\/\\\/www.socialismoobarbarie.org\\\/#website\"},\"primaryImageOfPage\":{\"@id\":\"https:\\\/\\\/www.socialismoobarbarie.org\\\/?p=8041#primaryimage\"},\"image\":{\"@id\":\"https:\\\/\\\/www.socialismoobarbarie.org\\\/?p=8041#primaryimage\"},\"thumbnailUrl\":\"https:\\\/\\\/www.socialismoobarbarie.org\\\/wp-content\\\/uploads\\\/2016\\\/06\\\/movilizacion-francia-e1466090518676.jpg\",\"datePublished\":\"2016-06-17T03:25:51+00:00\",\"dateModified\":\"2019-11-20T14:23:11+00:00\",\"breadcrumb\":{\"@id\":\"https:\\\/\\\/www.socialismoobarbarie.org\\\/?p=8041#breadcrumb\"},\"inLanguage\":\"es\",\"potentialAction\":[{\"@type\":\"ReadAction\",\"target\":[\"https:\\\/\\\/www.socialismoobarbarie.org\\\/?p=8041\"]}]},{\"@type\":\"ImageObject\",\"inLanguage\":\"es\",\"@id\":\"https:\\\/\\\/www.socialismoobarbarie.org\\\/?p=8041#primaryimage\",\"url\":\"https:\\\/\\\/www.socialismoobarbarie.org\\\/wp-content\\\/uploads\\\/2016\\\/06\\\/movilizacion-francia-e1466090518676.jpg\",\"contentUrl\":\"https:\\\/\\\/www.socialismoobarbarie.org\\\/wp-content\\\/uploads\\\/2016\\\/06\\\/movilizacion-francia-e1466090518676.jpg\",\"width\":700,\"height\":467},{\"@type\":\"BreadcrumbList\",\"@id\":\"https:\\\/\\\/www.socialismoobarbarie.org\\\/?p=8041#breadcrumb\",\"itemListElement\":[{\"@type\":\"ListItem\",\"position\":1,\"name\":\"Portada\",\"item\":\"https:\\\/\\\/www.socialismoobarbarie.org\\\/\"},{\"@type\":\"ListItem\",\"position\":2,\"name\":\"Francia \u2013 \u00bfQu\u00e9 perspectivas para la movilizaci\u00f3n contra la reforma laboral?\"}]},{\"@type\":\"WebSite\",\"@id\":\"https:\\\/\\\/www.socialismoobarbarie.org\\\/#website\",\"url\":\"https:\\\/\\\/www.socialismoobarbarie.org\\\/\",\"name\":\"Socialismo o Barbarie\",\"description\":\"Sitio web de la corriente internacional Socialismo o Barbarie\",\"publisher\":{\"@id\":\"https:\\\/\\\/www.socialismoobarbarie.org\\\/#organization\"},\"potentialAction\":[{\"@type\":\"SearchAction\",\"target\":{\"@type\":\"EntryPoint\",\"urlTemplate\":\"https:\\\/\\\/www.socialismoobarbarie.org\\\/?s={search_term_string}\"},\"query-input\":{\"@type\":\"PropertyValueSpecification\",\"valueRequired\":true,\"valueName\":\"search_term_string\"}}],\"inLanguage\":\"es\"},{\"@type\":\"Organization\",\"@id\":\"https:\\\/\\\/www.socialismoobarbarie.org\\\/#organization\",\"name\":\"Socialismo o Barbarie\",\"url\":\"https:\\\/\\\/www.socialismoobarbarie.org\\\/\",\"logo\":{\"@type\":\"ImageObject\",\"inLanguage\":\"es\",\"@id\":\"https:\\\/\\\/www.socialismoobarbarie.org\\\/#\\\/schema\\\/logo\\\/image\\\/\",\"url\":\"https:\\\/\\\/www.socialismoobarbarie.org\\\/wp-content\\\/uploads\\\/2025\\\/02\\\/soblogoweb-2025.png\",\"contentUrl\":\"https:\\\/\\\/www.socialismoobarbarie.org\\\/wp-content\\\/uploads\\\/2025\\\/02\\\/soblogoweb-2025.png\",\"width\":450,\"height\":161,\"caption\":\"Socialismo o Barbarie\"},\"image\":{\"@id\":\"https:\\\/\\\/www.socialismoobarbarie.org\\\/#\\\/schema\\\/logo\\\/image\\\/\"}},{\"@type\":\"Person\",\"@id\":\"https:\\\/\\\/www.socialismoobarbarie.org\\\/#\\\/schema\\\/person\\\/bc1c3b321d47ed092405949c77e35a8e\",\"name\":\"SOB\",\"url\":\"https:\\\/\\\/www.socialismoobarbarie.org\\\/?author=8\"}]}<\/script>\n<!-- \/ Yoast SEO plugin. -->","yoast_head_json":{"title":"Francia \u2013 \u00bfQu\u00e9 perspectivas para la movilizaci\u00f3n contra la reforma laboral? - Socialismo o Barbarie","robots":{"index":"index","follow":"follow","max-snippet":"max-snippet:-1","max-image-preview":"max-image-preview:large","max-video-preview":"max-video-preview:-1"},"canonical":"https:\/\/www.socialismoobarbarie.org\/?p=8041","og_locale":"es_ES","og_type":"article","og_title":"Francia \u2013 \u00bfQu\u00e9 perspectivas para la movilizaci\u00f3n contra la reforma laboral? - Socialismo o Barbarie","og_description":"Luego de tres meses de lucha Luego de tres meses de movilizaciones, huelgas y bloqueos contra la reforma del C\u00f3digo del Trabajo impulsada por el gobierno \u201csocialista\u201d de Hollande, venimos de vivir la manifestaci\u00f3n m\u00e1s grande desde el comienzo del conflicto. A pesar del cansancio, del clima \u201cveraniego\u201d que comienza a vivirse, de la Eurocopa, [&hellip;]","og_url":"https:\/\/www.socialismoobarbarie.org\/?p=8041","og_site_name":"Socialismo o Barbarie","article_published_time":"2016-06-17T03:25:51+00:00","article_modified_time":"2019-11-20T14:23:11+00:00","og_image":[{"width":700,"height":467,"url":"https:\/\/www.socialismoobarbarie.org\/wp-content\/uploads\/2016\/06\/movilizacion-francia-e1466090518676.jpg","type":"image\/jpeg"}],"author":"SOB","twitter_card":"summary_large_image","twitter_misc":{"Escrito por":"SOB","Tiempo de lectura":"13 minutos"},"schema":{"@context":"https:\/\/schema.org","@graph":[{"@type":"Article","@id":"https:\/\/www.socialismoobarbarie.org\/?p=8041#article","isPartOf":{"@id":"https:\/\/www.socialismoobarbarie.org\/?p=8041"},"author":{"name":"SOB","@id":"https:\/\/www.socialismoobarbarie.org\/#\/schema\/person\/bc1c3b321d47ed092405949c77e35a8e"},"headline":"Francia \u2013 \u00bfQu\u00e9 perspectivas para la movilizaci\u00f3n contra la reforma laboral?","datePublished":"2016-06-17T03:25:51+00:00","dateModified":"2019-11-20T14:23:11+00:00","mainEntityOfPage":{"@id":"https:\/\/www.socialismoobarbarie.org\/?p=8041"},"wordCount":2704,"publisher":{"@id":"https:\/\/www.socialismoobarbarie.org\/#organization"},"image":{"@id":"https:\/\/www.socialismoobarbarie.org\/?p=8041#primaryimage"},"thumbnailUrl":"https:\/\/www.socialismoobarbarie.org\/wp-content\/uploads\/2016\/06\/movilizacion-francia-e1466090518676.jpg","keywords":["Ale Vinet","Edicion 34"],"articleSection":["Europa","Francia"],"inLanguage":"es"},{"@type":"WebPage","@id":"https:\/\/www.socialismoobarbarie.org\/?p=8041","url":"https:\/\/www.socialismoobarbarie.org\/?p=8041","name":"Francia \u2013 \u00bfQu\u00e9 perspectivas para la movilizaci\u00f3n contra la reforma laboral? - Socialismo o Barbarie","isPartOf":{"@id":"https:\/\/www.socialismoobarbarie.org\/#website"},"primaryImageOfPage":{"@id":"https:\/\/www.socialismoobarbarie.org\/?p=8041#primaryimage"},"image":{"@id":"https:\/\/www.socialismoobarbarie.org\/?p=8041#primaryimage"},"thumbnailUrl":"https:\/\/www.socialismoobarbarie.org\/wp-content\/uploads\/2016\/06\/movilizacion-francia-e1466090518676.jpg","datePublished":"2016-06-17T03:25:51+00:00","dateModified":"2019-11-20T14:23:11+00:00","breadcrumb":{"@id":"https:\/\/www.socialismoobarbarie.org\/?p=8041#breadcrumb"},"inLanguage":"es","potentialAction":[{"@type":"ReadAction","target":["https:\/\/www.socialismoobarbarie.org\/?p=8041"]}]},{"@type":"ImageObject","inLanguage":"es","@id":"https:\/\/www.socialismoobarbarie.org\/?p=8041#primaryimage","url":"https:\/\/www.socialismoobarbarie.org\/wp-content\/uploads\/2016\/06\/movilizacion-francia-e1466090518676.jpg","contentUrl":"https:\/\/www.socialismoobarbarie.org\/wp-content\/uploads\/2016\/06\/movilizacion-francia-e1466090518676.jpg","width":700,"height":467},{"@type":"BreadcrumbList","@id":"https:\/\/www.socialismoobarbarie.org\/?p=8041#breadcrumb","itemListElement":[{"@type":"ListItem","position":1,"name":"Portada","item":"https:\/\/www.socialismoobarbarie.org\/"},{"@type":"ListItem","position":2,"name":"Francia \u2013 \u00bfQu\u00e9 perspectivas para la movilizaci\u00f3n contra la reforma laboral?"}]},{"@type":"WebSite","@id":"https:\/\/www.socialismoobarbarie.org\/#website","url":"https:\/\/www.socialismoobarbarie.org\/","name":"Socialismo o Barbarie","description":"Sitio web de la corriente internacional Socialismo o Barbarie","publisher":{"@id":"https:\/\/www.socialismoobarbarie.org\/#organization"},"potentialAction":[{"@type":"SearchAction","target":{"@type":"EntryPoint","urlTemplate":"https:\/\/www.socialismoobarbarie.org\/?s={search_term_string}"},"query-input":{"@type":"PropertyValueSpecification","valueRequired":true,"valueName":"search_term_string"}}],"inLanguage":"es"},{"@type":"Organization","@id":"https:\/\/www.socialismoobarbarie.org\/#organization","name":"Socialismo o Barbarie","url":"https:\/\/www.socialismoobarbarie.org\/","logo":{"@type":"ImageObject","inLanguage":"es","@id":"https:\/\/www.socialismoobarbarie.org\/#\/schema\/logo\/image\/","url":"https:\/\/www.socialismoobarbarie.org\/wp-content\/uploads\/2025\/02\/soblogoweb-2025.png","contentUrl":"https:\/\/www.socialismoobarbarie.org\/wp-content\/uploads\/2025\/02\/soblogoweb-2025.png","width":450,"height":161,"caption":"Socialismo o Barbarie"},"image":{"@id":"https:\/\/www.socialismoobarbarie.org\/#\/schema\/logo\/image\/"}},{"@type":"Person","@id":"https:\/\/www.socialismoobarbarie.org\/#\/schema\/person\/bc1c3b321d47ed092405949c77e35a8e","name":"SOB","url":"https:\/\/www.socialismoobarbarie.org\/?author=8"}]}},"_links":{"self":[{"href":"https:\/\/www.socialismoobarbarie.org\/index.php?rest_route=\/wp\/v2\/posts\/8041","targetHints":{"allow":["GET"]}}],"collection":[{"href":"https:\/\/www.socialismoobarbarie.org\/index.php?rest_route=\/wp\/v2\/posts"}],"about":[{"href":"https:\/\/www.socialismoobarbarie.org\/index.php?rest_route=\/wp\/v2\/types\/post"}],"author":[{"embeddable":true,"href":"https:\/\/www.socialismoobarbarie.org\/index.php?rest_route=\/wp\/v2\/users\/8"}],"replies":[{"embeddable":true,"href":"https:\/\/www.socialismoobarbarie.org\/index.php?rest_route=%2Fwp%2Fv2%2Fcomments&post=8041"}],"version-history":[{"count":1,"href":"https:\/\/www.socialismoobarbarie.org\/index.php?rest_route=\/wp\/v2\/posts\/8041\/revisions"}],"predecessor-version":[{"id":8043,"href":"https:\/\/www.socialismoobarbarie.org\/index.php?rest_route=\/wp\/v2\/posts\/8041\/revisions\/8043"}],"wp:featuredmedia":[{"embeddable":true,"href":"https:\/\/www.socialismoobarbarie.org\/index.php?rest_route=\/wp\/v2\/media\/8042"}],"wp:attachment":[{"href":"https:\/\/www.socialismoobarbarie.org\/index.php?rest_route=%2Fwp%2Fv2%2Fmedia&parent=8041"}],"wp:term":[{"taxonomy":"category","embeddable":true,"href":"https:\/\/www.socialismoobarbarie.org\/index.php?rest_route=%2Fwp%2Fv2%2Fcategories&post=8041"},{"taxonomy":"post_tag","embeddable":true,"href":"https:\/\/www.socialismoobarbarie.org\/index.php?rest_route=%2Fwp%2Fv2%2Ftags&post=8041"}],"curies":[{"name":"wp","href":"https:\/\/api.w.org\/{rel}","templated":true}]}}