{"id":8050,"date":"2016-06-17T00:22:03","date_gmt":"2016-06-17T03:22:03","guid":{"rendered":"https:\/\/www.socialismoobarbarie.org\/?p=8050"},"modified":"2019-11-20T10:51:35","modified_gmt":"2019-11-20T13:51:35","slug":"crece-la-lucha-por-el-fuera-temer","status":"publish","type":"post","link":"https:\/\/www.socialismoobarbarie.org\/?p=8050","title":{"rendered":"Brasil &#8211; Crece la lucha por el fuera Temer"},"content":{"rendered":"<h2><em>Construir una movilizaci\u00f3n independiente para enfrentar los ataques hist\u00f3ricos<\/em><\/h2>\n<p>La destituci\u00f3n de Dilma es s\u00f3lo una parte de la ofensiva reaccionaria en marcha llevada a cabo por la clase dominante que pretende imponer a los trabajadores ajustes neoliberales y contrarreformas estructurales. En el primer mes de su gobierno, Michel Temer (PMDB) sufri\u00f3 algunos embates, pero por otro lado, logr\u00f3 importantes victorias. Contamos con la politizaci\u00f3n y disposici\u00f3n a luchar de sectores de los movimientos populares y la juventud que lucha,pero para contener el avance de la pol\u00edtica reaccionaria ser\u00e1 necesario superar la fragmentaci\u00f3n de las luchas en curso \u200bpara superar la pasividad impuesta por la burocracia y que la clase obrera puedaaparecer definitivamente en la escena.<\/p>\n<p>Debido a una filtraci\u00f3n de conversaciones que sugieren articulaciones pol\u00edticas para amortiguar la operaci\u00f3n \u201cLava Jato\u201d, Temer en las primeras semanas se vio obligado a destituir a dos ministros (de los ministerios de este gobierno son siete los investigados por tramas de corrupci\u00f3n de Petrobras). As\u00ed mismo, en sus primeras semanas el gobierno interino (e ileg\u00edtimo) ante la presi\u00f3n del movimiento social retrocedi\u00f3 en dos de sus medidas: la supresi\u00f3n del Ministerio de Cultura y el recorte de los fondos del programa \u201cMi casa, mi vida\u201d destinados a los movimientos sociales para la vivienda. Sin embargo, estos son problemas secundarios frente a todos los ataques contra la clase obreraque el gobierno est\u00e1 planeado llevar a cabo.<\/p>\n<p>En el Congreso Nacional Temer consigui\u00f3 aprobar un presupuestocon un d\u00e9ficit de 170 mil millones y aprobar en dos instancias la continuidad y expansi\u00f3n de la Desvinculaci\u00f3n de Ingresos de la Uni\u00f3n (DRU), que pas\u00f3 de un 20 a un 30%. Adem\u00e1s de estas medidas, el gobierno presentar\u00e1 la pr\u00f3xima semana una propuesta en el Senado destinada a establecer el gasto anual de la Uni\u00f3n cuyo techo no sea superior a la inflaci\u00f3n del a\u00f1o anterior. Lo cual, por supuesto, significa una reducci\u00f3n brutal de las inversiones en los sectores sociales, lo que empeora a\u00fan m\u00e1s las condiciones de vida de la mayor\u00eda de las personas.<strong><br \/>\n<\/strong><\/p>\n<p><strong>Los primeros enfrentamientos demuestran que es posible derrotar al gobierno<br \/>\n<\/strong><\/p>\n<p>Como resultado de una maniobra para imponer una coalici\u00f3n de gobierno que excluyaal PT y a la CUT, este es un gobierno que a pesar de no ser popular [1] cuenta con el apoyo de la clase dominante en su conjunto, la gran mayor\u00eda del Congreso Nacional y de los medios de comunicaci\u00f3n. Temer est\u00e1 llamado as\u00ed a imponer pol\u00edticas que estructuralmente violan los intereses de la clase obrera y la juventud para crear un ambiente pol\u00edtico favorable para que los grandes capitales reciban altas rentabilidades. La gran diferencia del gobierno actual con el anterior es que tiene el respaldo de la clase dominante para imponer su pol\u00edtica en un escenario de profunda recesi\u00f3n e inestabilidad. Por lo tanto, el de Temer es un gobierno relativamente m\u00e1s fuerte que el deDilma.<\/p>\n<p>A\u00f1adido a este factor de unidad interburguesa, el desempleo es un factor que tiende a poner las luchas obreras en un primer momento a la defensiva. El hecho es que los trabajadores terminan yendo a luchar en un per\u00edodo de tiempo diferente que otras \u00e1reas, por lo que podemos observar a los trabajadores sin techo dirigidos por MTST que en la primera semana ya se colocaron contra el recorte de los fondos del programa \u201cMi casa, mi vida\u201d y pol\u00edticamente contra Temer. Sin embargo, la clase obrera es crucial para que el proceso se resuelva favorablemente para los trabajadores en general.<\/p>\n<p>En nuestro favor pesa el hecho de que las intenciones de la ofensiva reaccionaria \u2013 \u00a0que s\u00f3lo imponen a la clase obrera y la juventud los costos de la crisis econ\u00f3mica y de las contrarreformas estructurales \u2013 que dio lugar a la eliminaci\u00f3n Dilmase hayan vuelto cada vez m\u00e1s claras para un amplio espectro de la poblaci\u00f3n. Las reacciones indignadas de muchos sectores frente a las medidas de Temer, sus retrocesosante la resistencia popular a sus pol\u00edticas y su baja popularidad demuestran que este gobierno puede ser derrotado si una poderosa ola de luchas seimpone desde ahora. Pero no podemos ignorar los factores importantes a favor del gobierno, empezando por el hecho de que tiene todo el apoyo de<\/p>\n<p>\u201cArriba\u201d para aplicar sus paquetes de maldad y que la mayor\u00eda de la direcci\u00f3n del movimiento, popular, sindical y estudiantil est\u00e1 en manos de una burocracia que dificultar\u00e1 la acci\u00f3n pol\u00edtica m\u00e1s aut\u00f3noma del movimiento de masas.<\/p>\n<p>Dilma, el PT, la CUT y el propio Lula utilizaron el discurso deque el gobierno sufri\u00f3 un golpe apenas para mantener una presi\u00f3n pol\u00edtica superestructuralpara permanecer en el poder y hacer una presi\u00f3n sobre la investigaci\u00f3n de la corrupci\u00f3n en las altas esferas del gobierno y el PT. El discurso que han sido el blanco de un \u201cgolpe de Estado\u201d no es consecuente con la pr\u00e1ctica pol\u00edtica de esta burocracia. Poco despu\u00e9s del \u201cgolpe\u201d, la direcci\u00f3n del PT autoriz\u00f3 coaliciones con el PMDB \u2013 partido que estuvo al frente de la ofensiva reaccionaria para tirar abajo el gobierno del PT \u2013 en las elecciones municipales, con esto, Lula busca sistem\u00e1ticamente un frente con sectores del PMDB que se encuentren en la mira de las investigaciones del \u201cLava Jato\u201dpara as\u00ed correrse del avance de las investigaciones en contra de \u00e9l y los cuadros del PT.<\/p>\n<p>Es evidente que una burocracia que, pol\u00edticamente, organiz\u00f3 un pacto social para apaciguar a la clase obrera con pol\u00edticas compensatorias en los a\u00f1os de crecimiento econ\u00f3mico (primera d\u00e9cada de este siglo), acrecent\u00f3 su capital a muy altas tasas de rentabilidad, financi\u00f3 campa\u00f1as con dinero desviado del estado, habi\u00e9ndose enriquecido con todas estas operaciones no tienen ning\u00fan deseo de estar a la vanguardia de una lucha eficaz para repeler la ofensiva reaccionaria actual y, mucho menos, para llevar una lucha por las reivindicaciones democr\u00e1ticas y sociales hasta el final.<\/p>\n<p>La t\u00e1ctica principal de la burocracia es desgastar al gobierno provisional,posibilitando su recomposici\u00f3n pol\u00edtica en las elecciones municipales de este a\u00f1o y nacionales en 2018 (el mismo Lula en la investigaci\u00f3n anteriormente citada aparece con una intenci\u00f3n de voto espont\u00e1nea por encima de todos los dem\u00e1s candidatos presidenciales con un 8,6%) [2]. Por lo tanto, procurar\u00e1 evitar as\u00ed la unificaci\u00f3n de la lucha del movimiento social en torno a las banderas que cuestionan los estrechos l\u00edmites de la democracia burguesa brasile\u00f1a.<\/p>\n<p>Las declaraciones de los dirigentes de la CUT van en la direcci\u00f3n de retrasar lo m\u00e1ximo posible la resistencia. Seg\u00fan el presidente de la CUT, Vagner Freitas, no es hora de llamar a una huelga general contra las medidas del gobierno, esto s\u00f3lo ocurrir\u00e1 \u201ccuando Temer encamine en el Congreso medidas que representen retrocesos en los derechos.\u201d Pues bien, este es el modus operandi de toda la burocracia, que para mantener su control sobre el movimiento busca ocultar la ofensiva patronal, lo que retrasa las acciones del movimiento de masas y dificulta la politizaci\u00f3n (nacionalizaci\u00f3n) de las luchas.<\/p>\n<p><strong>La izquierda socialista debe ayudar a la clase trabajadora a entrar en escena<br \/>\n<\/strong><\/p>\n<p>Enfrentar los ataques que est\u00e1n en marcha demandar\u00e1 de la clase obrera la dif\u00edcilsuperaci\u00f3n del freno impuesto por la burocracia de Lula, avanzar en su nivel de politizaci\u00f3n y organizaci\u00f3n. Sin embargo, ciertas condiciones \u2013 el aumento del desempleo, seguido por el desgaste del gobierno y el impulso de determinados sectores \u2013 puedenpermitir un proceso de movilizaci\u00f3n que trascienda los grilletes burocr\u00e1ticos y que se coloque a la altura de los desaf\u00edos actuales.<\/p>\n<p>La clase obrera en los \u00faltimos a\u00f1os llevo adelante importantes luchas por el salario, pas\u00f3 en algunos momentos por encima de la burocracia que se ha mantenido inerte en el escenario pol\u00edtico de la crisis cr\u00f3nica experimentada en los \u00faltimos a\u00f1os. Al mismo tiempo que no se uni\u00f3 al movimiento \u201cfuera Dilma \/ Lula\u201d -dirigido por la clase media alta con el apoyo de los partidos tradicionales de la burgues\u00eda- tampoco tom\u00f3 una posici\u00f3n de defensa del gobierno. Esto, evidentemente, porque en medio de la recesi\u00f3n en su segundo mandato el gobierno Dilma traicion\u00f3 abiertamente sus promesas de campa\u00f1a y aplic\u00f3 las pol\u00edticas neoliberales que han alcanzado por completo a la clase trabajadora.<\/p>\n<p>Pero con los ataques que ya est\u00e1n en marcha, principalmente a partir de la contrarreforma del Estado de Bienestar, la clase obrera no demorar\u00e1 en inquietarse y producir sus primeras formas directas de resistencia a este gobierno. En este escenario, encontrar maneras de acceder a los trabajadores y j\u00f3venes que est\u00e1n en la vanguardia de la resistencia al gobierno a Temer es crucial para fortalecer el proceso de movilizaci\u00f3n en curso, desbordar a la burocracia \u2013 que ya han dado muestras de que evitar\u00e1n llamar a acciones de lucha directa clase contra Temer \u2013 y crear puentes para acceder a la clase obrera. El peor escenario de todos ser\u00eda que esta ofensiva burguesa fuese un \u00e9xito sin que una fuerte resistencia fuese a tener lugar, porque pondr\u00eda dificultades a\u00fan mayores para que la clase obrera fuese capaz de recuperar la iniciativa en otros momentos.<\/p>\n<p>Vivimos en una ofensiva reaccionaria \u2013 que depuso al gobierno preventivamente [3] \u2013 en la que los principales sectores de la clase obrera son presionados por la recesi\u00f3n y est\u00e1n dirigidaspor una burocracia que se limita a las acciones espec\u00edficas para desgastar al gobierno sin preparar la resistencia a los ataques brutales por venir.<\/p>\n<p>Partimosde la caracterizaci\u00f3n de que a pesar de sus contradicciones la coalici\u00f3n de gobierno actual es m\u00e1s fuerte que la anterior y est\u00e1 en mejores condiciones para hacer cumplir el conjunto de las pol\u00edticas neoliberales porque el gobierno Dilma estuvo en plena descomposici\u00f3n debido a la crisis econ\u00f3mica y la p\u00e9rdida de apoyo pol\u00edtico. La clase obrera teme al desempleo, est\u00e1 pasando por un tiempo de \u201cesperar a ver qu\u00e9 pasa\u201d en relaci\u00f3n al gobierno y est\u00e1 dirigida por una burocracia que har\u00e1 todo lo posible para evitar enfrentamientos directos con los patrones y el gobierno. Adem\u00e1s, la izquierda sigue siendo muy minoritariaentre los trabajadores y la juventud y est\u00e1 dividida en varias facciones sindicales y diferentes partidos.<\/p>\n<p>Esta coyuntura demanda de la izquierda socialista pol\u00edticas para acceder a la clase obrera y a la juventud radicalizada a trav\u00e9s de iniciativas sistem\u00e1ticas de frente \u00fanico con los sectores no Lulistas y la unidad de acci\u00f3n con los grandes aparatos. Es importante que la CSP-Conlutasconvoque acciones clasistas, como el del 16 de junio,exigiendo \u201cFuera Temer, todos los corruptos y reaccionarios del Congreso, por la construcci\u00f3n de una huelga general contra los ajustes y por un gobierno de los trabajadores sinpatrones\u201d [4] para unir a los sectores clasistas del movimiento. Pero la izquierda socialista no puede perder de vista que sus fuerzas dentro del movimiento obrero, los movimientos populares y la juventud son extremadamente minoritarias y para contribuir efectivamente a que la clase superelas barreras burocr\u00e1ticas debe desarrollar iniciativas para construir un bloque con otras corrientes independientes de la burocracia de Lulista (Intersindical) y semi-independiente (MTST), s\u00f3lo entonces se podr\u00e1 intervenir significativamente en la coyuntura actual.<\/p>\n<p>En la coyuntura de ofensiva reaccionaria en la que vivimos tenemos que estar atentos a los movimientos de la consciencia de la clase obrera. El acto \u201cFuera Temer\u201d, el 10 de junio, organizado por Frente Brasil Popular (FBP \u2013 dirigido por el lulismo) y por el Frente Pueblo Sin Miedo (FPSM \u2013 dirigido por MTST) reuni\u00f3 en Sao Paulo alrededor de 40 mil personas. Estas son las acciones que se deben ser disputadas pol\u00edticamente por las corrientes de la izquierda socialista a trav\u00e9s de la acci\u00f3n unificada. Los actos de esta magnitud, que agrupan a la vanguardia del movimiento obrero, j\u00f3venes y mujeres, no pueden ser ignorados si pretendemos disputar seriamente con la burocracia Lulista la influencia pol\u00edtica en los sectores sociales clave para la resistencia a las pol\u00edticas de Temer.<\/p>\n<p>Por eso, corrientes pol\u00edticas como el PSTU y la izquierda del PSOL deben romper con su pseudo autosuficiencia y establecer foros unificados para discutir las acciones de resistencia al gobierno y para romper el bloqueo de la burocracia. As\u00ed, se podr\u00e1n construir acuerdos pol\u00edticos m\u00ednimos que permitir\u00e1n intervenir de manera sistem\u00e1tica en la lucha contra los ataques en curso,en columnas pol\u00edticas de la izquierda socialista, en actos que re\u00fanan a amplios sectores, como el del 10 de junio y otros eventos.<\/p>\n<p><strong>Sin banderas pol\u00edticas no se construye unidad<br \/>\n<\/strong><\/p>\n<p>Por otra parte, la lucha contra el gobierno Temer no puede limitarse simplemente a la resistencia contra las medidas o a palabras del orden de lo negativo. Contrariamente a lo que piensa un sector de la izquierda socialista, no basta con que luchemos por la negativa, por el \u201cFuera Temer\u201d o contra sus medidas. Esta actitud, como hemos se\u00f1alado en otras ocasiones, tan bien intencionada como puede parecer ser, limita la acci\u00f3n de los trabajadores y la juventud al estrecho horizonte de la pol\u00edtica de la burocracia de Lula, una pol\u00edtica que solamente quiere desgastar al gobierno para recuperar el terreno perdido en las elecciones municipales este a\u00f1o y crear mejores condiciones de elegibilidad de Lula en las elecciones de 2018.<\/p>\n<p>La ofensiva reaccionaria de la burgues\u00eda necesita una respuesta no menos pol\u00edtica de la clase obrera. Sin una respuesta global (pol\u00edtica) las m\u00faltiples demandas espec\u00edficas tienden a disiparse, debilitar la misma resistencia y \u200b\u200bdificultar el ataque posterior. La lucha por el \u201cFuera Temer\u201d sin una contrapartida por la positiva deja a los trabajadores rehenes de las burocracias que van a, simplemente, respetar el calendario electoral y el marco institucional vigente y se redir\u00e1n al \u201cgolpe\u201d sin mayores enfrentamientos. Es deber de la izquierda socialista construir banderas que muestren a los trabajadores salidas por la positiva a partir de la correlaci\u00f3n de fuerzas concreta. En este sentido, la bandera por la negativa de \u201cFuera Temer\u201d debe ir acompa\u00f1ada de la bandera por la positiva de la lucha por Elecciones Generales y una Asamblea Constituyente, Democr\u00e1tica y Soberana.<\/p>\n<p>Defendemos el \u201cFuera Temer\u201d y Elecciones Generales para quela lucha para derrocar al gobierno reaccionario que pretende imponer brutales ataques a las condiciones de vida de los trabajadores no tenga como resultado el regreso de un gobierno (Dilma) que traicion\u00f3 las expectativas de las masas. Por otro lado, cada vez es m\u00e1s evidente para las masas que el sistema pol\u00edtico burgu\u00e9s est\u00e1 gobernado por corruptos y que el sistema econ\u00f3mico s\u00f3lo sirve a los intereses de los patrones.<\/p>\n<p>Por eso, luchamos para que los trabajadores elijan otro gobierno y una asamblea constituyente para resolver las demandas democr\u00e1ticas hist\u00f3ricas que est\u00e1n pendientes en Brasil, tales como la reforma agraria \/ urbana, \u201ccupos raciales\u201d, aborto legal, p\u00fablico y seguro, el matrimonio igualitario, la legalizaci\u00f3n de las drogas y otras. Sin embargo, las luchas contra los ataques del gobierno, el \u201cFuera Temer\u201d, Elecciones Generales y la Asamblea Constituyente Democr\u00e1tica s\u00f3lo podr\u00e1 ser impuesta por una amplia movilizaci\u00f3n de los trabajadores desde abajo a trav\u00e9s de encuentros de base para organizar el apoyo a los sectores en lucha, jornadas de movilizaci\u00f3n unificadas y huelgas generales.<\/p>\n<p><strong>Por un frente de izquierda socialista en las luchas y en las elecciones<br \/>\n<\/strong><\/p>\n<p>Por \u00faltimo, no podemos ignorar que estamos a unos meses de las elecciones municipales en una situaci\u00f3n de avance reaccionario, pero tambi\u00e9n de politizaci\u00f3n y confrontaci\u00f3n que pueden radicalizarse y generalizarse. Las elecciones municipales estar\u00e1nnecesariamente marcadas por los problemas nacionales, tales como el ajuste neoliberal, el desempleo, la contrarreforma del Estado de Bienestar y la participaci\u00f3n en ellos con una pol\u00edtica correcta puede ser un importante punto de apoyo en la lucha contra la ofensiva reaccionaria y la construcci\u00f3n alternativa pol\u00edtica propia de los trabajadores.<\/p>\n<p>En momentos dram\u00e1ticos como estamos viviendo, en el que est\u00e1n en juego las demandas fundamentales de la lucha de clases, el sectarismo es desastroso. En 2014, la oportunidad de presentar una alternativa socialista unificada y el di\u00e1logo con sectores m\u00e1s amplios de trabajadores y j\u00f3venes que estaban rompiendo con el Lulismo se perdi\u00f3. Ahora, en esta coyuntura, repetir esta pol\u00edtica ser\u00eda un crimen total, debido a que dificultar\u00eda a\u00fan m\u00e1s el acceso a la clase trabajadora y la juventud a una orientaci\u00f3n independiente, lo que sin duda tendr\u00e1 una influencia directa sobre el resultado de las luchas.<\/p>\n<p>Repetir la pol\u00edtica sectaria del PSOL y PSTU en las elecciones es retrasar a\u00fan m\u00e1s la influencia de la izquierda socialista. En este sentido, creemos que es importante construir un Frente de Izquierdaentre el PSOL, PSTU y PCB con el fin de hacer propaganda,ante la crisis estructural, de un programa socialista entre los sectores m\u00e1s amplios de trabajadores y j\u00f3venes y ofrecer una alternativa independiente m\u00e1s consistente a la burocracia Lulista y, por lo tanto,contribuir eficazmente a la lucha para derrotar al gobierno reaccionario Temer y sus pol\u00edticas.<\/p>\n<p>[1] La investigaci\u00f3n reciente encargada por la Confederaci\u00f3n Nacional del Transporte (CNT) da cuenta de que el 54,5% de la poblaci\u00f3n considera que el rendimiento Temer es id\u00e9ntica a Dilma,para el 28% la actual gesti\u00f3n es negativa y el 46,6% piensa que la corrupci\u00f3n gobierno ser\u00e1 igual a la anterior.<\/p>\n<p>[2] Lula: 8,6%, A\u00e9cioNeves: 5,7%, Marina Silva: 3,8%, DilmaRousseff: 2,3%, Michel Temer: 2,1%.<\/p>\n<p>[3] V\u00e9ase El colapso del lulismo: ascenso y ca\u00edda de un pacto social.<\/p>\n<p>[4] http:\/\/cspconlutas.org.br<\/p>\n<p>&nbsp;<\/p>\n","protected":false},"excerpt":{"rendered":"<p>Construir una movilizaci\u00f3n independiente para enfrentar los ataques hist\u00f3ricos La destituci\u00f3n de Dilma es s\u00f3lo una parte de la ofensiva reaccionaria en marcha llevada a cabo por la clase dominante que pretende imponer a los trabajadores ajustes neoliberales y contrarreformas estructurales. En el primer mes de su gobierno, Michel Temer (PMDB) sufri\u00f3 algunos embates, pero [&hellip;]<\/p>\n","protected":false},"author":8,"featured_media":8051,"comment_status":"closed","ping_status":"closed","sticky":false,"template":"","format":"standard","meta":{"footnotes":""},"categories":[122,1657],"tags":[1119,1533],"class_list":{"0":"post-8050","1":"post","2":"type-post","3":"status-publish","4":"format-standard","5":"has-post-thumbnail","7":"category-america-latina-y-el-caribe","8":"category-brasil","9":"tag-antonio-soler","10":"tag-edicion-34"},"yoast_head":"<!-- This site is optimized with the Yoast SEO plugin v27.5 - https:\/\/yoast.com\/product\/yoast-seo-wordpress\/ -->\n<title>Brasil - Crece la lucha por el fuera Temer - Socialismo o Barbarie<\/title>\n<meta name=\"robots\" content=\"index, follow, max-snippet:-1, max-image-preview:large, max-video-preview:-1\" \/>\n<link rel=\"canonical\" href=\"https:\/\/www.socialismoobarbarie.org\/?p=8050\" \/>\n<meta property=\"og:locale\" content=\"es_ES\" \/>\n<meta property=\"og:type\" content=\"article\" \/>\n<meta property=\"og:title\" content=\"Brasil - Crece la lucha por el fuera Temer - Socialismo o Barbarie\" \/>\n<meta property=\"og:description\" content=\"Construir una movilizaci\u00f3n independiente para enfrentar los ataques hist\u00f3ricos La destituci\u00f3n de Dilma es s\u00f3lo una parte de la ofensiva reaccionaria en marcha llevada a cabo por la clase dominante que pretende imponer a los trabajadores ajustes neoliberales y contrarreformas estructurales. En el primer mes de su gobierno, Michel Temer (PMDB) sufri\u00f3 algunos embates, pero [&hellip;]\" \/>\n<meta property=\"og:url\" content=\"https:\/\/www.socialismoobarbarie.org\/?p=8050\" \/>\n<meta property=\"og:site_name\" content=\"Socialismo o Barbarie\" \/>\n<meta property=\"article:published_time\" content=\"2016-06-17T03:22:03+00:00\" \/>\n<meta property=\"article:modified_time\" content=\"2019-11-20T13:51:35+00:00\" \/>\n<meta property=\"og:image\" content=\"https:\/\/www.socialismoobarbarie.org\/wp-content\/uploads\/2016\/06\/fora-temer-e1466089107470.jpg\" \/>\n\t<meta property=\"og:image:width\" content=\"700\" \/>\n\t<meta property=\"og:image:height\" content=\"350\" \/>\n\t<meta property=\"og:image:type\" content=\"image\/jpeg\" \/>\n<meta name=\"author\" content=\"SOB\" \/>\n<meta name=\"twitter:card\" content=\"summary_large_image\" \/>\n<meta name=\"twitter:label1\" content=\"Escrito por\" \/>\n\t<meta name=\"twitter:data1\" content=\"SOB\" \/>\n\t<meta name=\"twitter:label2\" content=\"Tiempo de lectura\" \/>\n\t<meta name=\"twitter:data2\" content=\"15 minutos\" \/>\n<script type=\"application\/ld+json\" class=\"yoast-schema-graph\">{\"@context\":\"https:\\\/\\\/schema.org\",\"@graph\":[{\"@type\":\"Article\",\"@id\":\"https:\\\/\\\/www.socialismoobarbarie.org\\\/?p=8050#article\",\"isPartOf\":{\"@id\":\"https:\\\/\\\/www.socialismoobarbarie.org\\\/?p=8050\"},\"author\":{\"name\":\"SOB\",\"@id\":\"https:\\\/\\\/www.socialismoobarbarie.org\\\/#\\\/schema\\\/person\\\/bc1c3b321d47ed092405949c77e35a8e\"},\"headline\":\"Brasil &#8211; Crece la lucha por el fuera Temer\",\"datePublished\":\"2016-06-17T03:22:03+00:00\",\"dateModified\":\"2019-11-20T13:51:35+00:00\",\"mainEntityOfPage\":{\"@id\":\"https:\\\/\\\/www.socialismoobarbarie.org\\\/?p=8050\"},\"wordCount\":3028,\"publisher\":{\"@id\":\"https:\\\/\\\/www.socialismoobarbarie.org\\\/#organization\"},\"image\":{\"@id\":\"https:\\\/\\\/www.socialismoobarbarie.org\\\/?p=8050#primaryimage\"},\"thumbnailUrl\":\"https:\\\/\\\/www.socialismoobarbarie.org\\\/wp-content\\\/uploads\\\/2016\\\/06\\\/fora-temer-e1466089107470.jpg\",\"keywords\":[\"Antonio Soler\",\"Edicion 34\"],\"articleSection\":[\"Am\u00e9rica Latina\",\"Brasil\"],\"inLanguage\":\"es\"},{\"@type\":\"WebPage\",\"@id\":\"https:\\\/\\\/www.socialismoobarbarie.org\\\/?p=8050\",\"url\":\"https:\\\/\\\/www.socialismoobarbarie.org\\\/?p=8050\",\"name\":\"Brasil - Crece la lucha por el fuera Temer - Socialismo o Barbarie\",\"isPartOf\":{\"@id\":\"https:\\\/\\\/www.socialismoobarbarie.org\\\/#website\"},\"primaryImageOfPage\":{\"@id\":\"https:\\\/\\\/www.socialismoobarbarie.org\\\/?p=8050#primaryimage\"},\"image\":{\"@id\":\"https:\\\/\\\/www.socialismoobarbarie.org\\\/?p=8050#primaryimage\"},\"thumbnailUrl\":\"https:\\\/\\\/www.socialismoobarbarie.org\\\/wp-content\\\/uploads\\\/2016\\\/06\\\/fora-temer-e1466089107470.jpg\",\"datePublished\":\"2016-06-17T03:22:03+00:00\",\"dateModified\":\"2019-11-20T13:51:35+00:00\",\"breadcrumb\":{\"@id\":\"https:\\\/\\\/www.socialismoobarbarie.org\\\/?p=8050#breadcrumb\"},\"inLanguage\":\"es\",\"potentialAction\":[{\"@type\":\"ReadAction\",\"target\":[\"https:\\\/\\\/www.socialismoobarbarie.org\\\/?p=8050\"]}]},{\"@type\":\"ImageObject\",\"inLanguage\":\"es\",\"@id\":\"https:\\\/\\\/www.socialismoobarbarie.org\\\/?p=8050#primaryimage\",\"url\":\"https:\\\/\\\/www.socialismoobarbarie.org\\\/wp-content\\\/uploads\\\/2016\\\/06\\\/fora-temer-e1466089107470.jpg\",\"contentUrl\":\"https:\\\/\\\/www.socialismoobarbarie.org\\\/wp-content\\\/uploads\\\/2016\\\/06\\\/fora-temer-e1466089107470.jpg\",\"width\":700,\"height\":350},{\"@type\":\"BreadcrumbList\",\"@id\":\"https:\\\/\\\/www.socialismoobarbarie.org\\\/?p=8050#breadcrumb\",\"itemListElement\":[{\"@type\":\"ListItem\",\"position\":1,\"name\":\"Portada\",\"item\":\"https:\\\/\\\/www.socialismoobarbarie.org\\\/\"},{\"@type\":\"ListItem\",\"position\":2,\"name\":\"Brasil &#8211; Crece la lucha por el fuera Temer\"}]},{\"@type\":\"WebSite\",\"@id\":\"https:\\\/\\\/www.socialismoobarbarie.org\\\/#website\",\"url\":\"https:\\\/\\\/www.socialismoobarbarie.org\\\/\",\"name\":\"Socialismo o Barbarie\",\"description\":\"Sitio web de la corriente internacional Socialismo o Barbarie\",\"publisher\":{\"@id\":\"https:\\\/\\\/www.socialismoobarbarie.org\\\/#organization\"},\"potentialAction\":[{\"@type\":\"SearchAction\",\"target\":{\"@type\":\"EntryPoint\",\"urlTemplate\":\"https:\\\/\\\/www.socialismoobarbarie.org\\\/?s={search_term_string}\"},\"query-input\":{\"@type\":\"PropertyValueSpecification\",\"valueRequired\":true,\"valueName\":\"search_term_string\"}}],\"inLanguage\":\"es\"},{\"@type\":\"Organization\",\"@id\":\"https:\\\/\\\/www.socialismoobarbarie.org\\\/#organization\",\"name\":\"Socialismo o Barbarie\",\"url\":\"https:\\\/\\\/www.socialismoobarbarie.org\\\/\",\"logo\":{\"@type\":\"ImageObject\",\"inLanguage\":\"es\",\"@id\":\"https:\\\/\\\/www.socialismoobarbarie.org\\\/#\\\/schema\\\/logo\\\/image\\\/\",\"url\":\"https:\\\/\\\/www.socialismoobarbarie.org\\\/wp-content\\\/uploads\\\/2025\\\/02\\\/soblogoweb-2025.png\",\"contentUrl\":\"https:\\\/\\\/www.socialismoobarbarie.org\\\/wp-content\\\/uploads\\\/2025\\\/02\\\/soblogoweb-2025.png\",\"width\":450,\"height\":161,\"caption\":\"Socialismo o Barbarie\"},\"image\":{\"@id\":\"https:\\\/\\\/www.socialismoobarbarie.org\\\/#\\\/schema\\\/logo\\\/image\\\/\"}},{\"@type\":\"Person\",\"@id\":\"https:\\\/\\\/www.socialismoobarbarie.org\\\/#\\\/schema\\\/person\\\/bc1c3b321d47ed092405949c77e35a8e\",\"name\":\"SOB\",\"url\":\"https:\\\/\\\/www.socialismoobarbarie.org\\\/?author=8\"}]}<\/script>\n<!-- \/ Yoast SEO plugin. -->","yoast_head_json":{"title":"Brasil - Crece la lucha por el fuera Temer - Socialismo o Barbarie","robots":{"index":"index","follow":"follow","max-snippet":"max-snippet:-1","max-image-preview":"max-image-preview:large","max-video-preview":"max-video-preview:-1"},"canonical":"https:\/\/www.socialismoobarbarie.org\/?p=8050","og_locale":"es_ES","og_type":"article","og_title":"Brasil - Crece la lucha por el fuera Temer - Socialismo o Barbarie","og_description":"Construir una movilizaci\u00f3n independiente para enfrentar los ataques hist\u00f3ricos La destituci\u00f3n de Dilma es s\u00f3lo una parte de la ofensiva reaccionaria en marcha llevada a cabo por la clase dominante que pretende imponer a los trabajadores ajustes neoliberales y contrarreformas estructurales. En el primer mes de su gobierno, Michel Temer (PMDB) sufri\u00f3 algunos embates, pero [&hellip;]","og_url":"https:\/\/www.socialismoobarbarie.org\/?p=8050","og_site_name":"Socialismo o Barbarie","article_published_time":"2016-06-17T03:22:03+00:00","article_modified_time":"2019-11-20T13:51:35+00:00","og_image":[{"width":700,"height":350,"url":"https:\/\/www.socialismoobarbarie.org\/wp-content\/uploads\/2016\/06\/fora-temer-e1466089107470.jpg","type":"image\/jpeg"}],"author":"SOB","twitter_card":"summary_large_image","twitter_misc":{"Escrito por":"SOB","Tiempo de lectura":"15 minutos"},"schema":{"@context":"https:\/\/schema.org","@graph":[{"@type":"Article","@id":"https:\/\/www.socialismoobarbarie.org\/?p=8050#article","isPartOf":{"@id":"https:\/\/www.socialismoobarbarie.org\/?p=8050"},"author":{"name":"SOB","@id":"https:\/\/www.socialismoobarbarie.org\/#\/schema\/person\/bc1c3b321d47ed092405949c77e35a8e"},"headline":"Brasil &#8211; Crece la lucha por el fuera Temer","datePublished":"2016-06-17T03:22:03+00:00","dateModified":"2019-11-20T13:51:35+00:00","mainEntityOfPage":{"@id":"https:\/\/www.socialismoobarbarie.org\/?p=8050"},"wordCount":3028,"publisher":{"@id":"https:\/\/www.socialismoobarbarie.org\/#organization"},"image":{"@id":"https:\/\/www.socialismoobarbarie.org\/?p=8050#primaryimage"},"thumbnailUrl":"https:\/\/www.socialismoobarbarie.org\/wp-content\/uploads\/2016\/06\/fora-temer-e1466089107470.jpg","keywords":["Antonio Soler","Edicion 34"],"articleSection":["Am\u00e9rica Latina","Brasil"],"inLanguage":"es"},{"@type":"WebPage","@id":"https:\/\/www.socialismoobarbarie.org\/?p=8050","url":"https:\/\/www.socialismoobarbarie.org\/?p=8050","name":"Brasil - Crece la lucha por el fuera Temer - Socialismo o Barbarie","isPartOf":{"@id":"https:\/\/www.socialismoobarbarie.org\/#website"},"primaryImageOfPage":{"@id":"https:\/\/www.socialismoobarbarie.org\/?p=8050#primaryimage"},"image":{"@id":"https:\/\/www.socialismoobarbarie.org\/?p=8050#primaryimage"},"thumbnailUrl":"https:\/\/www.socialismoobarbarie.org\/wp-content\/uploads\/2016\/06\/fora-temer-e1466089107470.jpg","datePublished":"2016-06-17T03:22:03+00:00","dateModified":"2019-11-20T13:51:35+00:00","breadcrumb":{"@id":"https:\/\/www.socialismoobarbarie.org\/?p=8050#breadcrumb"},"inLanguage":"es","potentialAction":[{"@type":"ReadAction","target":["https:\/\/www.socialismoobarbarie.org\/?p=8050"]}]},{"@type":"ImageObject","inLanguage":"es","@id":"https:\/\/www.socialismoobarbarie.org\/?p=8050#primaryimage","url":"https:\/\/www.socialismoobarbarie.org\/wp-content\/uploads\/2016\/06\/fora-temer-e1466089107470.jpg","contentUrl":"https:\/\/www.socialismoobarbarie.org\/wp-content\/uploads\/2016\/06\/fora-temer-e1466089107470.jpg","width":700,"height":350},{"@type":"BreadcrumbList","@id":"https:\/\/www.socialismoobarbarie.org\/?p=8050#breadcrumb","itemListElement":[{"@type":"ListItem","position":1,"name":"Portada","item":"https:\/\/www.socialismoobarbarie.org\/"},{"@type":"ListItem","position":2,"name":"Brasil &#8211; Crece la lucha por el fuera Temer"}]},{"@type":"WebSite","@id":"https:\/\/www.socialismoobarbarie.org\/#website","url":"https:\/\/www.socialismoobarbarie.org\/","name":"Socialismo o Barbarie","description":"Sitio web de la corriente internacional Socialismo o Barbarie","publisher":{"@id":"https:\/\/www.socialismoobarbarie.org\/#organization"},"potentialAction":[{"@type":"SearchAction","target":{"@type":"EntryPoint","urlTemplate":"https:\/\/www.socialismoobarbarie.org\/?s={search_term_string}"},"query-input":{"@type":"PropertyValueSpecification","valueRequired":true,"valueName":"search_term_string"}}],"inLanguage":"es"},{"@type":"Organization","@id":"https:\/\/www.socialismoobarbarie.org\/#organization","name":"Socialismo o Barbarie","url":"https:\/\/www.socialismoobarbarie.org\/","logo":{"@type":"ImageObject","inLanguage":"es","@id":"https:\/\/www.socialismoobarbarie.org\/#\/schema\/logo\/image\/","url":"https:\/\/www.socialismoobarbarie.org\/wp-content\/uploads\/2025\/02\/soblogoweb-2025.png","contentUrl":"https:\/\/www.socialismoobarbarie.org\/wp-content\/uploads\/2025\/02\/soblogoweb-2025.png","width":450,"height":161,"caption":"Socialismo o Barbarie"},"image":{"@id":"https:\/\/www.socialismoobarbarie.org\/#\/schema\/logo\/image\/"}},{"@type":"Person","@id":"https:\/\/www.socialismoobarbarie.org\/#\/schema\/person\/bc1c3b321d47ed092405949c77e35a8e","name":"SOB","url":"https:\/\/www.socialismoobarbarie.org\/?author=8"}]}},"_links":{"self":[{"href":"https:\/\/www.socialismoobarbarie.org\/index.php?rest_route=\/wp\/v2\/posts\/8050","targetHints":{"allow":["GET"]}}],"collection":[{"href":"https:\/\/www.socialismoobarbarie.org\/index.php?rest_route=\/wp\/v2\/posts"}],"about":[{"href":"https:\/\/www.socialismoobarbarie.org\/index.php?rest_route=\/wp\/v2\/types\/post"}],"author":[{"embeddable":true,"href":"https:\/\/www.socialismoobarbarie.org\/index.php?rest_route=\/wp\/v2\/users\/8"}],"replies":[{"embeddable":true,"href":"https:\/\/www.socialismoobarbarie.org\/index.php?rest_route=%2Fwp%2Fv2%2Fcomments&post=8050"}],"version-history":[{"count":2,"href":"https:\/\/www.socialismoobarbarie.org\/index.php?rest_route=\/wp\/v2\/posts\/8050\/revisions"}],"predecessor-version":[{"id":8056,"href":"https:\/\/www.socialismoobarbarie.org\/index.php?rest_route=\/wp\/v2\/posts\/8050\/revisions\/8056"}],"wp:featuredmedia":[{"embeddable":true,"href":"https:\/\/www.socialismoobarbarie.org\/index.php?rest_route=\/wp\/v2\/media\/8051"}],"wp:attachment":[{"href":"https:\/\/www.socialismoobarbarie.org\/index.php?rest_route=%2Fwp%2Fv2%2Fmedia&parent=8050"}],"wp:term":[{"taxonomy":"category","embeddable":true,"href":"https:\/\/www.socialismoobarbarie.org\/index.php?rest_route=%2Fwp%2Fv2%2Fcategories&post=8050"},{"taxonomy":"post_tag","embeddable":true,"href":"https:\/\/www.socialismoobarbarie.org\/index.php?rest_route=%2Fwp%2Fv2%2Ftags&post=8050"}],"curies":[{"name":"wp","href":"https:\/\/api.w.org\/{rel}","templated":true}]}}