{"id":8053,"date":"2016-06-17T00:24:12","date_gmt":"2016-06-17T03:24:12","guid":{"rendered":"https:\/\/www.socialismoobarbarie.org\/?p=8053"},"modified":"2018-07-12T19:18:43","modified_gmt":"2018-07-12T22:18:43","slug":"argentina-con-las-manos-en-la-masa","status":"publish","type":"post","link":"https:\/\/www.socialismoobarbarie.org\/?p=8053","title":{"rendered":"Argentina- Con las manos en la masa"},"content":{"rendered":"<h2>Macri redobla su ofensiva aprovech\u00e1ndose del bochorno de los K<strong><em><br \/>\n<\/em><\/strong><\/h2>\n<p><strong><em>\u201cEl gobierno expres\u00f3 su sorpresa por el hallazgo y, puertas adentro, festej\u00f3 la novedad porque entiende ayudar\u00e1 a la sociedad a interpretar el peso de la herencia recibida\u201d<\/em><\/strong> (La Naci\u00f3n, 15\/06\/16).<\/p>\n<p>Cuando cerramos esta edici\u00f3n sigue en cadenala bochornosa detenci\u00f3n de Jos\u00e9 L\u00f3pez, ex viceministro de Obras P\u00fablicas durante el kirchnerismo, agarrado <em>in fraganti<\/em> tratando de esconder nueve millones de d\u00f3lares en un monasterio\u2026<\/p>\n<p>Mejor no le pod\u00edan ir las cosas a Macri. Luegode la traici\u00f3n de Moyano neg\u00e1ndose a convocar el paro general, el gobierno ha retomado la iniciativa en un momento en el cual, si bien crece la crisis social, no se encuentran puntos de apoyo para una lucha unificada(circunstancia a la cual contribuye una parte de la izquierda agigantando la fragmentaci\u00f3n de las peleas<a href=\"https:\/\/www.mas.org.ar\/?p=9237#_edn1\" name=\"_ednref1\">[1]<\/a>).<\/p>\n<p><strong>No se salva nadie<br \/>\n<\/strong><\/p>\n<p>Comencemos con el bochorno de la detenci\u00f3n de L\u00f3pez. Mano derecha de De Vido, parece evidente que en un acto de desesperaci\u00f3n pretendi\u00f3 esconder millones de d\u00f3lares mal habidos en un monasterio,el que por alguna oscura raz\u00f3n \u00e9l y De Vido frecuentaban<a href=\"https:\/\/www.mas.org.ar\/?p=9237#_edn2\" name=\"_ednref2\">[2]<\/a>.<\/p>\n<p>Con ser la circunstancia de pel\u00edcula (raz\u00f3n por la cual ha acaparado la atenci\u00f3n de la opini\u00f3n p\u00fablica), no es lo m\u00e1s importante. Lo decisivo es entender c\u00f3mo funciona el enriquecimiento il\u00edcito en los gobiernos populistas, as\u00ed como la campa\u00f1a que de manera \u201cpendular\u201d encaran los gobiernos de libre mercado que los reemplazan para legitimarse (algo que le est\u00e1 dando amplios dividendos al oficialismo).<\/p>\n<p>Simplificando las cosas, digamos que bajo el capitalismo existen dos maneras de enriquecimiento: una forma supuestamente \u201cl\u00edcita\u201d y otra il\u00edcita. La \u201cl\u00edcita\u201d ser\u00eda <strong>la explotaci\u00f3n directa de los trabajadores<\/strong>. La practican los capitalistas pag\u00e1ndoles a los trabajadores el m\u00ednimo para reproducirse ellos y sus familias, <strong>apropi\u00e1ndose de todo el resto del trabajo realizado.\u00a0 <\/strong><\/p>\n<p>La ganancia tiene que surgir de alg\u00fan lado y ese lado es <strong>el trabajo que realiza pero no se le paga al trabajador<\/strong>. Al ser el capitalista el que pone las reglas de juego (en la medida en que es el propietario de las f\u00e1bricas, m\u00e1quinas, herramientas y materias primas para la producci\u00f3n), y siendo el trabajador due\u00f1o solamente de su capacidad de trabajo, se ve obligado a vend\u00e9rsela seg\u00fan las condiciones del mercado: salarios y condiciones de trabajo dadas que le garantizan al empresario una jugosa ganancia.<\/p>\n<p>De no ocurrir esto, no se entender\u00eda la infinita disparidad en las condiciones de vida de ambos: el capitalista maneja un BMW y el trabajador una bicicleta, am\u00e9n del resto de desigualdades en materia de vivienda, viajes, educaci\u00f3n,<strong>que trazan un abismo entre trabajadores y empresarios.\u00a0\u00a0 <\/strong><\/p>\n<p>Explotando a los trabajadores en su calidad de due\u00f1os, gerentes o lo que sea, se enriquecieron los Macri, Aranguren, Melconian y dem\u00e1s funcionarios del actual gobierno, lo que no ser\u00e1 un impedimento para enriquecerse doblemente ahora al calor del poder.<\/p>\n<p>Veamos entonces c\u00f3mo se enriquecen los funcionarios. En la medida en que no est\u00e1n al frente de empresas privadas (pueden estar al frente de empresas estatales, pero no son due\u00f1os de las mismas, tienen que enriquecerse de otra manera. Jos\u00e9 L\u00f3pez, De Vido, los esposos K y tantos otros funcionarios de la \u201cd\u00e9cada ganada\u201d <strong>se enriquecieron cobrando \u201ccomisiones\u201d (coimas) a las empresas que llevaron adelante obras para el Estado. <\/strong><\/p>\n<p>En las obras para el Estado el empresario se enriquece explotando a sus trabajadores. Pero tambi\u00e9n reparti\u00e9ndose con el funcionario la comisi\u00f3n que surge del contrato. Ese es el c\u00e1ncer de la obra p\u00fablica capitalista en un Estado que no est\u00e1 sometido a ning\u00fan control popular. Tiene que ver con los <strong>sobreprecios<\/strong>: se coloca un precio por encima de los costos reales y esa diferencia se la reparten entre el empresario y el funcionario (desde L\u00e1zaro B\u00e1ez hasta el grupo SOCMA de pap\u00e1 Macri, as\u00ed funciona la cosa).<\/p>\n<p>Cuando el Estado se \u201centromete\u201d en la econom\u00eda, el enriquecimiento de sus funcionarios se obtiene al calor de esta forma de \u201ccapitalismo de Estado\u201d que desarrollamos m\u00e1s arriba.<\/p>\n<p>Cuando el ciclo populista termina y se vuelve a un gobierno burgu\u00e9s m\u00e1s normal, este \u00faltimo suele cargar las tintas sobre el enriquecimiento de los funcionarios anteriores como manera de legitimar su orientaci\u00f3n de libre mercado: <strong>de ah\u00ed las campa\u00f1as \u201canticorrupci\u00f3n\u201d que los caracterizan<a href=\"https:\/\/www.mas.org.ar\/?p=9237#_edn3\" name=\"_ednref3\">[3]<\/a>.<\/strong><\/p>\n<p>Campa\u00f1a hip\u00f3crita porque su objetivo es simplemente legitimar el ajuste, el enriquecimiento capitalista \u201cnormal\u201d. Una hipocres\u00eda que se multiplica doblemente bajo Macri, siendo el caso que se est\u00e1 frente a un gobierno de <strong>fugadores seriales de capitales<\/strong>: empresarios que amasaron fortunas explotando a sus trabajadores, pero tambi\u00e9n haciendo negocios al amparo del Estado, y para colmo fugaron sus dineros al exterior para no pagar impuestos<a href=\"https:\/\/www.mas.org.ar\/?p=9237#_edn4\" name=\"_ednref4\">[4]<\/a>.<\/p>\n<p>\u00bfC\u00f3mo es posible que Carlos Melconian, actual presidente del Banco Naci\u00f3n, tenga en el exterior el 85% de su capital declarado? \u00a1Seguramente que el no declarado est\u00e1 en un 100% afuera! A partir de datos como este se entiende la ley de blanqueo, que con las excusa del \u201cpago a los jubilados\u201d est\u00e1 haciendo votar a estas horas el gobierno en el Congreso<a href=\"https:\/\/www.mas.org.ar\/?p=9237#_edn5\" name=\"_ednref5\">[5]<\/a>.<\/p>\n<p>En s\u00edntesis: <strong>estamos frente a un juego hip\u00f3crita, donde los K ca\u00eddos en desgracia sirven a la legitimaci\u00f3n un gobierno empresarial que est\u00e1 aplicando un dur\u00edsimo ajuste bajo la excusa de los desaguisados del gobierno anterior.<br \/>\n<\/strong><\/p>\n<p><strong>Macri retoma la ofensiva<br \/>\n<\/strong><\/p>\n<p>Pasemos ahora a una somera evaluaci\u00f3n de los seis primeros meses de Macri. Se puede decir que se han vivido tres coyunturas distintas. La primera marcada por la devaluaci\u00f3n, la quita de retenciones, los aumentos de tarifas, los despidos en el Estado (habilitando los privados tambi\u00e9n), y otra serie de medidas de ajuste. Una segunda, de crecimiento de la bronca entre los trabajadores, con la discusi\u00f3n por la ley antidespidos y el exitoso acto sindical del 29\/04, que apuntaba a poner contra las cuerdas al nuevo gobierno. Pero luego vino la traici\u00f3n de la burocracia, que termin\u00f3 abriendo una tercera coyuntura (la actual), <strong>donde el gobierno retoma con todo su ofensiva. <\/strong><\/p>\n<p>Es importante detenernos un poco en esto. La traici\u00f3n la encabez\u00f3 Moyano, pero fue pareja entre la CGT y la CTA. El caso de Moyano es especial por el rol que ocupa como principal bur\u00f3crata del pa\u00eds. Hay un conjunto de comportamientos que han llevado a esta escandalosa traici\u00f3n, pero la principal es una habitual en \u00e9l: <strong>desactivar medidas de conjunto y hacer como que lucha garantizando los intereses \u201ccorporativos\u201d de los camioneros. <\/strong><\/p>\n<p>Moyano hace casi ritualmente este show todos los a\u00f1os; el show de las paritarias: tiene a su gremio organizando y siempre logra conseguir alg\u00fan punto m\u00e1s, lo cual agiganta su pose de \u201ccombativo\u201d. Al mismo tiempo, <strong>deja en banda al resto de los trabajadores siendo el secretario general de la principal CGT. <\/strong><\/p>\n<p>La excusa ahora: \u201cdefender la democracia\u201d. Lo de siempre, la gobernabilidad,<strong>no poner contra las cuerdas un gobierno recientemente electo<\/strong>. Ya hemos explicado en estas p\u00e1ginas esta divisi\u00f3n de tareas: son los pol\u00edticos los que gobiernan, lo sindicalistas s\u00f3lo encabezan reclamos; Macri fue electo y tiene que gobernar. Fin del asunto.<\/p>\n<p>Por su parte, si bien la CTA hizo un acto denunciando a la CGT que se borr\u00f3 del paro general, en su \u00e1mbito de actuaci\u00f3n tambi\u00e9n ha traicionado: <strong>dej\u00f3 aisladas luchas docentes inmensas como la de Santiago del Estero y los compa\u00f1eros de Tierra del Fuego a pesar de que sufrieron una brutal represi\u00f3n, ni hablar de los despidos a nivel estatal.\u00a0 <\/strong><\/p>\n<p>Dentro de la ofensiva del gobierno hay un segundo elemento \u2013en realidad es el primero\u2013 que explica su fortaleza relativa a pesar de estar institucionalmente en minor\u00eda: <strong>la unidad burguesa e imperialista que existe en torno a \u00e9l. <\/strong>Internacional y regionalmente asistimos a una coyuntura reaccionaria: una vuelta de tuerca sobre los trabajadores para hacerles pagar la crisis. El gobierno de Macri se inscribe en este marco internacional y regional para llevar adelante su ofensiva.<\/p>\n<p>Que el gobierno est\u00e9 a la ofensiva no quiere decir, de todas maneras, <strong>que no existan factores din\u00e1micos que podr\u00edan ir en un sentido contrario<\/strong>. Es verdad que a nivel de la conciencia subsiste la enorme confusi\u00f3n de \u201cla herencia recibida\u201d, que \u201ces poco tiempo, que hay que ver qu\u00e9 hace Macri\u201d y cuestiones por el estilo. Tambi\u00e9n es cierto que en torno a la jornada del 29 de abril la bronca parec\u00eda comenzar a focalizarse en Macri, <strong>pero que eso luego se diluy\u00f3. <\/strong><\/p>\n<p>Pero de todas maneras existen factores din\u00e1micos de importancia. El primero, la marcha de la econom\u00eda, donde se est\u00e1 llegando a un <strong>nuevo cuello de botella<\/strong>. No podemos extendernos demasiado aqu\u00ed, s\u00f3lo se\u00f1alar que se est\u00e1n creando condiciones para un c\u00f3ctel explosivo: inflaci\u00f3n demasiado alta, recesi\u00f3n en puerta, ca\u00edda del empleo, retraso nuevamente del d\u00f3lar, falta de perspectivas inversoras reales (mediocridad de las commodities, falta de la suficiente confianza para hacer verdaderas inversiones en infraestructura, que son de muy largo plazo), econom\u00eda mundial estancada, Brasil sumido en una recesi\u00f3n hist\u00f3rica.<\/p>\n<p>\u00bfCu\u00e1l es el plan estrat\u00e9gico para superar estos escollos? \u00bfCu\u00e1l ser\u00e1 el factor dinamizador de la econom\u00eda? Interrogantes que no tienen respuesta, mientras que la meta del segundo semestre para recuperar la econom\u00eda ha sido postergada para el a\u00f1o pr\u00f3ximo\u2026<\/p>\n<p><strong>Unidad en la lucha para pararle la mano a Macri<br \/>\n<\/strong><\/p>\n<p>Junto con lo anterior est\u00e1 el incipiente retorno de la pobreza entre vastos sectores. El aumento de los precios, la recesi\u00f3n econ\u00f3mica, el parate en la creaci\u00f3n de empleo y los despidos, el sideral aumento de los servicios, el encarecimiento del transporte<strong>, son todos elementos que abonan un posible estallido de la crisis social. <\/strong><\/p>\n<p>Vidal y compa\u00f1\u00eda ya se est\u00e1n atajando frente a la eventualidad de saqueos, y eso que estamos lejos de Navidad. Les atribuyen a los K esa eventualidad, pero las teor\u00edas conspirativas siempre han sido falsas: cuando hubo estallidos sociales fue por razones <strong>reales,<\/strong> independientemente de que los \u201cconspiradores\u201d hayan tratado de utilizar los hechos.<\/p>\n<p>Es verdad que el gobierno ha retomado la iniciativa. Pero tambi\u00e9n es cierto que en su ofensiva parece <strong>desentenderse<\/strong> alegremente de las consecuencias profundas que sus actos est\u00e1n teniendo en lo m\u00e1s profundo de la sociedad (agreguemos de paso que todas las supuestas medidas de \u201ccontenci\u00f3n social\u201d del gobierno no dejan de ser puramente epid\u00e9rmicas o ficticias<a href=\"https:\/\/www.mas.org.ar\/?p=9237#_edn6\" name=\"_ednref6\">[6]<\/a>; es imposible que un gobierno cuyo contenido es retirar concesiones vaya a dar otras nuevas).<\/p>\n<p>La suma del deterioro econ\u00f3mico y la crisis social, en las condiciones de fragmentaci\u00f3n en las luchas, puede ser que hoy no encuentre un cauce para expresarse. Pero van haciendo su labor de topo: <strong>ma\u00f1ana podr\u00edan expresarse en una dur\u00edsima explosi\u00f3n de c\u00f3lera contra el gobierno macrista.\u00a0\u00a0 <\/strong><\/p>\n<p>Al servicio de las luchas en curso y de organizar el descontento es que debe colocarse la izquierda. Denunciando la traici\u00f3n de la burocracia (no simplemente una \u201ctregua\u201d como confusamente define el PTS). <strong>Pero tambi\u00e9nexplotando las oportunidades de unidad de acci\u00f3n para intentar pararle la mano a Macri<\/strong>.<\/p>\n<p>Esto en la perspectiva de una Jornada Nacional de Lucha con piquetes en todo el pa\u00eds y de una Asamblea Nacional de Trabajadores que re\u00fana a todos los sectores que est\u00e9n dispuestos a dar la pelea contra el gobierno alrededor de un pliego de reivindicaciones en camino a una salida de los trabajadores.<\/p>\n<p><a href=\"https:\/\/www.mas.org.ar\/?p=9237#_ednref1\" name=\"_edn1\">[1]<\/a>Nos referimos al FIT, al cual nos dedicaremos m\u00e1s abajo.<\/p>\n<p><a href=\"https:\/\/www.mas.org.ar\/?p=9237#_ednref2\" name=\"_edn2\">[2]<\/a>Al parecer ambos eran amigos del fallecido Monse\u00f1or Di Monte, de orientaci\u00f3n conservadora, que luego de su retiro se alojar\u00eda en dicho lugar.<\/p>\n<p><a href=\"https:\/\/www.mas.org.ar\/?p=9237#_ednref3\" name=\"_edn3\">[3]<\/a>Un caso extremo de estas campa\u00f1as fue la llevada a cabo por los EE.UU. contra el presidente de Brasil, Getulio Vargas, en 1954, el que termin\u00f3 suicid\u00e1ndose desmoralizado. Sin embargo, atenci\u00f3n: <strong>\u00a1este tipo de enriquecimiento al calor del Estado es org\u00e1nico en el populismo, pero esto no significa que no suceda tambi\u00e9n bajo gobiernos liberales como el de Macri! <\/strong><\/p>\n<p><a href=\"https:\/\/www.mas.org.ar\/?p=9237#_ednref4\" name=\"_edn4\">[4]<\/a>Quiz\u00e1s sea \u00fatil recordar esta <strong>doble fuente de enriquecimiento<\/strong> en el caso de Franco Macri, cuyo grupo empresarial, SOCMA, se hizo fuerte bajo la \u00faltima dictadura militar precisamente al amparo de contratos con el Estado.<\/p>\n<p><a href=\"https:\/\/www.mas.org.ar\/?p=9237#_ednref5\" name=\"_edn5\">[5]<\/a>Desde ya que la ley tiene un objetivo espec\u00edficamente econ\u00f3mico que va m\u00e1s all\u00e1 de legalizar a los blanqueadores: aumentar la recaudaci\u00f3n en divisas del Estado incluso en el caso de aquellos capitales que no retornen al pa\u00eds.<\/p>\n<p><a href=\"https:\/\/www.mas.org.ar\/?p=9237#_ednref6\" name=\"_edn6\">[6]<\/a>Ver ahora la marcha atr\u00e1s con la promesa de no descontar el impuesto a las ganancias en el medio aguinaldo de julio. Resulta ser que ser\u00eda descontado y luego eventualmente \u201cdevuelto\u201d para aquellos que \u201cest\u00e9n al d\u00eda\u201d en el pago de sus impuestos\u2026un galimat\u00edas incomprensible <strong>porque el gobierno de Macri es org\u00e1nicamente incapaz de hacer una sola verdadera concesi\u00f3n econ\u00f3mica y social. <\/strong><\/p>\n<p>&nbsp;<\/p>\n","protected":false},"excerpt":{"rendered":"<p>Macri redobla su ofensiva aprovech\u00e1ndose del bochorno de los K \u201cEl gobierno expres\u00f3 su sorpresa por el hallazgo y, puertas adentro, festej\u00f3 la novedad porque entiende ayudar\u00e1 a la sociedad a interpretar el peso de la herencia recibida\u201d (La Naci\u00f3n, 15\/06\/16). Cuando cerramos esta edici\u00f3n sigue en cadenala bochornosa detenci\u00f3n de Jos\u00e9 L\u00f3pez, ex viceministro [&hellip;]<\/p>\n","protected":false},"author":8,"featured_media":8054,"comment_status":"closed","ping_status":"closed","sticky":false,"template":"","format":"standard","meta":{"footnotes":""},"categories":[122,1656],"tags":[1533,1339],"class_list":{"0":"post-8053","1":"post","2":"type-post","3":"status-publish","4":"format-standard","5":"has-post-thumbnail","7":"category-america-latina-y-el-caribe","8":"category-argentina","9":"tag-edicion-34","10":"tag-editorial-sob-argentina"},"yoast_head":"<!-- This site is optimized with the Yoast SEO plugin v27.5 - https:\/\/yoast.com\/product\/yoast-seo-wordpress\/ -->\n<title>Argentina- Con las manos en la masa - Socialismo o Barbarie<\/title>\n<meta name=\"robots\" content=\"index, follow, max-snippet:-1, max-image-preview:large, max-video-preview:-1\" \/>\n<link rel=\"canonical\" href=\"https:\/\/www.socialismoobarbarie.org\/?p=8053\" \/>\n<meta property=\"og:locale\" content=\"es_ES\" \/>\n<meta property=\"og:type\" content=\"article\" \/>\n<meta property=\"og:title\" content=\"Argentina- Con las manos en la masa - Socialismo o Barbarie\" \/>\n<meta property=\"og:description\" content=\"Macri redobla su ofensiva aprovech\u00e1ndose del bochorno de los K \u201cEl gobierno expres\u00f3 su sorpresa por el hallazgo y, puertas adentro, festej\u00f3 la novedad porque entiende ayudar\u00e1 a la sociedad a interpretar el peso de la herencia recibida\u201d (La Naci\u00f3n, 15\/06\/16). Cuando cerramos esta edici\u00f3n sigue en cadenala bochornosa detenci\u00f3n de Jos\u00e9 L\u00f3pez, ex viceministro [&hellip;]\" \/>\n<meta property=\"og:url\" content=\"https:\/\/www.socialismoobarbarie.org\/?p=8053\" \/>\n<meta property=\"og:site_name\" content=\"Socialismo o Barbarie\" \/>\n<meta property=\"article:published_time\" content=\"2016-06-17T03:24:12+00:00\" \/>\n<meta property=\"article:modified_time\" content=\"2018-07-12T22:18:43+00:00\" \/>\n<meta property=\"og:image\" content=\"https:\/\/www.socialismoobarbarie.org\/wp-content\/uploads\/2016\/06\/editorial-2.jpg\" \/>\n\t<meta property=\"og:image:width\" content=\"694\" \/>\n\t<meta property=\"og:image:height\" content=\"403\" \/>\n\t<meta property=\"og:image:type\" content=\"image\/jpeg\" \/>\n<meta name=\"author\" content=\"SOB\" \/>\n<meta name=\"twitter:card\" content=\"summary_large_image\" \/>\n<meta name=\"twitter:label1\" content=\"Escrito por\" \/>\n\t<meta name=\"twitter:data1\" content=\"SOB\" \/>\n\t<meta name=\"twitter:label2\" content=\"Tiempo de lectura\" \/>\n\t<meta name=\"twitter:data2\" content=\"11 minutos\" \/>\n<script type=\"application\/ld+json\" class=\"yoast-schema-graph\">{\"@context\":\"https:\\\/\\\/schema.org\",\"@graph\":[{\"@type\":\"Article\",\"@id\":\"https:\\\/\\\/www.socialismoobarbarie.org\\\/?p=8053#article\",\"isPartOf\":{\"@id\":\"https:\\\/\\\/www.socialismoobarbarie.org\\\/?p=8053\"},\"author\":{\"name\":\"SOB\",\"@id\":\"https:\\\/\\\/www.socialismoobarbarie.org\\\/#\\\/schema\\\/person\\\/bc1c3b321d47ed092405949c77e35a8e\"},\"headline\":\"Argentina- Con las manos en la masa\",\"datePublished\":\"2016-06-17T03:24:12+00:00\",\"dateModified\":\"2018-07-12T22:18:43+00:00\",\"mainEntityOfPage\":{\"@id\":\"https:\\\/\\\/www.socialismoobarbarie.org\\\/?p=8053\"},\"wordCount\":2249,\"publisher\":{\"@id\":\"https:\\\/\\\/www.socialismoobarbarie.org\\\/#organization\"},\"image\":{\"@id\":\"https:\\\/\\\/www.socialismoobarbarie.org\\\/?p=8053#primaryimage\"},\"thumbnailUrl\":\"https:\\\/\\\/www.socialismoobarbarie.org\\\/wp-content\\\/uploads\\\/2016\\\/06\\\/editorial-2.jpg\",\"keywords\":[\"Edicion 34\",\"Editorial SoB Argentina\"],\"articleSection\":[\"Am\u00e9rica Latina\",\"Argentina\"],\"inLanguage\":\"es\"},{\"@type\":\"WebPage\",\"@id\":\"https:\\\/\\\/www.socialismoobarbarie.org\\\/?p=8053\",\"url\":\"https:\\\/\\\/www.socialismoobarbarie.org\\\/?p=8053\",\"name\":\"Argentina- Con las manos en la masa - Socialismo o Barbarie\",\"isPartOf\":{\"@id\":\"https:\\\/\\\/www.socialismoobarbarie.org\\\/#website\"},\"primaryImageOfPage\":{\"@id\":\"https:\\\/\\\/www.socialismoobarbarie.org\\\/?p=8053#primaryimage\"},\"image\":{\"@id\":\"https:\\\/\\\/www.socialismoobarbarie.org\\\/?p=8053#primaryimage\"},\"thumbnailUrl\":\"https:\\\/\\\/www.socialismoobarbarie.org\\\/wp-content\\\/uploads\\\/2016\\\/06\\\/editorial-2.jpg\",\"datePublished\":\"2016-06-17T03:24:12+00:00\",\"dateModified\":\"2018-07-12T22:18:43+00:00\",\"breadcrumb\":{\"@id\":\"https:\\\/\\\/www.socialismoobarbarie.org\\\/?p=8053#breadcrumb\"},\"inLanguage\":\"es\",\"potentialAction\":[{\"@type\":\"ReadAction\",\"target\":[\"https:\\\/\\\/www.socialismoobarbarie.org\\\/?p=8053\"]}]},{\"@type\":\"ImageObject\",\"inLanguage\":\"es\",\"@id\":\"https:\\\/\\\/www.socialismoobarbarie.org\\\/?p=8053#primaryimage\",\"url\":\"https:\\\/\\\/www.socialismoobarbarie.org\\\/wp-content\\\/uploads\\\/2016\\\/06\\\/editorial-2.jpg\",\"contentUrl\":\"https:\\\/\\\/www.socialismoobarbarie.org\\\/wp-content\\\/uploads\\\/2016\\\/06\\\/editorial-2.jpg\",\"width\":694,\"height\":403},{\"@type\":\"BreadcrumbList\",\"@id\":\"https:\\\/\\\/www.socialismoobarbarie.org\\\/?p=8053#breadcrumb\",\"itemListElement\":[{\"@type\":\"ListItem\",\"position\":1,\"name\":\"Portada\",\"item\":\"https:\\\/\\\/www.socialismoobarbarie.org\\\/\"},{\"@type\":\"ListItem\",\"position\":2,\"name\":\"Argentina- Con las manos en la masa\"}]},{\"@type\":\"WebSite\",\"@id\":\"https:\\\/\\\/www.socialismoobarbarie.org\\\/#website\",\"url\":\"https:\\\/\\\/www.socialismoobarbarie.org\\\/\",\"name\":\"Socialismo o Barbarie\",\"description\":\"Sitio web de la corriente internacional Socialismo o Barbarie\",\"publisher\":{\"@id\":\"https:\\\/\\\/www.socialismoobarbarie.org\\\/#organization\"},\"potentialAction\":[{\"@type\":\"SearchAction\",\"target\":{\"@type\":\"EntryPoint\",\"urlTemplate\":\"https:\\\/\\\/www.socialismoobarbarie.org\\\/?s={search_term_string}\"},\"query-input\":{\"@type\":\"PropertyValueSpecification\",\"valueRequired\":true,\"valueName\":\"search_term_string\"}}],\"inLanguage\":\"es\"},{\"@type\":\"Organization\",\"@id\":\"https:\\\/\\\/www.socialismoobarbarie.org\\\/#organization\",\"name\":\"Socialismo o Barbarie\",\"url\":\"https:\\\/\\\/www.socialismoobarbarie.org\\\/\",\"logo\":{\"@type\":\"ImageObject\",\"inLanguage\":\"es\",\"@id\":\"https:\\\/\\\/www.socialismoobarbarie.org\\\/#\\\/schema\\\/logo\\\/image\\\/\",\"url\":\"https:\\\/\\\/www.socialismoobarbarie.org\\\/wp-content\\\/uploads\\\/2025\\\/02\\\/soblogoweb-2025.png\",\"contentUrl\":\"https:\\\/\\\/www.socialismoobarbarie.org\\\/wp-content\\\/uploads\\\/2025\\\/02\\\/soblogoweb-2025.png\",\"width\":450,\"height\":161,\"caption\":\"Socialismo o Barbarie\"},\"image\":{\"@id\":\"https:\\\/\\\/www.socialismoobarbarie.org\\\/#\\\/schema\\\/logo\\\/image\\\/\"}},{\"@type\":\"Person\",\"@id\":\"https:\\\/\\\/www.socialismoobarbarie.org\\\/#\\\/schema\\\/person\\\/bc1c3b321d47ed092405949c77e35a8e\",\"name\":\"SOB\",\"url\":\"https:\\\/\\\/www.socialismoobarbarie.org\\\/?author=8\"}]}<\/script>\n<!-- \/ Yoast SEO plugin. -->","yoast_head_json":{"title":"Argentina- Con las manos en la masa - Socialismo o Barbarie","robots":{"index":"index","follow":"follow","max-snippet":"max-snippet:-1","max-image-preview":"max-image-preview:large","max-video-preview":"max-video-preview:-1"},"canonical":"https:\/\/www.socialismoobarbarie.org\/?p=8053","og_locale":"es_ES","og_type":"article","og_title":"Argentina- Con las manos en la masa - Socialismo o Barbarie","og_description":"Macri redobla su ofensiva aprovech\u00e1ndose del bochorno de los K \u201cEl gobierno expres\u00f3 su sorpresa por el hallazgo y, puertas adentro, festej\u00f3 la novedad porque entiende ayudar\u00e1 a la sociedad a interpretar el peso de la herencia recibida\u201d (La Naci\u00f3n, 15\/06\/16). Cuando cerramos esta edici\u00f3n sigue en cadenala bochornosa detenci\u00f3n de Jos\u00e9 L\u00f3pez, ex viceministro [&hellip;]","og_url":"https:\/\/www.socialismoobarbarie.org\/?p=8053","og_site_name":"Socialismo o Barbarie","article_published_time":"2016-06-17T03:24:12+00:00","article_modified_time":"2018-07-12T22:18:43+00:00","og_image":[{"width":694,"height":403,"url":"https:\/\/www.socialismoobarbarie.org\/wp-content\/uploads\/2016\/06\/editorial-2.jpg","type":"image\/jpeg"}],"author":"SOB","twitter_card":"summary_large_image","twitter_misc":{"Escrito por":"SOB","Tiempo de lectura":"11 minutos"},"schema":{"@context":"https:\/\/schema.org","@graph":[{"@type":"Article","@id":"https:\/\/www.socialismoobarbarie.org\/?p=8053#article","isPartOf":{"@id":"https:\/\/www.socialismoobarbarie.org\/?p=8053"},"author":{"name":"SOB","@id":"https:\/\/www.socialismoobarbarie.org\/#\/schema\/person\/bc1c3b321d47ed092405949c77e35a8e"},"headline":"Argentina- Con las manos en la masa","datePublished":"2016-06-17T03:24:12+00:00","dateModified":"2018-07-12T22:18:43+00:00","mainEntityOfPage":{"@id":"https:\/\/www.socialismoobarbarie.org\/?p=8053"},"wordCount":2249,"publisher":{"@id":"https:\/\/www.socialismoobarbarie.org\/#organization"},"image":{"@id":"https:\/\/www.socialismoobarbarie.org\/?p=8053#primaryimage"},"thumbnailUrl":"https:\/\/www.socialismoobarbarie.org\/wp-content\/uploads\/2016\/06\/editorial-2.jpg","keywords":["Edicion 34","Editorial SoB Argentina"],"articleSection":["Am\u00e9rica Latina","Argentina"],"inLanguage":"es"},{"@type":"WebPage","@id":"https:\/\/www.socialismoobarbarie.org\/?p=8053","url":"https:\/\/www.socialismoobarbarie.org\/?p=8053","name":"Argentina- Con las manos en la masa - Socialismo o Barbarie","isPartOf":{"@id":"https:\/\/www.socialismoobarbarie.org\/#website"},"primaryImageOfPage":{"@id":"https:\/\/www.socialismoobarbarie.org\/?p=8053#primaryimage"},"image":{"@id":"https:\/\/www.socialismoobarbarie.org\/?p=8053#primaryimage"},"thumbnailUrl":"https:\/\/www.socialismoobarbarie.org\/wp-content\/uploads\/2016\/06\/editorial-2.jpg","datePublished":"2016-06-17T03:24:12+00:00","dateModified":"2018-07-12T22:18:43+00:00","breadcrumb":{"@id":"https:\/\/www.socialismoobarbarie.org\/?p=8053#breadcrumb"},"inLanguage":"es","potentialAction":[{"@type":"ReadAction","target":["https:\/\/www.socialismoobarbarie.org\/?p=8053"]}]},{"@type":"ImageObject","inLanguage":"es","@id":"https:\/\/www.socialismoobarbarie.org\/?p=8053#primaryimage","url":"https:\/\/www.socialismoobarbarie.org\/wp-content\/uploads\/2016\/06\/editorial-2.jpg","contentUrl":"https:\/\/www.socialismoobarbarie.org\/wp-content\/uploads\/2016\/06\/editorial-2.jpg","width":694,"height":403},{"@type":"BreadcrumbList","@id":"https:\/\/www.socialismoobarbarie.org\/?p=8053#breadcrumb","itemListElement":[{"@type":"ListItem","position":1,"name":"Portada","item":"https:\/\/www.socialismoobarbarie.org\/"},{"@type":"ListItem","position":2,"name":"Argentina- Con las manos en la masa"}]},{"@type":"WebSite","@id":"https:\/\/www.socialismoobarbarie.org\/#website","url":"https:\/\/www.socialismoobarbarie.org\/","name":"Socialismo o Barbarie","description":"Sitio web de la corriente internacional Socialismo o Barbarie","publisher":{"@id":"https:\/\/www.socialismoobarbarie.org\/#organization"},"potentialAction":[{"@type":"SearchAction","target":{"@type":"EntryPoint","urlTemplate":"https:\/\/www.socialismoobarbarie.org\/?s={search_term_string}"},"query-input":{"@type":"PropertyValueSpecification","valueRequired":true,"valueName":"search_term_string"}}],"inLanguage":"es"},{"@type":"Organization","@id":"https:\/\/www.socialismoobarbarie.org\/#organization","name":"Socialismo o Barbarie","url":"https:\/\/www.socialismoobarbarie.org\/","logo":{"@type":"ImageObject","inLanguage":"es","@id":"https:\/\/www.socialismoobarbarie.org\/#\/schema\/logo\/image\/","url":"https:\/\/www.socialismoobarbarie.org\/wp-content\/uploads\/2025\/02\/soblogoweb-2025.png","contentUrl":"https:\/\/www.socialismoobarbarie.org\/wp-content\/uploads\/2025\/02\/soblogoweb-2025.png","width":450,"height":161,"caption":"Socialismo o Barbarie"},"image":{"@id":"https:\/\/www.socialismoobarbarie.org\/#\/schema\/logo\/image\/"}},{"@type":"Person","@id":"https:\/\/www.socialismoobarbarie.org\/#\/schema\/person\/bc1c3b321d47ed092405949c77e35a8e","name":"SOB","url":"https:\/\/www.socialismoobarbarie.org\/?author=8"}]}},"_links":{"self":[{"href":"https:\/\/www.socialismoobarbarie.org\/index.php?rest_route=\/wp\/v2\/posts\/8053","targetHints":{"allow":["GET"]}}],"collection":[{"href":"https:\/\/www.socialismoobarbarie.org\/index.php?rest_route=\/wp\/v2\/posts"}],"about":[{"href":"https:\/\/www.socialismoobarbarie.org\/index.php?rest_route=\/wp\/v2\/types\/post"}],"author":[{"embeddable":true,"href":"https:\/\/www.socialismoobarbarie.org\/index.php?rest_route=\/wp\/v2\/users\/8"}],"replies":[{"embeddable":true,"href":"https:\/\/www.socialismoobarbarie.org\/index.php?rest_route=%2Fwp%2Fv2%2Fcomments&post=8053"}],"version-history":[{"count":1,"href":"https:\/\/www.socialismoobarbarie.org\/index.php?rest_route=\/wp\/v2\/posts\/8053\/revisions"}],"predecessor-version":[{"id":8055,"href":"https:\/\/www.socialismoobarbarie.org\/index.php?rest_route=\/wp\/v2\/posts\/8053\/revisions\/8055"}],"wp:featuredmedia":[{"embeddable":true,"href":"https:\/\/www.socialismoobarbarie.org\/index.php?rest_route=\/wp\/v2\/media\/8054"}],"wp:attachment":[{"href":"https:\/\/www.socialismoobarbarie.org\/index.php?rest_route=%2Fwp%2Fv2%2Fmedia&parent=8053"}],"wp:term":[{"taxonomy":"category","embeddable":true,"href":"https:\/\/www.socialismoobarbarie.org\/index.php?rest_route=%2Fwp%2Fv2%2Fcategories&post=8053"},{"taxonomy":"post_tag","embeddable":true,"href":"https:\/\/www.socialismoobarbarie.org\/index.php?rest_route=%2Fwp%2Fv2%2Ftags&post=8053"}],"curies":[{"name":"wp","href":"https:\/\/api.w.org\/{rel}","templated":true}]}}