{"id":8319,"date":"2016-07-28T19:10:23","date_gmt":"2016-07-28T22:10:23","guid":{"rendered":"https:\/\/www.socialismoobarbarie.org\/?p=8319"},"modified":"2018-07-12T19:18:43","modified_gmt":"2018-07-12T22:18:43","slug":"argentina-los-servicios-publicos-son-un-derecho","status":"publish","type":"post","link":"https:\/\/www.socialismoobarbarie.org\/?p=8319","title":{"rendered":"Argentina &#8211; Los servicios p\u00fablicos son un derecho"},"content":{"rendered":"<p><em>Columna publicada originalmente en El Destape Web (<a href=\"http:\/\/www.eldestapeweb.com\/los-servicios-publicos-son-un-derecho-n19312\">http:\/\/www.eldestapeweb.com\/los-servicios-publicos-son-un-derecho-n19312<\/a>)<\/em><\/p>\n<p>La dirigente del Nuevo MAS da su opini\u00f3n sobre el aumento de las tarifas de servicios p\u00fablicos dispuesta por el macrismo.<\/p>\n<p><a href=\"http:\/\/www.eldestapeweb.com\/perfil\/101-manuela-castaneira\">Manuela Casta\u00f1eira<\/a><\/p>\n<p>26 DE JULIO 2016<\/p>\n<p>El debate sobre el tarifazo en los diferentes servicios p\u00fablicos (especialmente el gas, pero tambi\u00e9n el agua, la luz, el transporte, etc.)\u00a0<strong>est\u00e1 en el centro de la agenda pol\u00edtica nacional.\u00a0<\/strong>Los cacerolazos realizados hace unos d\u00edas le dieron canal de expresi\u00f3n a\u00a0<strong>una gran bronca que se est\u00e1 acumulando desde abajo<\/strong>. La suspensi\u00f3n judicial a la aplicaci\u00f3n de las nuevas tarifas del gas es una consecuencia de este malestar social. No quedan dudas que el precio de los servicios p\u00fablicos es en este momento la mayor fuente de problemas para el gobierno macrista, gobierno que de todas maneras est\u00e1 a la espera que de un momento a otro la Corte\u00a0<strong>le d\u00e9 la raz\u00f3n con los\u00a0<\/strong><a href=\"http:\/\/www.eldestapeweb.com\/aumentos-a1841\"><strong>aumentos<\/strong><\/a><strong>.<\/strong><\/p>\n<p>A este respecto particip\u00e9 de un debate hace algunos d\u00edas en el programa Minuto Uno (C5N) en su edici\u00f3n del viernes. En boca de economistas neoliberales como\u00a0<strong>Miguel \u00c1ngel Boggiano<\/strong>\u00a0(de \u00abCarta Financiera\u00bb) y otros se expres\u00f3 la concepci\u00f3n macrista sobre los servicios p\u00fablicos. All\u00ed dijeron que\u00a0<strong>\u00abhay que pagar lo que las cosas cuestan\u00bb<\/strong>. Pero esto significa\u00a0<strong>una mercantilizaci\u00f3n de lo que deber\u00eda ser un derecho.<\/strong><\/p>\n<p>Porque lo servicios p\u00fablicos comprenden<strong>\u00a0las necesidades b\u00e1sicas de la sociedad:<\/strong>\u00a0el transporte para llegar al trabajo, el gas para no pasar fr\u00edo, la electricidad sin la cual no se puede vivir. Desconocer esto es proponer\u00a0<strong>un futuro de miseria e indigencia masiva.<\/strong><\/p>\n<p>Las principales v\u00edctimas del tarifazo macrista\u00a0<strong>son los que viven de su trabajo<\/strong>, que ven como una parte muy importante de sus salarios es devorada\u00a0<strong>por un pu\u00f1ado de empresas privatizadas.\u00a0<\/strong>Agreguemos que son empresas que durante los doce a\u00f1os de gobierno kirchnerista -\u00a1que no dio un s\u00f3lo paso para quitarles la concesi\u00f3n!-\u00a0<strong>se llevaron millones y millones de pesos en ganancias\u00a0<\/strong>sin hacer ni una sola inversi\u00f3n, vaciando los servicios p\u00fablicos. Por eso mismo hoy las prestaciones son p\u00e9simas y un insulto a todos los usuarios:\u00a0<a href=\"http:\/\/www.eldestapeweb.com\/cortes-luz-a1691\"><strong>cortes de luz<\/strong><\/a><strong>\u00a0<\/strong>permanentes, viajes abarrotados y peligrosos, entre otros.<\/p>\n<p>Actualmente, ni siquiera sabemos cu\u00e1les son los costos reales de operaci\u00f3n de las empresas de servicios, ya que\u00a0<strong>no abren los libros contables<\/strong>, ni procedieron a realizar audiencias p\u00fablicas. Pero nos dicen que<strong>\u00a0\u00ablas tarifas estaban demasiado baratas\u00bb<\/strong>\u00a0y por eso el costo tendr\u00eda que recaer en los usuarios, cuya inmensa mayor\u00eda vive de un salario que corre por detr\u00e1s de la inflaci\u00f3n. Esto significa que el que no puede pagarlas,<strong>\u00a0se tiene que congelar en su casa y morir de fr\u00edo<\/strong>, como ya est\u00e1 ocurriendo.\u00a0<strong>\u00bfAlguien puede creer que Macri pase fr\u00edo en la Quinta de Olivos como nos ha pedido que pasemos en nuestras casas?<\/strong><\/p>\n<p>Los multimillonarios como Macri y sus defensores neoliberales nos dicen que tenemos que \u00abpagar el costo de las cosas\u00bb, porque si no \u00abcrece el d\u00e9ficit fiscal\u00bb. Pero al mismo tiempo\u00a0<strong>le reducen los impuestos a los grandes capitalistas<\/strong>: los empresarios del campo, de la miner\u00eda, de la banca y de la gran industria. Es decir: aumentan el d\u00e9ficit para favorecer a los empresario y\u00a0<strong>quieren que lo paguemos los que vivimos de nuestro trabajo.<\/strong><\/p>\n<p>Es por esta raz\u00f3n que\u00a0<strong>repudio el tarifazo de Macri y Aranguren.<\/strong>\u00a0Los servicios p\u00fablicos son un derecho y por eso su precio\u00a0<strong>debe ser accesible para toda la poblaci\u00f3n<\/strong>. No deber\u00eda existir el lucro privado con los servicios para obtener ganancia, por lo que deber\u00edan\u00a0<strong>anularse todas las concesiones y privatizaciones.\u00a0<\/strong>Los servicios tienen que estar bajo propiedad estatal, administrados por sus trabajadores y controlados los usuarios. La poblaci\u00f3n tiene que conocer cu\u00e1les son los n\u00fameros que se manejan, c\u00f3mo y para qu\u00e9 se utilizan los recursos.<\/p>\n<p>Por eso mismo se tiene que ir Aranguren:<strong>\u00a0\u00bfc\u00f3mo puede estar al frente del Ministerio de\u00a0<\/strong><a href=\"http:\/\/www.eldestapeweb.com\/energia-a170\"><strong>Energ\u00eda<\/strong><\/a><strong>\u00a0un empresario que tiene intereses directos en el sector?\u00a0<\/strong>Es la m\u00e1xima expresi\u00f3n de un gobierno de multimillonarios y gerentes de empresas, que gobiernan para los que m\u00e1s tienen. Que fugan sus ganancias al exterior a trav\u00e9s de las \u00aboffshore\u00bb para evadir impuestos, al mismo tiempo que nos dicen que tenemos que pagar hasta el \u00faltimo centavo de lo que consumimos.<\/p>\n<p><strong>No es cierto que \u00abno haya alternativa\u00bb al tarifazo<\/strong>\u00a0como dice Macri, ni tampoco que la salida sea el modelo del kirchnerismo, que vaci\u00f3 los servicios p\u00fablicos durante sus mandatos. El camino es poner los servicios en manos de los de abajo, de los trabajadores y el pueblo.<\/p>\n<p><strong>Hay que pararle la mano a Macri y a su tarifazo<\/strong>, redoblando los cacerolazos y todas las movilizaciones populares contra el ajuste.<\/p>\n<p><iframe loading=\"lazy\" src=\"https:\/\/www.youtube.com\/embed\/i4FkrnV5zDM\" width=\"550\" height=\"315\" frameborder=\"0\" allowfullscreen=\"allowfullscreen\"><\/iframe><\/p>\n<p><iframe loading=\"lazy\" src=\"https:\/\/www.youtube.com\/embed\/nH8rIERCVYQ\" width=\"550\" height=\"315\" frameborder=\"0\" allowfullscreen=\"allowfullscreen\"><\/iframe><\/p>\n","protected":false},"excerpt":{"rendered":"<p>Columna publicada originalmente en El Destape Web (http:\/\/www.eldestapeweb.com\/los-servicios-publicos-son-un-derecho-n19312) La dirigente del Nuevo MAS da su opini\u00f3n sobre el aumento de las tarifas de servicios p\u00fablicos dispuesta por el macrismo. Manuela Casta\u00f1eira 26 DE JULIO 2016 El debate sobre el tarifazo en los diferentes servicios p\u00fablicos (especialmente el gas, pero tambi\u00e9n el agua, la luz, el [&hellip;]<\/p>\n","protected":false},"author":8,"featured_media":7961,"comment_status":"closed","ping_status":"closed","sticky":false,"template":"","format":"standard","meta":{"footnotes":""},"categories":[122,1656],"tags":[1552,1279],"class_list":{"0":"post-8319","1":"post","2":"type-post","3":"status-publish","4":"format-standard","5":"has-post-thumbnail","7":"category-america-latina-y-el-caribe","8":"category-argentina","9":"tag-edicion-40","10":"tag-manuela-castaneira"},"yoast_head":"<!-- This site is optimized with the Yoast SEO plugin v27.4 - https:\/\/yoast.com\/product\/yoast-seo-wordpress\/ -->\n<title>Argentina - Los servicios p\u00fablicos son un derecho - Socialismo o Barbarie<\/title>\n<meta name=\"robots\" content=\"index, follow, max-snippet:-1, max-image-preview:large, max-video-preview:-1\" \/>\n<link rel=\"canonical\" href=\"https:\/\/www.socialismoobarbarie.org\/?p=8319\" \/>\n<meta property=\"og:locale\" content=\"es_ES\" \/>\n<meta property=\"og:type\" content=\"article\" \/>\n<meta property=\"og:title\" content=\"Argentina - Los servicios p\u00fablicos son un derecho - Socialismo o Barbarie\" \/>\n<meta property=\"og:description\" content=\"Columna publicada originalmente en El Destape Web (http:\/\/www.eldestapeweb.com\/los-servicios-publicos-son-un-derecho-n19312) La dirigente del Nuevo MAS da su opini\u00f3n sobre el aumento de las tarifas de servicios p\u00fablicos dispuesta por el macrismo. Manuela Casta\u00f1eira 26 DE JULIO 2016 El debate sobre el tarifazo en los diferentes servicios p\u00fablicos (especialmente el gas, pero tambi\u00e9n el agua, la luz, el [&hellip;]\" \/>\n<meta property=\"og:url\" content=\"https:\/\/www.socialismoobarbarie.org\/?p=8319\" \/>\n<meta property=\"og:site_name\" content=\"Socialismo o Barbarie\" \/>\n<meta property=\"article:published_time\" content=\"2016-07-28T22:10:23+00:00\" \/>\n<meta property=\"article:modified_time\" content=\"2018-07-12T22:18:43+00:00\" \/>\n<meta property=\"og:image\" content=\"https:\/\/www.socialismoobarbarie.org\/wp-content\/uploads\/2016\/05\/manuela-4x3-e1464671670756.jpg\" \/>\n\t<meta property=\"og:image:width\" content=\"700\" \/>\n\t<meta property=\"og:image:height\" content=\"367\" \/>\n\t<meta property=\"og:image:type\" content=\"image\/jpeg\" \/>\n<meta name=\"author\" content=\"SOB\" \/>\n<meta name=\"twitter:card\" content=\"summary_large_image\" \/>\n<meta name=\"twitter:label1\" content=\"Escrito por\" \/>\n\t<meta name=\"twitter:data1\" content=\"SOB\" \/>\n\t<meta name=\"twitter:label2\" content=\"Tiempo de lectura\" \/>\n\t<meta name=\"twitter:data2\" content=\"4 minutos\" \/>\n<script type=\"application\/ld+json\" class=\"yoast-schema-graph\">{\"@context\":\"https:\\\/\\\/schema.org\",\"@graph\":[{\"@type\":\"Article\",\"@id\":\"https:\\\/\\\/www.socialismoobarbarie.org\\\/?p=8319#article\",\"isPartOf\":{\"@id\":\"https:\\\/\\\/www.socialismoobarbarie.org\\\/?p=8319\"},\"author\":{\"name\":\"SOB\",\"@id\":\"https:\\\/\\\/www.socialismoobarbarie.org\\\/#\\\/schema\\\/person\\\/bc1c3b321d47ed092405949c77e35a8e\"},\"headline\":\"Argentina &#8211; Los servicios p\u00fablicos son un derecho\",\"datePublished\":\"2016-07-28T22:10:23+00:00\",\"dateModified\":\"2018-07-12T22:18:43+00:00\",\"mainEntityOfPage\":{\"@id\":\"https:\\\/\\\/www.socialismoobarbarie.org\\\/?p=8319\"},\"wordCount\":848,\"publisher\":{\"@id\":\"https:\\\/\\\/www.socialismoobarbarie.org\\\/#organization\"},\"image\":{\"@id\":\"https:\\\/\\\/www.socialismoobarbarie.org\\\/?p=8319#primaryimage\"},\"thumbnailUrl\":\"https:\\\/\\\/www.socialismoobarbarie.org\\\/wp-content\\\/uploads\\\/2016\\\/05\\\/manuela-4x3-e1464671670756.jpg\",\"keywords\":[\"Edicion 40\",\"Manuela Casta\u00f1eira\"],\"articleSection\":[\"Am\u00e9rica Latina\",\"Argentina\"],\"inLanguage\":\"es\"},{\"@type\":\"WebPage\",\"@id\":\"https:\\\/\\\/www.socialismoobarbarie.org\\\/?p=8319\",\"url\":\"https:\\\/\\\/www.socialismoobarbarie.org\\\/?p=8319\",\"name\":\"Argentina - Los servicios p\u00fablicos son un derecho - Socialismo o Barbarie\",\"isPartOf\":{\"@id\":\"https:\\\/\\\/www.socialismoobarbarie.org\\\/#website\"},\"primaryImageOfPage\":{\"@id\":\"https:\\\/\\\/www.socialismoobarbarie.org\\\/?p=8319#primaryimage\"},\"image\":{\"@id\":\"https:\\\/\\\/www.socialismoobarbarie.org\\\/?p=8319#primaryimage\"},\"thumbnailUrl\":\"https:\\\/\\\/www.socialismoobarbarie.org\\\/wp-content\\\/uploads\\\/2016\\\/05\\\/manuela-4x3-e1464671670756.jpg\",\"datePublished\":\"2016-07-28T22:10:23+00:00\",\"dateModified\":\"2018-07-12T22:18:43+00:00\",\"breadcrumb\":{\"@id\":\"https:\\\/\\\/www.socialismoobarbarie.org\\\/?p=8319#breadcrumb\"},\"inLanguage\":\"es\",\"potentialAction\":[{\"@type\":\"ReadAction\",\"target\":[\"https:\\\/\\\/www.socialismoobarbarie.org\\\/?p=8319\"]}]},{\"@type\":\"ImageObject\",\"inLanguage\":\"es\",\"@id\":\"https:\\\/\\\/www.socialismoobarbarie.org\\\/?p=8319#primaryimage\",\"url\":\"https:\\\/\\\/www.socialismoobarbarie.org\\\/wp-content\\\/uploads\\\/2016\\\/05\\\/manuela-4x3-e1464671670756.jpg\",\"contentUrl\":\"https:\\\/\\\/www.socialismoobarbarie.org\\\/wp-content\\\/uploads\\\/2016\\\/05\\\/manuela-4x3-e1464671670756.jpg\",\"width\":700,\"height\":367},{\"@type\":\"BreadcrumbList\",\"@id\":\"https:\\\/\\\/www.socialismoobarbarie.org\\\/?p=8319#breadcrumb\",\"itemListElement\":[{\"@type\":\"ListItem\",\"position\":1,\"name\":\"Portada\",\"item\":\"https:\\\/\\\/www.socialismoobarbarie.org\\\/\"},{\"@type\":\"ListItem\",\"position\":2,\"name\":\"Argentina &#8211; Los servicios p\u00fablicos son un derecho\"}]},{\"@type\":\"WebSite\",\"@id\":\"https:\\\/\\\/www.socialismoobarbarie.org\\\/#website\",\"url\":\"https:\\\/\\\/www.socialismoobarbarie.org\\\/\",\"name\":\"Socialismo o Barbarie\",\"description\":\"Sitio web de la corriente internacional Socialismo o Barbarie\",\"publisher\":{\"@id\":\"https:\\\/\\\/www.socialismoobarbarie.org\\\/#organization\"},\"potentialAction\":[{\"@type\":\"SearchAction\",\"target\":{\"@type\":\"EntryPoint\",\"urlTemplate\":\"https:\\\/\\\/www.socialismoobarbarie.org\\\/?s={search_term_string}\"},\"query-input\":{\"@type\":\"PropertyValueSpecification\",\"valueRequired\":true,\"valueName\":\"search_term_string\"}}],\"inLanguage\":\"es\"},{\"@type\":\"Organization\",\"@id\":\"https:\\\/\\\/www.socialismoobarbarie.org\\\/#organization\",\"name\":\"Socialismo o Barbarie\",\"url\":\"https:\\\/\\\/www.socialismoobarbarie.org\\\/\",\"logo\":{\"@type\":\"ImageObject\",\"inLanguage\":\"es\",\"@id\":\"https:\\\/\\\/www.socialismoobarbarie.org\\\/#\\\/schema\\\/logo\\\/image\\\/\",\"url\":\"https:\\\/\\\/www.socialismoobarbarie.org\\\/wp-content\\\/uploads\\\/2025\\\/02\\\/soblogoweb-2025.png\",\"contentUrl\":\"https:\\\/\\\/www.socialismoobarbarie.org\\\/wp-content\\\/uploads\\\/2025\\\/02\\\/soblogoweb-2025.png\",\"width\":450,\"height\":161,\"caption\":\"Socialismo o Barbarie\"},\"image\":{\"@id\":\"https:\\\/\\\/www.socialismoobarbarie.org\\\/#\\\/schema\\\/logo\\\/image\\\/\"}},{\"@type\":\"Person\",\"@id\":\"https:\\\/\\\/www.socialismoobarbarie.org\\\/#\\\/schema\\\/person\\\/bc1c3b321d47ed092405949c77e35a8e\",\"name\":\"SOB\",\"url\":\"https:\\\/\\\/www.socialismoobarbarie.org\\\/?author=8\"}]}<\/script>\n<!-- \/ Yoast SEO plugin. -->","yoast_head_json":{"title":"Argentina - Los servicios p\u00fablicos son un derecho - Socialismo o Barbarie","robots":{"index":"index","follow":"follow","max-snippet":"max-snippet:-1","max-image-preview":"max-image-preview:large","max-video-preview":"max-video-preview:-1"},"canonical":"https:\/\/www.socialismoobarbarie.org\/?p=8319","og_locale":"es_ES","og_type":"article","og_title":"Argentina - Los servicios p\u00fablicos son un derecho - Socialismo o Barbarie","og_description":"Columna publicada originalmente en El Destape Web (http:\/\/www.eldestapeweb.com\/los-servicios-publicos-son-un-derecho-n19312) La dirigente del Nuevo MAS da su opini\u00f3n sobre el aumento de las tarifas de servicios p\u00fablicos dispuesta por el macrismo. Manuela Casta\u00f1eira 26 DE JULIO 2016 El debate sobre el tarifazo en los diferentes servicios p\u00fablicos (especialmente el gas, pero tambi\u00e9n el agua, la luz, el [&hellip;]","og_url":"https:\/\/www.socialismoobarbarie.org\/?p=8319","og_site_name":"Socialismo o Barbarie","article_published_time":"2016-07-28T22:10:23+00:00","article_modified_time":"2018-07-12T22:18:43+00:00","og_image":[{"width":700,"height":367,"url":"https:\/\/www.socialismoobarbarie.org\/wp-content\/uploads\/2016\/05\/manuela-4x3-e1464671670756.jpg","type":"image\/jpeg"}],"author":"SOB","twitter_card":"summary_large_image","twitter_misc":{"Escrito por":"SOB","Tiempo de lectura":"4 minutos"},"schema":{"@context":"https:\/\/schema.org","@graph":[{"@type":"Article","@id":"https:\/\/www.socialismoobarbarie.org\/?p=8319#article","isPartOf":{"@id":"https:\/\/www.socialismoobarbarie.org\/?p=8319"},"author":{"name":"SOB","@id":"https:\/\/www.socialismoobarbarie.org\/#\/schema\/person\/bc1c3b321d47ed092405949c77e35a8e"},"headline":"Argentina &#8211; Los servicios p\u00fablicos son un derecho","datePublished":"2016-07-28T22:10:23+00:00","dateModified":"2018-07-12T22:18:43+00:00","mainEntityOfPage":{"@id":"https:\/\/www.socialismoobarbarie.org\/?p=8319"},"wordCount":848,"publisher":{"@id":"https:\/\/www.socialismoobarbarie.org\/#organization"},"image":{"@id":"https:\/\/www.socialismoobarbarie.org\/?p=8319#primaryimage"},"thumbnailUrl":"https:\/\/www.socialismoobarbarie.org\/wp-content\/uploads\/2016\/05\/manuela-4x3-e1464671670756.jpg","keywords":["Edicion 40","Manuela Casta\u00f1eira"],"articleSection":["Am\u00e9rica Latina","Argentina"],"inLanguage":"es"},{"@type":"WebPage","@id":"https:\/\/www.socialismoobarbarie.org\/?p=8319","url":"https:\/\/www.socialismoobarbarie.org\/?p=8319","name":"Argentina - Los servicios p\u00fablicos son un derecho - Socialismo o Barbarie","isPartOf":{"@id":"https:\/\/www.socialismoobarbarie.org\/#website"},"primaryImageOfPage":{"@id":"https:\/\/www.socialismoobarbarie.org\/?p=8319#primaryimage"},"image":{"@id":"https:\/\/www.socialismoobarbarie.org\/?p=8319#primaryimage"},"thumbnailUrl":"https:\/\/www.socialismoobarbarie.org\/wp-content\/uploads\/2016\/05\/manuela-4x3-e1464671670756.jpg","datePublished":"2016-07-28T22:10:23+00:00","dateModified":"2018-07-12T22:18:43+00:00","breadcrumb":{"@id":"https:\/\/www.socialismoobarbarie.org\/?p=8319#breadcrumb"},"inLanguage":"es","potentialAction":[{"@type":"ReadAction","target":["https:\/\/www.socialismoobarbarie.org\/?p=8319"]}]},{"@type":"ImageObject","inLanguage":"es","@id":"https:\/\/www.socialismoobarbarie.org\/?p=8319#primaryimage","url":"https:\/\/www.socialismoobarbarie.org\/wp-content\/uploads\/2016\/05\/manuela-4x3-e1464671670756.jpg","contentUrl":"https:\/\/www.socialismoobarbarie.org\/wp-content\/uploads\/2016\/05\/manuela-4x3-e1464671670756.jpg","width":700,"height":367},{"@type":"BreadcrumbList","@id":"https:\/\/www.socialismoobarbarie.org\/?p=8319#breadcrumb","itemListElement":[{"@type":"ListItem","position":1,"name":"Portada","item":"https:\/\/www.socialismoobarbarie.org\/"},{"@type":"ListItem","position":2,"name":"Argentina &#8211; Los servicios p\u00fablicos son un derecho"}]},{"@type":"WebSite","@id":"https:\/\/www.socialismoobarbarie.org\/#website","url":"https:\/\/www.socialismoobarbarie.org\/","name":"Socialismo o Barbarie","description":"Sitio web de la corriente internacional Socialismo o Barbarie","publisher":{"@id":"https:\/\/www.socialismoobarbarie.org\/#organization"},"potentialAction":[{"@type":"SearchAction","target":{"@type":"EntryPoint","urlTemplate":"https:\/\/www.socialismoobarbarie.org\/?s={search_term_string}"},"query-input":{"@type":"PropertyValueSpecification","valueRequired":true,"valueName":"search_term_string"}}],"inLanguage":"es"},{"@type":"Organization","@id":"https:\/\/www.socialismoobarbarie.org\/#organization","name":"Socialismo o Barbarie","url":"https:\/\/www.socialismoobarbarie.org\/","logo":{"@type":"ImageObject","inLanguage":"es","@id":"https:\/\/www.socialismoobarbarie.org\/#\/schema\/logo\/image\/","url":"https:\/\/www.socialismoobarbarie.org\/wp-content\/uploads\/2025\/02\/soblogoweb-2025.png","contentUrl":"https:\/\/www.socialismoobarbarie.org\/wp-content\/uploads\/2025\/02\/soblogoweb-2025.png","width":450,"height":161,"caption":"Socialismo o Barbarie"},"image":{"@id":"https:\/\/www.socialismoobarbarie.org\/#\/schema\/logo\/image\/"}},{"@type":"Person","@id":"https:\/\/www.socialismoobarbarie.org\/#\/schema\/person\/bc1c3b321d47ed092405949c77e35a8e","name":"SOB","url":"https:\/\/www.socialismoobarbarie.org\/?author=8"}]}},"_links":{"self":[{"href":"https:\/\/www.socialismoobarbarie.org\/index.php?rest_route=\/wp\/v2\/posts\/8319","targetHints":{"allow":["GET"]}}],"collection":[{"href":"https:\/\/www.socialismoobarbarie.org\/index.php?rest_route=\/wp\/v2\/posts"}],"about":[{"href":"https:\/\/www.socialismoobarbarie.org\/index.php?rest_route=\/wp\/v2\/types\/post"}],"author":[{"embeddable":true,"href":"https:\/\/www.socialismoobarbarie.org\/index.php?rest_route=\/wp\/v2\/users\/8"}],"replies":[{"embeddable":true,"href":"https:\/\/www.socialismoobarbarie.org\/index.php?rest_route=%2Fwp%2Fv2%2Fcomments&post=8319"}],"version-history":[{"count":1,"href":"https:\/\/www.socialismoobarbarie.org\/index.php?rest_route=\/wp\/v2\/posts\/8319\/revisions"}],"predecessor-version":[{"id":8320,"href":"https:\/\/www.socialismoobarbarie.org\/index.php?rest_route=\/wp\/v2\/posts\/8319\/revisions\/8320"}],"wp:featuredmedia":[{"embeddable":true,"href":"https:\/\/www.socialismoobarbarie.org\/index.php?rest_route=\/wp\/v2\/media\/7961"}],"wp:attachment":[{"href":"https:\/\/www.socialismoobarbarie.org\/index.php?rest_route=%2Fwp%2Fv2%2Fmedia&parent=8319"}],"wp:term":[{"taxonomy":"category","embeddable":true,"href":"https:\/\/www.socialismoobarbarie.org\/index.php?rest_route=%2Fwp%2Fv2%2Fcategories&post=8319"},{"taxonomy":"post_tag","embeddable":true,"href":"https:\/\/www.socialismoobarbarie.org\/index.php?rest_route=%2Fwp%2Fv2%2Ftags&post=8319"}],"curies":[{"name":"wp","href":"https:\/\/api.w.org\/{rel}","templated":true}]}}