{"id":8403,"date":"2016-08-16T00:27:10","date_gmt":"2016-08-16T03:27:10","guid":{"rendered":"https:\/\/www.socialismoobarbarie.org\/?p=8403"},"modified":"2016-08-28T12:47:45","modified_gmt":"2016-08-28T15:47:45","slug":"1a-jornada-de-pensamiento-socialista-ideas-para-la-revolucion-fotos","status":"publish","type":"post","link":"https:\/\/www.socialismoobarbarie.org\/?p=8403","title":{"rendered":"1\u00aa Jornada de Pensamiento Socialista, Ideas para la revoluci\u00f3n (fotos)"},"content":{"rendered":"<p><iframe loading=\"lazy\" style=\"border: none; overflow: hidden;\" src=\"https:\/\/www.facebook.com\/plugins\/post.php?href=https%3A%2F%2Fwww.facebook.com%2Fmedia%2Fset%2F%3Fset%3Da.744110682397733.1073741839.446322782176526%26type%3D3&amp;width=500\" width=\"500\" height=\"690\" frameborder=\"0\" scrolling=\"no\"><\/iframe><\/p>\n<p><a href=\"https:\/\/www.facebook.com\/prensa.nuevomas\/posts\/744110735731061\"><span style=\"font-size: 24pt;\">Ver fotos<br \/>\n<\/span><\/a><\/p>\n<p>Se realiz\u00f3 en el Hotel Bauen la 1\u00aa Jornada del Pensamiento Socialista 2016<br \/>\n\u201cIdeas para la revoluci\u00f3n\u201d organizada por el Nuevo Mas<\/p>\n<p>GRAN JORNADA DE DEBATE POR UNA ALTERNATIVA SOCIALISTA<\/p>\n<p>En el d\u00eda de la fecha se llev\u00f3 adelante la primera Jornada de Pensamiento Socialista en su edici\u00f3n \u201cIdeas para la revoluci\u00f3n\u201d organizada por el Nuevo MAS y la Corriente Internacional Socialismo o Barbarie. Con la presencia de m\u00e1s de 1000 asistentes a lo largo de la jornada, trabajadores, j\u00f3venes, activistas e intelectuales asistieron a los debates, proyecciones, y diversas actividades conformando una exitosa y festiva jornada en el Hotel Bauen.<\/p>\n<p>Las actividades comenzaron a las 11hs con el panel \u201cIdeas para la emancipaci\u00f3n\u201d sobre las experiencias del movimiento de mujeres y LGBTI con referentes de la Agrupaci\u00f3n Las Rojas, adem\u00e1s del activista del movimiento LGBTI C\u00e9sar Rojas.<br \/>\nA las 14 se llev\u00f3 adelante el panel \u201cHistoria pol\u00edtica del movimiento obrero: alcances y l\u00edmites del actual proceso de recomposici\u00f3n\u201d con la presencia de Hern\u00e1n Camarero (UBA-CONICET), \u201cChino\u201d Heberling y Eduardo Mulhall, dirigentes del Nuevo MAS, y Jorge Ayala referente del SUTNA.<\/p>\n<p>En la conferencia de cierre \u201cNuevo ciclo hist\u00f3rico: revoluci\u00f3n y socialismo\u201d tomaron la palabra Roberto S\u00e1enz, dirigente nacional del Nuevo MAS y la Corriente Internacional Socialismo o Barbarie, Claudio Katz (UBA-CONICET), Pablo Bonavena (UBA y UNLP), Marcelo Yunes (Consejo de Redacci\u00f3n de la Revista Internacional Socialismo o Barbarie) y Mart\u00edn Gonz\u00e1lez Bay\u00f3n (director del semanario Socialismo o Barbarie).<\/p>\n<p>En la misma Manuela Casta\u00f1eira dirigi\u00f3 un en\u00e9rgico saludo a los participantes: \u201cEstamos atravesando un nuevo momento en el que amplios sectores a nivel mundial reflejan un creciente malestar con el capitalismo, dando cuenta de que este sistema no resuelve los grandes problemas sociales. Esto nos plantea una posibilidad para poner m\u00e1s a la ofensiva la perspectiva por el socialismo. Sin dudas obliga a que las corrientes revolucionarias internacionales reagrupemos fuerzas. En el caso de Argentina, se est\u00e1 abriendo un proceso de vacancia pol\u00edtica que plantea grandes oportunidades para la izquierda: para esta tarea pondremos todos los esfuerzos desde el Nuevo MAS. Los invitamos a sumarse!\u201d<\/p>\n","protected":false},"excerpt":{"rendered":"<p>Ver fotos Se realiz\u00f3 en el Hotel Bauen la 1\u00aa Jornada del Pensamiento Socialista 2016 \u201cIdeas para la revoluci\u00f3n\u201d organizada por el Nuevo Mas GRAN JORNADA DE DEBATE POR UNA ALTERNATIVA SOCIALISTA En el d\u00eda de la fecha se llev\u00f3 adelante la primera Jornada de Pensamiento Socialista en su edici\u00f3n \u201cIdeas para la revoluci\u00f3n\u201d organizada [&hellip;]<\/p>\n","protected":false},"author":8,"featured_media":8404,"comment_status":"closed","ping_status":"closed","sticky":false,"template":"","format":"standard","meta":{"footnotes":""},"categories":[1563,1514],"tags":[1560],"class_list":{"0":"post-8403","1":"post","2":"type-post","3":"status-publish","4":"format-standard","5":"has-post-thumbnail","7":"category-jornada-del-pensamiento-socialista","8":"category-videos","9":"tag-edicion-43"},"yoast_head":"<!-- This site is optimized with the Yoast SEO plugin v27.5 - https:\/\/yoast.com\/product\/yoast-seo-wordpress\/ -->\n<title>1\u00aa Jornada de Pensamiento Socialista, Ideas para la revoluci\u00f3n (fotos) - Socialismo o Barbarie<\/title>\n<meta name=\"robots\" content=\"index, follow, max-snippet:-1, max-image-preview:large, max-video-preview:-1\" \/>\n<link rel=\"canonical\" href=\"https:\/\/www.socialismoobarbarie.org\/?p=8403\" \/>\n<meta property=\"og:locale\" content=\"es_ES\" \/>\n<meta property=\"og:type\" content=\"article\" \/>\n<meta property=\"og:title\" content=\"1\u00aa Jornada de Pensamiento Socialista, Ideas para la revoluci\u00f3n (fotos) - Socialismo o Barbarie\" \/>\n<meta property=\"og:description\" content=\"Ver fotos Se realiz\u00f3 en el Hotel Bauen la 1\u00aa Jornada del Pensamiento Socialista 2016 \u201cIdeas para la revoluci\u00f3n\u201d organizada por el Nuevo Mas GRAN JORNADA DE DEBATE POR UNA ALTERNATIVA SOCIALISTA En el d\u00eda de la fecha se llev\u00f3 adelante la primera Jornada de Pensamiento Socialista en su edici\u00f3n \u201cIdeas para la revoluci\u00f3n\u201d organizada [&hellip;]\" \/>\n<meta property=\"og:url\" content=\"https:\/\/www.socialismoobarbarie.org\/?p=8403\" \/>\n<meta property=\"og:site_name\" content=\"Socialismo o Barbarie\" \/>\n<meta property=\"article:published_time\" content=\"2016-08-16T03:27:10+00:00\" \/>\n<meta property=\"article:modified_time\" content=\"2016-08-28T15:47:45+00:00\" \/>\n<meta property=\"og:image\" content=\"https:\/\/www.socialismoobarbarie.org\/wp-content\/uploads\/2016\/08\/14047166_744110752397726_6751783433584294976_o-e1471318016235.jpg\" \/>\n\t<meta property=\"og:image:width\" content=\"700\" \/>\n\t<meta property=\"og:image:height\" content=\"393\" \/>\n\t<meta property=\"og:image:type\" content=\"image\/jpeg\" \/>\n<meta name=\"author\" content=\"SOB\" \/>\n<meta name=\"twitter:card\" content=\"summary_large_image\" \/>\n<meta name=\"twitter:label1\" content=\"Escrito por\" \/>\n\t<meta name=\"twitter:data1\" content=\"SOB\" \/>\n\t<meta name=\"twitter:label2\" content=\"Tiempo de lectura\" \/>\n\t<meta name=\"twitter:data2\" content=\"2 minutos\" \/>\n<script type=\"application\/ld+json\" class=\"yoast-schema-graph\">{\"@context\":\"https:\\\/\\\/schema.org\",\"@graph\":[{\"@type\":\"Article\",\"@id\":\"https:\\\/\\\/www.socialismoobarbarie.org\\\/?p=8403#article\",\"isPartOf\":{\"@id\":\"https:\\\/\\\/www.socialismoobarbarie.org\\\/?p=8403\"},\"author\":{\"name\":\"SOB\",\"@id\":\"https:\\\/\\\/www.socialismoobarbarie.org\\\/#\\\/schema\\\/person\\\/bc1c3b321d47ed092405949c77e35a8e\"},\"headline\":\"1\u00aa Jornada de Pensamiento Socialista, Ideas para la revoluci\u00f3n (fotos)\",\"datePublished\":\"2016-08-16T03:27:10+00:00\",\"dateModified\":\"2016-08-28T15:47:45+00:00\",\"mainEntityOfPage\":{\"@id\":\"https:\\\/\\\/www.socialismoobarbarie.org\\\/?p=8403\"},\"wordCount\":378,\"publisher\":{\"@id\":\"https:\\\/\\\/www.socialismoobarbarie.org\\\/#organization\"},\"image\":{\"@id\":\"https:\\\/\\\/www.socialismoobarbarie.org\\\/?p=8403#primaryimage\"},\"thumbnailUrl\":\"https:\\\/\\\/www.socialismoobarbarie.org\\\/wp-content\\\/uploads\\\/2016\\\/08\\\/14047166_744110752397726_6751783433584294976_o-e1471318016235.jpg\",\"keywords\":[\"Edicion 43\"],\"articleSection\":[\"Jornada del Pensamiento Socialista\",\"Videos y fotos\"],\"inLanguage\":\"es\"},{\"@type\":\"WebPage\",\"@id\":\"https:\\\/\\\/www.socialismoobarbarie.org\\\/?p=8403\",\"url\":\"https:\\\/\\\/www.socialismoobarbarie.org\\\/?p=8403\",\"name\":\"1\u00aa Jornada de Pensamiento Socialista, Ideas para la revoluci\u00f3n (fotos) - Socialismo o Barbarie\",\"isPartOf\":{\"@id\":\"https:\\\/\\\/www.socialismoobarbarie.org\\\/#website\"},\"primaryImageOfPage\":{\"@id\":\"https:\\\/\\\/www.socialismoobarbarie.org\\\/?p=8403#primaryimage\"},\"image\":{\"@id\":\"https:\\\/\\\/www.socialismoobarbarie.org\\\/?p=8403#primaryimage\"},\"thumbnailUrl\":\"https:\\\/\\\/www.socialismoobarbarie.org\\\/wp-content\\\/uploads\\\/2016\\\/08\\\/14047166_744110752397726_6751783433584294976_o-e1471318016235.jpg\",\"datePublished\":\"2016-08-16T03:27:10+00:00\",\"dateModified\":\"2016-08-28T15:47:45+00:00\",\"breadcrumb\":{\"@id\":\"https:\\\/\\\/www.socialismoobarbarie.org\\\/?p=8403#breadcrumb\"},\"inLanguage\":\"es\",\"potentialAction\":[{\"@type\":\"ReadAction\",\"target\":[\"https:\\\/\\\/www.socialismoobarbarie.org\\\/?p=8403\"]}]},{\"@type\":\"ImageObject\",\"inLanguage\":\"es\",\"@id\":\"https:\\\/\\\/www.socialismoobarbarie.org\\\/?p=8403#primaryimage\",\"url\":\"https:\\\/\\\/www.socialismoobarbarie.org\\\/wp-content\\\/uploads\\\/2016\\\/08\\\/14047166_744110752397726_6751783433584294976_o-e1471318016235.jpg\",\"contentUrl\":\"https:\\\/\\\/www.socialismoobarbarie.org\\\/wp-content\\\/uploads\\\/2016\\\/08\\\/14047166_744110752397726_6751783433584294976_o-e1471318016235.jpg\",\"width\":700,\"height\":393},{\"@type\":\"BreadcrumbList\",\"@id\":\"https:\\\/\\\/www.socialismoobarbarie.org\\\/?p=8403#breadcrumb\",\"itemListElement\":[{\"@type\":\"ListItem\",\"position\":1,\"name\":\"Portada\",\"item\":\"https:\\\/\\\/www.socialismoobarbarie.org\\\/\"},{\"@type\":\"ListItem\",\"position\":2,\"name\":\"1\u00aa Jornada de Pensamiento Socialista, Ideas para la revoluci\u00f3n (fotos)\"}]},{\"@type\":\"WebSite\",\"@id\":\"https:\\\/\\\/www.socialismoobarbarie.org\\\/#website\",\"url\":\"https:\\\/\\\/www.socialismoobarbarie.org\\\/\",\"name\":\"Socialismo o Barbarie\",\"description\":\"Sitio web de la corriente internacional Socialismo o Barbarie\",\"publisher\":{\"@id\":\"https:\\\/\\\/www.socialismoobarbarie.org\\\/#organization\"},\"potentialAction\":[{\"@type\":\"SearchAction\",\"target\":{\"@type\":\"EntryPoint\",\"urlTemplate\":\"https:\\\/\\\/www.socialismoobarbarie.org\\\/?s={search_term_string}\"},\"query-input\":{\"@type\":\"PropertyValueSpecification\",\"valueRequired\":true,\"valueName\":\"search_term_string\"}}],\"inLanguage\":\"es\"},{\"@type\":\"Organization\",\"@id\":\"https:\\\/\\\/www.socialismoobarbarie.org\\\/#organization\",\"name\":\"Socialismo o Barbarie\",\"url\":\"https:\\\/\\\/www.socialismoobarbarie.org\\\/\",\"logo\":{\"@type\":\"ImageObject\",\"inLanguage\":\"es\",\"@id\":\"https:\\\/\\\/www.socialismoobarbarie.org\\\/#\\\/schema\\\/logo\\\/image\\\/\",\"url\":\"https:\\\/\\\/www.socialismoobarbarie.org\\\/wp-content\\\/uploads\\\/2025\\\/02\\\/soblogoweb-2025.png\",\"contentUrl\":\"https:\\\/\\\/www.socialismoobarbarie.org\\\/wp-content\\\/uploads\\\/2025\\\/02\\\/soblogoweb-2025.png\",\"width\":450,\"height\":161,\"caption\":\"Socialismo o Barbarie\"},\"image\":{\"@id\":\"https:\\\/\\\/www.socialismoobarbarie.org\\\/#\\\/schema\\\/logo\\\/image\\\/\"}},{\"@type\":\"Person\",\"@id\":\"https:\\\/\\\/www.socialismoobarbarie.org\\\/#\\\/schema\\\/person\\\/bc1c3b321d47ed092405949c77e35a8e\",\"name\":\"SOB\",\"url\":\"https:\\\/\\\/www.socialismoobarbarie.org\\\/?author=8\"}]}<\/script>\n<!-- \/ Yoast SEO plugin. -->","yoast_head_json":{"title":"1\u00aa Jornada de Pensamiento Socialista, Ideas para la revoluci\u00f3n (fotos) - Socialismo o Barbarie","robots":{"index":"index","follow":"follow","max-snippet":"max-snippet:-1","max-image-preview":"max-image-preview:large","max-video-preview":"max-video-preview:-1"},"canonical":"https:\/\/www.socialismoobarbarie.org\/?p=8403","og_locale":"es_ES","og_type":"article","og_title":"1\u00aa Jornada de Pensamiento Socialista, Ideas para la revoluci\u00f3n (fotos) - Socialismo o Barbarie","og_description":"Ver fotos Se realiz\u00f3 en el Hotel Bauen la 1\u00aa Jornada del Pensamiento Socialista 2016 \u201cIdeas para la revoluci\u00f3n\u201d organizada por el Nuevo Mas GRAN JORNADA DE DEBATE POR UNA ALTERNATIVA SOCIALISTA En el d\u00eda de la fecha se llev\u00f3 adelante la primera Jornada de Pensamiento Socialista en su edici\u00f3n \u201cIdeas para la revoluci\u00f3n\u201d organizada [&hellip;]","og_url":"https:\/\/www.socialismoobarbarie.org\/?p=8403","og_site_name":"Socialismo o Barbarie","article_published_time":"2016-08-16T03:27:10+00:00","article_modified_time":"2016-08-28T15:47:45+00:00","og_image":[{"width":700,"height":393,"url":"https:\/\/www.socialismoobarbarie.org\/wp-content\/uploads\/2016\/08\/14047166_744110752397726_6751783433584294976_o-e1471318016235.jpg","type":"image\/jpeg"}],"author":"SOB","twitter_card":"summary_large_image","twitter_misc":{"Escrito por":"SOB","Tiempo de lectura":"2 minutos"},"schema":{"@context":"https:\/\/schema.org","@graph":[{"@type":"Article","@id":"https:\/\/www.socialismoobarbarie.org\/?p=8403#article","isPartOf":{"@id":"https:\/\/www.socialismoobarbarie.org\/?p=8403"},"author":{"name":"SOB","@id":"https:\/\/www.socialismoobarbarie.org\/#\/schema\/person\/bc1c3b321d47ed092405949c77e35a8e"},"headline":"1\u00aa Jornada de Pensamiento Socialista, Ideas para la revoluci\u00f3n (fotos)","datePublished":"2016-08-16T03:27:10+00:00","dateModified":"2016-08-28T15:47:45+00:00","mainEntityOfPage":{"@id":"https:\/\/www.socialismoobarbarie.org\/?p=8403"},"wordCount":378,"publisher":{"@id":"https:\/\/www.socialismoobarbarie.org\/#organization"},"image":{"@id":"https:\/\/www.socialismoobarbarie.org\/?p=8403#primaryimage"},"thumbnailUrl":"https:\/\/www.socialismoobarbarie.org\/wp-content\/uploads\/2016\/08\/14047166_744110752397726_6751783433584294976_o-e1471318016235.jpg","keywords":["Edicion 43"],"articleSection":["Jornada del Pensamiento Socialista","Videos y fotos"],"inLanguage":"es"},{"@type":"WebPage","@id":"https:\/\/www.socialismoobarbarie.org\/?p=8403","url":"https:\/\/www.socialismoobarbarie.org\/?p=8403","name":"1\u00aa Jornada de Pensamiento Socialista, Ideas para la revoluci\u00f3n (fotos) - Socialismo o Barbarie","isPartOf":{"@id":"https:\/\/www.socialismoobarbarie.org\/#website"},"primaryImageOfPage":{"@id":"https:\/\/www.socialismoobarbarie.org\/?p=8403#primaryimage"},"image":{"@id":"https:\/\/www.socialismoobarbarie.org\/?p=8403#primaryimage"},"thumbnailUrl":"https:\/\/www.socialismoobarbarie.org\/wp-content\/uploads\/2016\/08\/14047166_744110752397726_6751783433584294976_o-e1471318016235.jpg","datePublished":"2016-08-16T03:27:10+00:00","dateModified":"2016-08-28T15:47:45+00:00","breadcrumb":{"@id":"https:\/\/www.socialismoobarbarie.org\/?p=8403#breadcrumb"},"inLanguage":"es","potentialAction":[{"@type":"ReadAction","target":["https:\/\/www.socialismoobarbarie.org\/?p=8403"]}]},{"@type":"ImageObject","inLanguage":"es","@id":"https:\/\/www.socialismoobarbarie.org\/?p=8403#primaryimage","url":"https:\/\/www.socialismoobarbarie.org\/wp-content\/uploads\/2016\/08\/14047166_744110752397726_6751783433584294976_o-e1471318016235.jpg","contentUrl":"https:\/\/www.socialismoobarbarie.org\/wp-content\/uploads\/2016\/08\/14047166_744110752397726_6751783433584294976_o-e1471318016235.jpg","width":700,"height":393},{"@type":"BreadcrumbList","@id":"https:\/\/www.socialismoobarbarie.org\/?p=8403#breadcrumb","itemListElement":[{"@type":"ListItem","position":1,"name":"Portada","item":"https:\/\/www.socialismoobarbarie.org\/"},{"@type":"ListItem","position":2,"name":"1\u00aa Jornada de Pensamiento Socialista, Ideas para la revoluci\u00f3n (fotos)"}]},{"@type":"WebSite","@id":"https:\/\/www.socialismoobarbarie.org\/#website","url":"https:\/\/www.socialismoobarbarie.org\/","name":"Socialismo o Barbarie","description":"Sitio web de la corriente internacional Socialismo o Barbarie","publisher":{"@id":"https:\/\/www.socialismoobarbarie.org\/#organization"},"potentialAction":[{"@type":"SearchAction","target":{"@type":"EntryPoint","urlTemplate":"https:\/\/www.socialismoobarbarie.org\/?s={search_term_string}"},"query-input":{"@type":"PropertyValueSpecification","valueRequired":true,"valueName":"search_term_string"}}],"inLanguage":"es"},{"@type":"Organization","@id":"https:\/\/www.socialismoobarbarie.org\/#organization","name":"Socialismo o Barbarie","url":"https:\/\/www.socialismoobarbarie.org\/","logo":{"@type":"ImageObject","inLanguage":"es","@id":"https:\/\/www.socialismoobarbarie.org\/#\/schema\/logo\/image\/","url":"https:\/\/www.socialismoobarbarie.org\/wp-content\/uploads\/2025\/02\/soblogoweb-2025.png","contentUrl":"https:\/\/www.socialismoobarbarie.org\/wp-content\/uploads\/2025\/02\/soblogoweb-2025.png","width":450,"height":161,"caption":"Socialismo o Barbarie"},"image":{"@id":"https:\/\/www.socialismoobarbarie.org\/#\/schema\/logo\/image\/"}},{"@type":"Person","@id":"https:\/\/www.socialismoobarbarie.org\/#\/schema\/person\/bc1c3b321d47ed092405949c77e35a8e","name":"SOB","url":"https:\/\/www.socialismoobarbarie.org\/?author=8"}]}},"_links":{"self":[{"href":"https:\/\/www.socialismoobarbarie.org\/index.php?rest_route=\/wp\/v2\/posts\/8403","targetHints":{"allow":["GET"]}}],"collection":[{"href":"https:\/\/www.socialismoobarbarie.org\/index.php?rest_route=\/wp\/v2\/posts"}],"about":[{"href":"https:\/\/www.socialismoobarbarie.org\/index.php?rest_route=\/wp\/v2\/types\/post"}],"author":[{"embeddable":true,"href":"https:\/\/www.socialismoobarbarie.org\/index.php?rest_route=\/wp\/v2\/users\/8"}],"replies":[{"embeddable":true,"href":"https:\/\/www.socialismoobarbarie.org\/index.php?rest_route=%2Fwp%2Fv2%2Fcomments&post=8403"}],"version-history":[{"count":4,"href":"https:\/\/www.socialismoobarbarie.org\/index.php?rest_route=\/wp\/v2\/posts\/8403\/revisions"}],"predecessor-version":[{"id":8408,"href":"https:\/\/www.socialismoobarbarie.org\/index.php?rest_route=\/wp\/v2\/posts\/8403\/revisions\/8408"}],"wp:featuredmedia":[{"embeddable":true,"href":"https:\/\/www.socialismoobarbarie.org\/index.php?rest_route=\/wp\/v2\/media\/8404"}],"wp:attachment":[{"href":"https:\/\/www.socialismoobarbarie.org\/index.php?rest_route=%2Fwp%2Fv2%2Fmedia&parent=8403"}],"wp:term":[{"taxonomy":"category","embeddable":true,"href":"https:\/\/www.socialismoobarbarie.org\/index.php?rest_route=%2Fwp%2Fv2%2Fcategories&post=8403"},{"taxonomy":"post_tag","embeddable":true,"href":"https:\/\/www.socialismoobarbarie.org\/index.php?rest_route=%2Fwp%2Fv2%2Ftags&post=8403"}],"curies":[{"name":"wp","href":"https:\/\/api.w.org\/{rel}","templated":true}]}}