{"id":8421,"date":"2016-08-18T19:43:36","date_gmt":"2016-08-18T22:43:36","guid":{"rendered":"https:\/\/www.socialismoobarbarie.org\/?p=8421"},"modified":"2018-07-12T19:18:43","modified_gmt":"2018-07-12T22:18:43","slug":"macri-ataca-la-lucha-por-los-derechos-humanos","status":"publish","type":"post","link":"https:\/\/www.socialismoobarbarie.org\/?p=8421","title":{"rendered":"Macri ataca la lucha por los Derechos Humanos"},"content":{"rendered":"<p>(Columna publicada originalmente en <em>El Destape Web<\/em>:\u00a0http:\/\/www.eldestapeweb.com\/macri-ataca-la-lucha-los-derechos-humanos-n19934)<\/p>\n<p>La \u00abera Macri\u00bb comenz\u00f3 desde su primer d\u00eda con una clara se\u00f1al hacia la persecuci\u00f3n de los organismos de derechos humanos.<\/p>\n<p><a href=\"http:\/\/www.eldestapeweb.com\/perfil\/101-manuela-castaneira\">Manuela Casta\u00f1eira<\/a><\/p>\n<p>El frustrado intento de detenci\u00f3n de<strong>\u00a0Hebe de Bonafini<\/strong>\u00a0fue un paso m\u00e1s en\u00a0<strong>la cadena de provocaciones del macrismo<\/strong>. A los ataques al salario y al empleo, el tarifazo, las medidas a favor de los grandes empresarios, se les suma ahora un nuevo eslab\u00f3n:\u00a0<strong>la persecuci\u00f3n a los organismos de\u00a0<\/strong><a href=\"http:\/\/www.eldestapeweb.com\/derechos-humanos-a416\"><strong>Derechos Humanos<\/strong><\/a><strong>.<\/strong><\/p>\n<p>La \u00abera Macri\u00bb comenz\u00f3 desde su primer d\u00eda con una clara se\u00f1al en este sentido. Un editorial del diario La Naci\u00f3n recomendaba (un d\u00eda despu\u00e9s de su triunfo electoral) al nuevo gobierno que<strong>\u00a0libere a los genocidas presos<\/strong>\u00a0y que acabe con la \u00abdemonizaci\u00f3n\u00bb de los represores. Ya tempranamente los trabajadores del diario hab\u00edan mostrado, con una r\u00e1pida reacci\u00f3n, que la sociedad argentina<strong>\u00a0no est\u00e1 dispuesta a volver atr\u00e1s\u00a0<\/strong>en sus conquistas democr\u00e1ticas.<\/p>\n<p>Pero el gobierno de Cambiemos sigui\u00f3 tanteando el terreno para ver\u00a0<strong>por d\u00f3nde pod\u00eda avanzar,<\/strong>\u00a0para lograr su objetivo expl\u00edcito de \u00abacabar con el curro de los Derechos Humanos\u00bb. As\u00ed intent\u00f3 tambi\u00e9n establecer el protocolo para<strong>\u00a0restringir el derecho a la protesta.<\/strong>\u00a0Las organizaciones de izquierda como el Nuevo MAS logramos derrotar hasta el momento su aplicaci\u00f3n, aunque muy probablemente el macrismo<strong>\u00a0quiera seguir insistiendo con ella.<\/strong><\/p>\n<p>Siguieron tambi\u00e9n otras declaraciones, como las del ex\u2013ministro Lop\u00e9rfido, que\u00a0<strong>neg\u00f3 la existencia de 30 mil desaparecidos\u00a0<\/strong>en nuestro pa\u00eds. La pol\u00e9mica generada termin\u00f3 provocando su salida, pero el gobierno no se dio por vencido. Volvi\u00f3 a la carga en ocasi\u00f3n de los festejos del Bicentenario de la Independencia. All\u00ed permiti\u00f3 desfilar a\u00a0<strong>personajes siniestros<\/strong>\u00a0como\u00a0<strong>Aldo Rico<\/strong>, o a los protagonistas del \u00abOperativo Independencia\u00bb en Tucum\u00e1n. El objetivo era rehabilitar a las Fuerzas Armadas golpistas como instituci\u00f3n \u00ableg\u00edtima\u00bb.<\/p>\n<p>El intento de concesi\u00f3n de la prisi\u00f3n domiciliaria a Etchecolatz y otros represores viene a completar este panorama. Queda claro que el macrismo\u00a0<strong>tiene como objetivo estrat\u00e9gico la destrucci\u00f3n de las conquistas\u00a0<\/strong>que el pueblo argentino obtuvo en materia de Derechos Humanos. Hay una clara b\u00fasqueda del macrismo y la justicia de\u00a0<strong>relegitimar a los genocidas y las\u00a0<\/strong><a href=\"http:\/\/www.eldestapeweb.com\/fuerzas-armadas-a1387\"><strong>Fuerzas Armadas<\/strong><\/a><strong>.<\/strong><\/p>\n<p>La orden de detenci\u00f3n contra Bonafini significa, m\u00e1s all\u00e1 de cualquier otra consideraci\u00f3n, un salto en esta cadena de provocaciones. No es cierto que el macrismo y la Justicia persigan a la corrupci\u00f3n (el propio gobierno est\u00e1 repleto de corruptos, con cuentas offshore incluidas). Lo que quieren eliminar es <strong>la conciencia democr\u00e1tica instalada en la sociedad<\/strong>, que mayoritariamente repudia el terrorismo de Estado y la represi\u00f3n -de la que los partidos tradicionales y el empresariado fueron c\u00f3mplices, por otro lado.<\/p>\n<p>Tampoco es cierto que esta justicia sea \u00abneutral\u00bb y \u00abobjetiva\u00bb, que todos seamos \u00abiguales ante la ley\u00bb. La justicia no es independiente:\u00a0<strong>esta misma Justicia fue c\u00f3mplice de la\u00a0<\/strong><a href=\"http:\/\/www.eldestapeweb.com\/dictadura-militar-a1605\"><strong>dictadura militar<\/strong><\/a>. Los jueces conforman una corporaci\u00f3n privilegiada, que nadie elige y que no se renueva.\u00a0<strong>Una Justicia que sostuvo siempre a los poderosos<\/strong>, que dej\u00f3 libres a personajes nefastos como De La R\u00faa y Menem, y que d\u00eda a d\u00eda ampara a violadores y proxenetas. No corresponde depositar en esa Justicia ning\u00fan procedimiento sobre figuras representativas de los organismos de Derechos Humanos como Bonafini,\u00a0<strong>por m\u00e1s diferencias que tengamos con ellas.<\/strong><\/p>\n<p>Por eso la defensa de Hebe de Bonafini y los organismos de Derechos Humanos frente a todo zarpazo represivo es una posici\u00f3n de principios. Esto no significa ning\u00fan apoyo a su figura ni a sus posiciones pol\u00edticas. Por el contrario,\u00a0<strong>siempre rechazamos la cooptaci\u00f3n kirchnerista de los organismos de DDHH,\u00a0<\/strong>que los neutraliz\u00f3 como herramienta de lucha y contribuy\u00f3 a la existencia de casos de corrupci\u00f3n.<\/p>\n<p>Tenemos enormes cr\u00edticas al rumbo adoptado por muchas de estas organizaciones en la \u00faltima d\u00e9cada: su complicidad en la represi\u00f3n de los petroleros de Las Heras,\u00a0<strong>su amistad con personajes nefastos como Cesar Milani<\/strong>, el callarse la boca ante la represi\u00f3n en tantas luchas obreras y populares.<\/p>\n<p>Pero estas cr\u00edticas no nos hacen perder de vista lo que hoy es esencial.<strong>\u00a0La izquierda no puede ser funcional a los ataques macristas.<\/strong>\u00a0Lamentamos que los compa\u00f1eros del Partido Obrero coincidan con el macrismo en que Bonafini \u00abdebe ir a declarar\u00bb. El Frente de Izquierda (FIT) debe posicionarse p\u00fablicamente contra esta avanzada reaccionaria del gobierno. En nuestro pa\u00eds, todas las conquistas que obtuvimos los trabajadores, las mujeres, la juventud fueron en las calles, contra las instituciones de los de arriba y sus gobiernos.<strong>\u00a0Ese es el camino que hay que seguir.<\/strong><\/p>\n","protected":false},"excerpt":{"rendered":"<p>(Columna publicada originalmente en El Destape Web:\u00a0http:\/\/www.eldestapeweb.com\/macri-ataca-la-lucha-los-derechos-humanos-n19934) La \u00abera Macri\u00bb comenz\u00f3 desde su primer d\u00eda con una clara se\u00f1al hacia la persecuci\u00f3n de los organismos de derechos humanos. Manuela Casta\u00f1eira El frustrado intento de detenci\u00f3n de\u00a0Hebe de Bonafini\u00a0fue un paso m\u00e1s en\u00a0la cadena de provocaciones del macrismo. A los ataques al salario y al empleo, [&hellip;]<\/p>\n","protected":false},"author":8,"featured_media":8422,"comment_status":"closed","ping_status":"closed","sticky":false,"template":"","format":"standard","meta":{"footnotes":""},"categories":[122,1656],"tags":[1560,1279],"class_list":{"0":"post-8421","1":"post","2":"type-post","3":"status-publish","4":"format-standard","5":"has-post-thumbnail","7":"category-america-latina-y-el-caribe","8":"category-argentina","9":"tag-edicion-43","10":"tag-manuela-castaneira"},"yoast_head":"<!-- This site is optimized with the Yoast SEO plugin v27.5 - https:\/\/yoast.com\/product\/yoast-seo-wordpress\/ -->\n<title>Macri ataca la lucha por los Derechos Humanos - Socialismo o Barbarie<\/title>\n<meta name=\"robots\" content=\"index, follow, max-snippet:-1, max-image-preview:large, max-video-preview:-1\" \/>\n<link rel=\"canonical\" href=\"https:\/\/www.socialismoobarbarie.org\/?p=8421\" \/>\n<meta property=\"og:locale\" content=\"es_ES\" \/>\n<meta property=\"og:type\" content=\"article\" \/>\n<meta property=\"og:title\" content=\"Macri ataca la lucha por los Derechos Humanos - Socialismo o Barbarie\" \/>\n<meta property=\"og:description\" content=\"(Columna publicada originalmente en El Destape Web:\u00a0http:\/\/www.eldestapeweb.com\/macri-ataca-la-lucha-los-derechos-humanos-n19934) La \u00abera Macri\u00bb comenz\u00f3 desde su primer d\u00eda con una clara se\u00f1al hacia la persecuci\u00f3n de los organismos de derechos humanos. Manuela Casta\u00f1eira El frustrado intento de detenci\u00f3n de\u00a0Hebe de Bonafini\u00a0fue un paso m\u00e1s en\u00a0la cadena de provocaciones del macrismo. A los ataques al salario y al empleo, [&hellip;]\" \/>\n<meta property=\"og:url\" content=\"https:\/\/www.socialismoobarbarie.org\/?p=8421\" \/>\n<meta property=\"og:site_name\" content=\"Socialismo o Barbarie\" \/>\n<meta property=\"article:published_time\" content=\"2016-08-18T22:43:36+00:00\" \/>\n<meta property=\"article:modified_time\" content=\"2018-07-12T22:18:43+00:00\" \/>\n<meta property=\"og:image\" content=\"https:\/\/www.socialismoobarbarie.org\/wp-content\/uploads\/2016\/08\/manuela-e1467789107724.jpg\" \/>\n\t<meta property=\"og:image:width\" content=\"700\" \/>\n\t<meta property=\"og:image:height\" content=\"463\" \/>\n\t<meta property=\"og:image:type\" content=\"image\/jpeg\" \/>\n<meta name=\"author\" content=\"SOB\" \/>\n<meta name=\"twitter:card\" content=\"summary_large_image\" \/>\n<meta name=\"twitter:label1\" content=\"Escrito por\" \/>\n\t<meta name=\"twitter:data1\" content=\"SOB\" \/>\n\t<meta name=\"twitter:label2\" content=\"Tiempo de lectura\" \/>\n\t<meta name=\"twitter:data2\" content=\"4 minutos\" \/>\n<script type=\"application\/ld+json\" class=\"yoast-schema-graph\">{\"@context\":\"https:\\\/\\\/schema.org\",\"@graph\":[{\"@type\":\"Article\",\"@id\":\"https:\\\/\\\/www.socialismoobarbarie.org\\\/?p=8421#article\",\"isPartOf\":{\"@id\":\"https:\\\/\\\/www.socialismoobarbarie.org\\\/?p=8421\"},\"author\":{\"name\":\"SOB\",\"@id\":\"https:\\\/\\\/www.socialismoobarbarie.org\\\/#\\\/schema\\\/person\\\/bc1c3b321d47ed092405949c77e35a8e\"},\"headline\":\"Macri ataca la lucha por los Derechos Humanos\",\"datePublished\":\"2016-08-18T22:43:36+00:00\",\"dateModified\":\"2018-07-12T22:18:43+00:00\",\"mainEntityOfPage\":{\"@id\":\"https:\\\/\\\/www.socialismoobarbarie.org\\\/?p=8421\"},\"wordCount\":825,\"publisher\":{\"@id\":\"https:\\\/\\\/www.socialismoobarbarie.org\\\/#organization\"},\"image\":{\"@id\":\"https:\\\/\\\/www.socialismoobarbarie.org\\\/?p=8421#primaryimage\"},\"thumbnailUrl\":\"https:\\\/\\\/www.socialismoobarbarie.org\\\/wp-content\\\/uploads\\\/2016\\\/08\\\/manuela-e1467789107724.jpg\",\"keywords\":[\"Edicion 43\",\"Manuela Casta\u00f1eira\"],\"articleSection\":[\"Am\u00e9rica Latina\",\"Argentina\"],\"inLanguage\":\"es\"},{\"@type\":\"WebPage\",\"@id\":\"https:\\\/\\\/www.socialismoobarbarie.org\\\/?p=8421\",\"url\":\"https:\\\/\\\/www.socialismoobarbarie.org\\\/?p=8421\",\"name\":\"Macri ataca la lucha por los Derechos Humanos - Socialismo o Barbarie\",\"isPartOf\":{\"@id\":\"https:\\\/\\\/www.socialismoobarbarie.org\\\/#website\"},\"primaryImageOfPage\":{\"@id\":\"https:\\\/\\\/www.socialismoobarbarie.org\\\/?p=8421#primaryimage\"},\"image\":{\"@id\":\"https:\\\/\\\/www.socialismoobarbarie.org\\\/?p=8421#primaryimage\"},\"thumbnailUrl\":\"https:\\\/\\\/www.socialismoobarbarie.org\\\/wp-content\\\/uploads\\\/2016\\\/08\\\/manuela-e1467789107724.jpg\",\"datePublished\":\"2016-08-18T22:43:36+00:00\",\"dateModified\":\"2018-07-12T22:18:43+00:00\",\"breadcrumb\":{\"@id\":\"https:\\\/\\\/www.socialismoobarbarie.org\\\/?p=8421#breadcrumb\"},\"inLanguage\":\"es\",\"potentialAction\":[{\"@type\":\"ReadAction\",\"target\":[\"https:\\\/\\\/www.socialismoobarbarie.org\\\/?p=8421\"]}]},{\"@type\":\"ImageObject\",\"inLanguage\":\"es\",\"@id\":\"https:\\\/\\\/www.socialismoobarbarie.org\\\/?p=8421#primaryimage\",\"url\":\"https:\\\/\\\/www.socialismoobarbarie.org\\\/wp-content\\\/uploads\\\/2016\\\/08\\\/manuela-e1467789107724.jpg\",\"contentUrl\":\"https:\\\/\\\/www.socialismoobarbarie.org\\\/wp-content\\\/uploads\\\/2016\\\/08\\\/manuela-e1467789107724.jpg\",\"width\":700,\"height\":463},{\"@type\":\"BreadcrumbList\",\"@id\":\"https:\\\/\\\/www.socialismoobarbarie.org\\\/?p=8421#breadcrumb\",\"itemListElement\":[{\"@type\":\"ListItem\",\"position\":1,\"name\":\"Portada\",\"item\":\"https:\\\/\\\/www.socialismoobarbarie.org\\\/\"},{\"@type\":\"ListItem\",\"position\":2,\"name\":\"Macri ataca la lucha por los Derechos Humanos\"}]},{\"@type\":\"WebSite\",\"@id\":\"https:\\\/\\\/www.socialismoobarbarie.org\\\/#website\",\"url\":\"https:\\\/\\\/www.socialismoobarbarie.org\\\/\",\"name\":\"Socialismo o Barbarie\",\"description\":\"Sitio web de la corriente internacional Socialismo o Barbarie\",\"publisher\":{\"@id\":\"https:\\\/\\\/www.socialismoobarbarie.org\\\/#organization\"},\"potentialAction\":[{\"@type\":\"SearchAction\",\"target\":{\"@type\":\"EntryPoint\",\"urlTemplate\":\"https:\\\/\\\/www.socialismoobarbarie.org\\\/?s={search_term_string}\"},\"query-input\":{\"@type\":\"PropertyValueSpecification\",\"valueRequired\":true,\"valueName\":\"search_term_string\"}}],\"inLanguage\":\"es\"},{\"@type\":\"Organization\",\"@id\":\"https:\\\/\\\/www.socialismoobarbarie.org\\\/#organization\",\"name\":\"Socialismo o Barbarie\",\"url\":\"https:\\\/\\\/www.socialismoobarbarie.org\\\/\",\"logo\":{\"@type\":\"ImageObject\",\"inLanguage\":\"es\",\"@id\":\"https:\\\/\\\/www.socialismoobarbarie.org\\\/#\\\/schema\\\/logo\\\/image\\\/\",\"url\":\"https:\\\/\\\/www.socialismoobarbarie.org\\\/wp-content\\\/uploads\\\/2025\\\/02\\\/soblogoweb-2025.png\",\"contentUrl\":\"https:\\\/\\\/www.socialismoobarbarie.org\\\/wp-content\\\/uploads\\\/2025\\\/02\\\/soblogoweb-2025.png\",\"width\":450,\"height\":161,\"caption\":\"Socialismo o Barbarie\"},\"image\":{\"@id\":\"https:\\\/\\\/www.socialismoobarbarie.org\\\/#\\\/schema\\\/logo\\\/image\\\/\"}},{\"@type\":\"Person\",\"@id\":\"https:\\\/\\\/www.socialismoobarbarie.org\\\/#\\\/schema\\\/person\\\/bc1c3b321d47ed092405949c77e35a8e\",\"name\":\"SOB\",\"url\":\"https:\\\/\\\/www.socialismoobarbarie.org\\\/?author=8\"}]}<\/script>\n<!-- \/ Yoast SEO plugin. -->","yoast_head_json":{"title":"Macri ataca la lucha por los Derechos Humanos - Socialismo o Barbarie","robots":{"index":"index","follow":"follow","max-snippet":"max-snippet:-1","max-image-preview":"max-image-preview:large","max-video-preview":"max-video-preview:-1"},"canonical":"https:\/\/www.socialismoobarbarie.org\/?p=8421","og_locale":"es_ES","og_type":"article","og_title":"Macri ataca la lucha por los Derechos Humanos - Socialismo o Barbarie","og_description":"(Columna publicada originalmente en El Destape Web:\u00a0http:\/\/www.eldestapeweb.com\/macri-ataca-la-lucha-los-derechos-humanos-n19934) La \u00abera Macri\u00bb comenz\u00f3 desde su primer d\u00eda con una clara se\u00f1al hacia la persecuci\u00f3n de los organismos de derechos humanos. Manuela Casta\u00f1eira El frustrado intento de detenci\u00f3n de\u00a0Hebe de Bonafini\u00a0fue un paso m\u00e1s en\u00a0la cadena de provocaciones del macrismo. A los ataques al salario y al empleo, [&hellip;]","og_url":"https:\/\/www.socialismoobarbarie.org\/?p=8421","og_site_name":"Socialismo o Barbarie","article_published_time":"2016-08-18T22:43:36+00:00","article_modified_time":"2018-07-12T22:18:43+00:00","og_image":[{"width":700,"height":463,"url":"https:\/\/www.socialismoobarbarie.org\/wp-content\/uploads\/2016\/08\/manuela-e1467789107724.jpg","type":"image\/jpeg"}],"author":"SOB","twitter_card":"summary_large_image","twitter_misc":{"Escrito por":"SOB","Tiempo de lectura":"4 minutos"},"schema":{"@context":"https:\/\/schema.org","@graph":[{"@type":"Article","@id":"https:\/\/www.socialismoobarbarie.org\/?p=8421#article","isPartOf":{"@id":"https:\/\/www.socialismoobarbarie.org\/?p=8421"},"author":{"name":"SOB","@id":"https:\/\/www.socialismoobarbarie.org\/#\/schema\/person\/bc1c3b321d47ed092405949c77e35a8e"},"headline":"Macri ataca la lucha por los Derechos Humanos","datePublished":"2016-08-18T22:43:36+00:00","dateModified":"2018-07-12T22:18:43+00:00","mainEntityOfPage":{"@id":"https:\/\/www.socialismoobarbarie.org\/?p=8421"},"wordCount":825,"publisher":{"@id":"https:\/\/www.socialismoobarbarie.org\/#organization"},"image":{"@id":"https:\/\/www.socialismoobarbarie.org\/?p=8421#primaryimage"},"thumbnailUrl":"https:\/\/www.socialismoobarbarie.org\/wp-content\/uploads\/2016\/08\/manuela-e1467789107724.jpg","keywords":["Edicion 43","Manuela Casta\u00f1eira"],"articleSection":["Am\u00e9rica Latina","Argentina"],"inLanguage":"es"},{"@type":"WebPage","@id":"https:\/\/www.socialismoobarbarie.org\/?p=8421","url":"https:\/\/www.socialismoobarbarie.org\/?p=8421","name":"Macri ataca la lucha por los Derechos Humanos - Socialismo o Barbarie","isPartOf":{"@id":"https:\/\/www.socialismoobarbarie.org\/#website"},"primaryImageOfPage":{"@id":"https:\/\/www.socialismoobarbarie.org\/?p=8421#primaryimage"},"image":{"@id":"https:\/\/www.socialismoobarbarie.org\/?p=8421#primaryimage"},"thumbnailUrl":"https:\/\/www.socialismoobarbarie.org\/wp-content\/uploads\/2016\/08\/manuela-e1467789107724.jpg","datePublished":"2016-08-18T22:43:36+00:00","dateModified":"2018-07-12T22:18:43+00:00","breadcrumb":{"@id":"https:\/\/www.socialismoobarbarie.org\/?p=8421#breadcrumb"},"inLanguage":"es","potentialAction":[{"@type":"ReadAction","target":["https:\/\/www.socialismoobarbarie.org\/?p=8421"]}]},{"@type":"ImageObject","inLanguage":"es","@id":"https:\/\/www.socialismoobarbarie.org\/?p=8421#primaryimage","url":"https:\/\/www.socialismoobarbarie.org\/wp-content\/uploads\/2016\/08\/manuela-e1467789107724.jpg","contentUrl":"https:\/\/www.socialismoobarbarie.org\/wp-content\/uploads\/2016\/08\/manuela-e1467789107724.jpg","width":700,"height":463},{"@type":"BreadcrumbList","@id":"https:\/\/www.socialismoobarbarie.org\/?p=8421#breadcrumb","itemListElement":[{"@type":"ListItem","position":1,"name":"Portada","item":"https:\/\/www.socialismoobarbarie.org\/"},{"@type":"ListItem","position":2,"name":"Macri ataca la lucha por los Derechos Humanos"}]},{"@type":"WebSite","@id":"https:\/\/www.socialismoobarbarie.org\/#website","url":"https:\/\/www.socialismoobarbarie.org\/","name":"Socialismo o Barbarie","description":"Sitio web de la corriente internacional Socialismo o Barbarie","publisher":{"@id":"https:\/\/www.socialismoobarbarie.org\/#organization"},"potentialAction":[{"@type":"SearchAction","target":{"@type":"EntryPoint","urlTemplate":"https:\/\/www.socialismoobarbarie.org\/?s={search_term_string}"},"query-input":{"@type":"PropertyValueSpecification","valueRequired":true,"valueName":"search_term_string"}}],"inLanguage":"es"},{"@type":"Organization","@id":"https:\/\/www.socialismoobarbarie.org\/#organization","name":"Socialismo o Barbarie","url":"https:\/\/www.socialismoobarbarie.org\/","logo":{"@type":"ImageObject","inLanguage":"es","@id":"https:\/\/www.socialismoobarbarie.org\/#\/schema\/logo\/image\/","url":"https:\/\/www.socialismoobarbarie.org\/wp-content\/uploads\/2025\/02\/soblogoweb-2025.png","contentUrl":"https:\/\/www.socialismoobarbarie.org\/wp-content\/uploads\/2025\/02\/soblogoweb-2025.png","width":450,"height":161,"caption":"Socialismo o Barbarie"},"image":{"@id":"https:\/\/www.socialismoobarbarie.org\/#\/schema\/logo\/image\/"}},{"@type":"Person","@id":"https:\/\/www.socialismoobarbarie.org\/#\/schema\/person\/bc1c3b321d47ed092405949c77e35a8e","name":"SOB","url":"https:\/\/www.socialismoobarbarie.org\/?author=8"}]}},"_links":{"self":[{"href":"https:\/\/www.socialismoobarbarie.org\/index.php?rest_route=\/wp\/v2\/posts\/8421","targetHints":{"allow":["GET"]}}],"collection":[{"href":"https:\/\/www.socialismoobarbarie.org\/index.php?rest_route=\/wp\/v2\/posts"}],"about":[{"href":"https:\/\/www.socialismoobarbarie.org\/index.php?rest_route=\/wp\/v2\/types\/post"}],"author":[{"embeddable":true,"href":"https:\/\/www.socialismoobarbarie.org\/index.php?rest_route=\/wp\/v2\/users\/8"}],"replies":[{"embeddable":true,"href":"https:\/\/www.socialismoobarbarie.org\/index.php?rest_route=%2Fwp%2Fv2%2Fcomments&post=8421"}],"version-history":[{"count":1,"href":"https:\/\/www.socialismoobarbarie.org\/index.php?rest_route=\/wp\/v2\/posts\/8421\/revisions"}],"predecessor-version":[{"id":8423,"href":"https:\/\/www.socialismoobarbarie.org\/index.php?rest_route=\/wp\/v2\/posts\/8421\/revisions\/8423"}],"wp:featuredmedia":[{"embeddable":true,"href":"https:\/\/www.socialismoobarbarie.org\/index.php?rest_route=\/wp\/v2\/media\/8422"}],"wp:attachment":[{"href":"https:\/\/www.socialismoobarbarie.org\/index.php?rest_route=%2Fwp%2Fv2%2Fmedia&parent=8421"}],"wp:term":[{"taxonomy":"category","embeddable":true,"href":"https:\/\/www.socialismoobarbarie.org\/index.php?rest_route=%2Fwp%2Fv2%2Fcategories&post=8421"},{"taxonomy":"post_tag","embeddable":true,"href":"https:\/\/www.socialismoobarbarie.org\/index.php?rest_route=%2Fwp%2Fv2%2Ftags&post=8421"}],"curies":[{"name":"wp","href":"https:\/\/api.w.org\/{rel}","templated":true}]}}