{"id":8427,"date":"2016-08-18T19:54:59","date_gmt":"2016-08-18T22:54:59","guid":{"rendered":"https:\/\/www.socialismoobarbarie.org\/?p=8427"},"modified":"2019-11-20T11:23:11","modified_gmt":"2019-11-20T14:23:11","slug":"la-prohibicion-del-burkini-en-las-playas-francesas","status":"publish","type":"post","link":"https:\/\/www.socialismoobarbarie.org\/?p=8427","title":{"rendered":"La prohibici\u00f3n del \u201cburkini\u201d en las playas francesas"},"content":{"rendered":"<h2>Nueva ronda de ataques islam\u00f3fobos<\/h2>\n<p>En los \u00faltimos d\u00edas, una pol\u00e9mica ocupa los medios franceses, llegando incluso a tener repercusi\u00f3n internacional: se trata de la decisi\u00f3n de diversos alcaldes de ciudades costeras francesas de prohibir la utilizaci\u00f3n de llamado \u201cburkini\u201d en las playas. Se trata de un traje de ba\u00f1o que cubre la totalidad del cuerpo y el cabello, utilizado por algunas mujeres musulmanas para ba\u00f1arse.<\/p>\n<p>El primer alcalde en pronunciar esta medida fue el de Cannes, David Lisnard, de la formaci\u00f3n pol\u00edtica de derecha \u201cLos Republicanos\u201d. Le siguieron otros del mismo espectro pol\u00edtico, aunque pronto qued\u00f3 claro que la islamofobia no es monopolio de la derecha: un alcalde socialista pronunci\u00f3 una medida copiada textualmente de la de Cannes, y el Primer Ministro Manuel Valls aport\u00f3 su apoyo a los alcaldes que decidieran tomarla.<\/p>\n<p>Sobre la base del clima de divisi\u00f3n y de islamofobia alimentado por la sucesi\u00f3n de atentados en Francia, adem\u00e1s de la supuesta defensa de los \u201cvalores republicanos\u201d, se trata de una nueva provocaci\u00f3n contra los musulmanes o considerados como tales, que apunta a desviar la atenci\u00f3n de los verdaderos problemas sociales, a estigmatizar a un sector de la poblaci\u00f3n y convertirlos en \u201cchivos expiatorios\u201d, y a dividir a nuestro campo social, el de los explotados y oprimidos m\u00e1s all\u00e1 de nuestra confesi\u00f3n religiosa.<\/p>\n<p><strong>Dos caras de la misma moneda racista<\/strong><\/p>\n<p>Los argumentos que se esgrimen en defensa de la prohibici\u00f3n son un reflejo de este clima nauseabundo. Seg\u00fan el director general de la ciudad de Cannes, no se trata de prohibir los signos religiosos sino \u201caquellos que expresan la lealtad a movimientos terroristas que nos hacen la guerra\u201d. Que se entienda bien: detr\u00e1s de la excusa de la defensa de la \u201claicidad\u201d de lo que se trata es de asimilar a la poblaci\u00f3n musulmana al terrorismo reaccionario de Estado Isl\u00e1mico. Por definici\u00f3n, todos los musulmanes son terroristas hasta que se demuestre lo contrario, en particular si se visten de una manera determinada.<\/p>\n<p>Otro argumento que ha sido defendido es el de prevenir \u201cproblemas contra el orden p\u00fablico\u201d: es decir, que pueda haber altercaciones como \u201cconsecuencia\u201d de la utilizaci\u00f3n de este tipo de vestimentas. Es decir, que para evitar que hordas fascistoides ataquen a gente por el simple hecho de c\u00f3mo va vestida (tendr\u00e1 algo que ver con el hecho de que los dirigentes pol\u00edticos insistan en que estas vestimentas expresan una \u201clealtad a Estado Isl\u00e1mico\u201d?), se le proh\u00edbe a esa gente usar esas vestimentas. Un argumento similar al que convierte a las mujeres v\u00edctimas de agresiones sexuales en \u201cresponsables\u201d por c\u00f3mo iban vestidas, por d\u00f3nde iban, en vez de responsabilizar al violador. Este \u00faltimo argumento tambi\u00e9n es utilizado por la \u201cizquierda\u201d. As\u00ed, el futuro presidente de la \u201cFundaci\u00f3n para el Islam de Francia\u201d, Jean-Pierre Chev\u00e8nement, recomend\u00f3 a los musulmanes que act\u00faen con \u201cdiscreci\u00f3n\u201d.<\/p>\n<p>Si un lado de la moneda es la lisa y llana islamofobia que asimila a todos los musulmanes a los terroristas de Estado Isl\u00e1mico, el otro lado, representado por la \u201cizquierda\u201d, se cubre de valores progresistas para defender este ataque. Uno de los argumentos del alcalde socialista que prohibi\u00f3 el burkini en sus playas es que \u201cno es muy respetuoso hacia las mujeres\u201d. Claro, esas pobres mujeres musulmanas atrasadas no saben qu\u00e9 es lo mejor para ellas, pero por suerte hay un buen hombre republicano que las va a obligar a lo que \u00e9l considera mejor. Nada m\u00e1s alejado del verdadero combate feminista que esta visi\u00f3n paternalista de la emancipaci\u00f3n de la mujer.<\/p>\n<p><strong>Que las mujeres decidan sobre sus propios cuerpos<\/strong><\/p>\n<p>Este segundo argumento es el m\u00e1s p\u00e9rfido, porque disfraza detr\u00e1s de un supuesto combate progresista lo que en realidad es un ataque a un sector particular de la poblaci\u00f3n, los musulmanes o considerados como tales. Es el argumento con el que se ha prohibido la utilizaci\u00f3n del velo en los colegios primarios y secundarios, que rige desde hace m\u00e1s de una decena de a\u00f1os.<\/p>\n<p>As\u00ed, se les impone a las mujeres musulmanas c\u00f3mo deben vestirse. C\u00f3mo deben vestirse para ir al colegio, para acceder a ciertos empleos (todos los empleos estatales, por ejemplo), para ir a la playa. En los \u00faltimos meses, volvi\u00f3 a plantearse la posibilidad de prohibir tambi\u00e9n la utilizaci\u00f3n del velo en las universidades, aumentando el control sobre los cuerpos de las mujeres o directamente expuls\u00e1ndolas del sistema educativo. Este control social y estatal lleg\u00f3 al absurdo de impedir el ingreso a un secundario de alumnas que llevaban \u201cpolleras demasiado largas\u201d, lo cual tambi\u00e9n ser\u00eda un signo de \u201cpertenencia religiosa\u201d!<\/p>\n<p>En todos estos casos, de lo que se trata es que el Estado obliga a las mujeres a vestirse o a desvestirse de determinada manera<strong>: <\/strong>de manera hip\u00f3crita pretende \u201cemanciparlas\u201d imponi\u00e9ndoles determinadas normas, para peor apuntando a un sector de la poblaci\u00f3n a causa de su confesi\u00f3n religiosa en un contexto de racismo e islamofobia creciente. La emancipaci\u00f3n de las mujeres de toda forma de opresi\u00f3n e imposici\u00f3n, incluso aquella que pueda venir del c\u00edrculo familiar o social, solo puede ser obra de las mujeres mismas, no del Estado colonialista, racista e islamofobo franc\u00e9s.<\/p>\n<p>Luego de la reca\u00edda de las movilizaciones sociales y el clima veraniego, sobre la base del reciente atentado de Niza, la derecha y el gobierno vuelven a poner en foco en la cuesti\u00f3n del islam, de la guerra, de la identidad francesa. Todo este discurso s\u00f3lo apunta a dividir a nuestra clase social, a crear la \u201cunidad nacional\u201d de la Francia blanca y cat\u00f3lica contra los musulmanes, los \u00e1rabes, los negros, los inmigrantes\u2026 De lo que se trata es, por el contrario, de construir la unidad de los explotados y de los oprimidos, en primer lugar para combatir todas las provocaciones racistas e islamofobas de la derecha y el gobierno, para desarrollar una pol\u00edtica antirracista y contra toda forma de discriminaci\u00f3n. Junto con eso, se trata de retomar las calles apenas comience el nuevo a\u00f1o, para volver a poner en el centro de la escena la cuesti\u00f3n social, del empleo, del salario, de las condiciones de trabajo, como fue el caso durante los meses de lucha contra la Ley El Khomri.<strong><br \/>\n<\/strong><\/p>\n","protected":false},"excerpt":{"rendered":"<p>Nueva ronda de ataques islam\u00f3fobos En los \u00faltimos d\u00edas, una pol\u00e9mica ocupa los medios franceses, llegando incluso a tener repercusi\u00f3n internacional: se trata de la decisi\u00f3n de diversos alcaldes de ciudades costeras francesas de prohibir la utilizaci\u00f3n de llamado \u201cburkini\u201d en las playas. Se trata de un traje de ba\u00f1o que cubre la totalidad del [&hellip;]<\/p>\n","protected":false},"author":8,"featured_media":8428,"comment_status":"closed","ping_status":"closed","sticky":false,"template":"","format":"standard","meta":{"footnotes":""},"categories":[1690,1665],"tags":[1146,1560],"class_list":{"0":"post-8427","1":"post","2":"type-post","3":"status-publish","4":"format-standard","5":"has-post-thumbnail","7":"category-europa","8":"category-francia","9":"tag-ale-vinet","10":"tag-edicion-43"},"yoast_head":"<!-- This site is optimized with the Yoast SEO plugin v28.2 - https:\/\/yoast.com\/product\/yoast-seo-wordpress\/ -->\n<title>La prohibici\u00f3n del \u201cburkini\u201d en las playas francesas - Socialismo o Barbarie<\/title>\n<meta name=\"robots\" content=\"index, follow, max-snippet:-1, max-image-preview:large, max-video-preview:-1\" \/>\n<link rel=\"canonical\" href=\"https:\/\/www.socialismoobarbarie.org\/?p=8427\" \/>\n<meta property=\"og:locale\" content=\"es_ES\" \/>\n<meta property=\"og:type\" content=\"article\" \/>\n<meta property=\"og:title\" content=\"La prohibici\u00f3n del \u201cburkini\u201d en las playas francesas - Socialismo o Barbarie\" \/>\n<meta property=\"og:description\" content=\"Nueva ronda de ataques islam\u00f3fobos En los \u00faltimos d\u00edas, una pol\u00e9mica ocupa los medios franceses, llegando incluso a tener repercusi\u00f3n internacional: se trata de la decisi\u00f3n de diversos alcaldes de ciudades costeras francesas de prohibir la utilizaci\u00f3n de llamado \u201cburkini\u201d en las playas. Se trata de un traje de ba\u00f1o que cubre la totalidad del [&hellip;]\" \/>\n<meta property=\"og:url\" content=\"https:\/\/www.socialismoobarbarie.org\/?p=8427\" \/>\n<meta property=\"og:site_name\" content=\"Socialismo o Barbarie\" \/>\n<meta property=\"article:published_time\" content=\"2016-08-18T22:54:59+00:00\" \/>\n<meta property=\"article:modified_time\" content=\"2019-11-20T14:23:11+00:00\" \/>\n<meta property=\"og:image\" content=\"https:\/\/www.socialismoobarbarie.org\/wp-content\/uploads\/2016\/08\/burkini.jpg\" \/>\n\t<meta property=\"og:image:width\" content=\"700\" \/>\n\t<meta property=\"og:image:height\" content=\"400\" \/>\n\t<meta property=\"og:image:type\" content=\"image\/jpeg\" \/>\n<meta name=\"author\" content=\"SOB\" \/>\n<meta name=\"twitter:card\" content=\"summary_large_image\" \/>\n<meta name=\"twitter:label1\" content=\"Escrito por\" \/>\n\t<meta name=\"twitter:data1\" content=\"SOB\" \/>\n\t<meta name=\"twitter:label2\" content=\"Tiempo de lectura\" \/>\n\t<meta name=\"twitter:data2\" content=\"5 minutos\" \/>\n<script type=\"application\/ld+json\" class=\"yoast-schema-graph\">{\"@context\":\"https:\\\/\\\/schema.org\",\"@graph\":[{\"@type\":\"Article\",\"@id\":\"https:\\\/\\\/www.socialismoobarbarie.org\\\/?p=8427#article\",\"isPartOf\":{\"@id\":\"https:\\\/\\\/www.socialismoobarbarie.org\\\/?p=8427\"},\"author\":{\"name\":\"SOB\",\"@id\":\"https:\\\/\\\/www.socialismoobarbarie.org\\\/#\\\/schema\\\/person\\\/bc1c3b321d47ed092405949c77e35a8e\"},\"headline\":\"La prohibici\u00f3n del \u201cburkini\u201d en las playas francesas\",\"datePublished\":\"2016-08-18T22:54:59+00:00\",\"dateModified\":\"2019-11-20T14:23:11+00:00\",\"mainEntityOfPage\":{\"@id\":\"https:\\\/\\\/www.socialismoobarbarie.org\\\/?p=8427\"},\"wordCount\":1099,\"publisher\":{\"@id\":\"https:\\\/\\\/www.socialismoobarbarie.org\\\/#organization\"},\"image\":{\"@id\":\"https:\\\/\\\/www.socialismoobarbarie.org\\\/?p=8427#primaryimage\"},\"thumbnailUrl\":\"https:\\\/\\\/www.socialismoobarbarie.org\\\/wp-content\\\/uploads\\\/2016\\\/08\\\/burkini.jpg\",\"keywords\":[\"Ale Vinet\",\"Edicion 43\"],\"articleSection\":[\"Europa\",\"Francia\"],\"inLanguage\":\"es\"},{\"@type\":\"WebPage\",\"@id\":\"https:\\\/\\\/www.socialismoobarbarie.org\\\/?p=8427\",\"url\":\"https:\\\/\\\/www.socialismoobarbarie.org\\\/?p=8427\",\"name\":\"La prohibici\u00f3n del \u201cburkini\u201d en las playas francesas - Socialismo o Barbarie\",\"isPartOf\":{\"@id\":\"https:\\\/\\\/www.socialismoobarbarie.org\\\/#website\"},\"primaryImageOfPage\":{\"@id\":\"https:\\\/\\\/www.socialismoobarbarie.org\\\/?p=8427#primaryimage\"},\"image\":{\"@id\":\"https:\\\/\\\/www.socialismoobarbarie.org\\\/?p=8427#primaryimage\"},\"thumbnailUrl\":\"https:\\\/\\\/www.socialismoobarbarie.org\\\/wp-content\\\/uploads\\\/2016\\\/08\\\/burkini.jpg\",\"datePublished\":\"2016-08-18T22:54:59+00:00\",\"dateModified\":\"2019-11-20T14:23:11+00:00\",\"breadcrumb\":{\"@id\":\"https:\\\/\\\/www.socialismoobarbarie.org\\\/?p=8427#breadcrumb\"},\"inLanguage\":\"es\",\"potentialAction\":[{\"@type\":\"ReadAction\",\"target\":[\"https:\\\/\\\/www.socialismoobarbarie.org\\\/?p=8427\"]}]},{\"@type\":\"ImageObject\",\"inLanguage\":\"es\",\"@id\":\"https:\\\/\\\/www.socialismoobarbarie.org\\\/?p=8427#primaryimage\",\"url\":\"https:\\\/\\\/www.socialismoobarbarie.org\\\/wp-content\\\/uploads\\\/2016\\\/08\\\/burkini.jpg\",\"contentUrl\":\"https:\\\/\\\/www.socialismoobarbarie.org\\\/wp-content\\\/uploads\\\/2016\\\/08\\\/burkini.jpg\",\"width\":700,\"height\":400},{\"@type\":\"BreadcrumbList\",\"@id\":\"https:\\\/\\\/www.socialismoobarbarie.org\\\/?p=8427#breadcrumb\",\"itemListElement\":[{\"@type\":\"ListItem\",\"position\":1,\"name\":\"Portada\",\"item\":\"https:\\\/\\\/www.socialismoobarbarie.org\\\/\"},{\"@type\":\"ListItem\",\"position\":2,\"name\":\"La prohibici\u00f3n del \u201cburkini\u201d en las playas francesas\"}]},{\"@type\":\"WebSite\",\"@id\":\"https:\\\/\\\/www.socialismoobarbarie.org\\\/#website\",\"url\":\"https:\\\/\\\/www.socialismoobarbarie.org\\\/\",\"name\":\"Socialismo o Barbarie\",\"description\":\"Sitio web de la corriente internacional Socialismo o Barbarie\",\"publisher\":{\"@id\":\"https:\\\/\\\/www.socialismoobarbarie.org\\\/#organization\"},\"potentialAction\":[{\"@type\":\"SearchAction\",\"target\":{\"@type\":\"EntryPoint\",\"urlTemplate\":\"https:\\\/\\\/www.socialismoobarbarie.org\\\/?s={search_term_string}\"},\"query-input\":{\"@type\":\"PropertyValueSpecification\",\"valueRequired\":true,\"valueName\":\"search_term_string\"}}],\"inLanguage\":\"es\"},{\"@type\":\"Organization\",\"@id\":\"https:\\\/\\\/www.socialismoobarbarie.org\\\/#organization\",\"name\":\"Socialismo o Barbarie\",\"url\":\"https:\\\/\\\/www.socialismoobarbarie.org\\\/\",\"logo\":{\"@type\":\"ImageObject\",\"inLanguage\":\"es\",\"@id\":\"https:\\\/\\\/www.socialismoobarbarie.org\\\/#\\\/schema\\\/logo\\\/image\\\/\",\"url\":\"https:\\\/\\\/www.socialismoobarbarie.org\\\/wp-content\\\/uploads\\\/2025\\\/02\\\/soblogoweb-2025.png\",\"contentUrl\":\"https:\\\/\\\/www.socialismoobarbarie.org\\\/wp-content\\\/uploads\\\/2025\\\/02\\\/soblogoweb-2025.png\",\"width\":450,\"height\":161,\"caption\":\"Socialismo o Barbarie\"},\"image\":{\"@id\":\"https:\\\/\\\/www.socialismoobarbarie.org\\\/#\\\/schema\\\/logo\\\/image\\\/\"}},{\"@type\":\"Person\",\"@id\":\"https:\\\/\\\/www.socialismoobarbarie.org\\\/#\\\/schema\\\/person\\\/bc1c3b321d47ed092405949c77e35a8e\",\"name\":\"SOB\",\"url\":\"https:\\\/\\\/www.socialismoobarbarie.org\\\/?author=8\"}]}<\/script>\n<!-- \/ Yoast SEO plugin. -->","yoast_head_json":{"title":"La prohibici\u00f3n del \u201cburkini\u201d en las playas francesas - Socialismo o Barbarie","robots":{"index":"index","follow":"follow","max-snippet":"max-snippet:-1","max-image-preview":"max-image-preview:large","max-video-preview":"max-video-preview:-1"},"canonical":"https:\/\/www.socialismoobarbarie.org\/?p=8427","og_locale":"es_ES","og_type":"article","og_title":"La prohibici\u00f3n del \u201cburkini\u201d en las playas francesas - Socialismo o Barbarie","og_description":"Nueva ronda de ataques islam\u00f3fobos En los \u00faltimos d\u00edas, una pol\u00e9mica ocupa los medios franceses, llegando incluso a tener repercusi\u00f3n internacional: se trata de la decisi\u00f3n de diversos alcaldes de ciudades costeras francesas de prohibir la utilizaci\u00f3n de llamado \u201cburkini\u201d en las playas. Se trata de un traje de ba\u00f1o que cubre la totalidad del [&hellip;]","og_url":"https:\/\/www.socialismoobarbarie.org\/?p=8427","og_site_name":"Socialismo o Barbarie","article_published_time":"2016-08-18T22:54:59+00:00","article_modified_time":"2019-11-20T14:23:11+00:00","og_image":[{"width":700,"height":400,"url":"https:\/\/www.socialismoobarbarie.org\/wp-content\/uploads\/2016\/08\/burkini.jpg","type":"image\/jpeg"}],"author":"SOB","twitter_card":"summary_large_image","twitter_misc":{"Escrito por":"SOB","Tiempo de lectura":"5 minutos"},"schema":{"@context":"https:\/\/schema.org","@graph":[{"@type":"Article","@id":"https:\/\/www.socialismoobarbarie.org\/?p=8427#article","isPartOf":{"@id":"https:\/\/www.socialismoobarbarie.org\/?p=8427"},"author":{"name":"SOB","@id":"https:\/\/www.socialismoobarbarie.org\/#\/schema\/person\/bc1c3b321d47ed092405949c77e35a8e"},"headline":"La prohibici\u00f3n del \u201cburkini\u201d en las playas francesas","datePublished":"2016-08-18T22:54:59+00:00","dateModified":"2019-11-20T14:23:11+00:00","mainEntityOfPage":{"@id":"https:\/\/www.socialismoobarbarie.org\/?p=8427"},"wordCount":1099,"publisher":{"@id":"https:\/\/www.socialismoobarbarie.org\/#organization"},"image":{"@id":"https:\/\/www.socialismoobarbarie.org\/?p=8427#primaryimage"},"thumbnailUrl":"https:\/\/www.socialismoobarbarie.org\/wp-content\/uploads\/2016\/08\/burkini.jpg","keywords":["Ale Vinet","Edicion 43"],"articleSection":["Europa","Francia"],"inLanguage":"es"},{"@type":"WebPage","@id":"https:\/\/www.socialismoobarbarie.org\/?p=8427","url":"https:\/\/www.socialismoobarbarie.org\/?p=8427","name":"La prohibici\u00f3n del \u201cburkini\u201d en las playas francesas - Socialismo o Barbarie","isPartOf":{"@id":"https:\/\/www.socialismoobarbarie.org\/#website"},"primaryImageOfPage":{"@id":"https:\/\/www.socialismoobarbarie.org\/?p=8427#primaryimage"},"image":{"@id":"https:\/\/www.socialismoobarbarie.org\/?p=8427#primaryimage"},"thumbnailUrl":"https:\/\/www.socialismoobarbarie.org\/wp-content\/uploads\/2016\/08\/burkini.jpg","datePublished":"2016-08-18T22:54:59+00:00","dateModified":"2019-11-20T14:23:11+00:00","breadcrumb":{"@id":"https:\/\/www.socialismoobarbarie.org\/?p=8427#breadcrumb"},"inLanguage":"es","potentialAction":[{"@type":"ReadAction","target":["https:\/\/www.socialismoobarbarie.org\/?p=8427"]}]},{"@type":"ImageObject","inLanguage":"es","@id":"https:\/\/www.socialismoobarbarie.org\/?p=8427#primaryimage","url":"https:\/\/www.socialismoobarbarie.org\/wp-content\/uploads\/2016\/08\/burkini.jpg","contentUrl":"https:\/\/www.socialismoobarbarie.org\/wp-content\/uploads\/2016\/08\/burkini.jpg","width":700,"height":400},{"@type":"BreadcrumbList","@id":"https:\/\/www.socialismoobarbarie.org\/?p=8427#breadcrumb","itemListElement":[{"@type":"ListItem","position":1,"name":"Portada","item":"https:\/\/www.socialismoobarbarie.org\/"},{"@type":"ListItem","position":2,"name":"La prohibici\u00f3n del \u201cburkini\u201d en las playas francesas"}]},{"@type":"WebSite","@id":"https:\/\/www.socialismoobarbarie.org\/#website","url":"https:\/\/www.socialismoobarbarie.org\/","name":"Socialismo o Barbarie","description":"Sitio web de la corriente internacional Socialismo o Barbarie","publisher":{"@id":"https:\/\/www.socialismoobarbarie.org\/#organization"},"potentialAction":[{"@type":"SearchAction","target":{"@type":"EntryPoint","urlTemplate":"https:\/\/www.socialismoobarbarie.org\/?s={search_term_string}"},"query-input":{"@type":"PropertyValueSpecification","valueRequired":true,"valueName":"search_term_string"}}],"inLanguage":"es"},{"@type":"Organization","@id":"https:\/\/www.socialismoobarbarie.org\/#organization","name":"Socialismo o Barbarie","url":"https:\/\/www.socialismoobarbarie.org\/","logo":{"@type":"ImageObject","inLanguage":"es","@id":"https:\/\/www.socialismoobarbarie.org\/#\/schema\/logo\/image\/","url":"https:\/\/www.socialismoobarbarie.org\/wp-content\/uploads\/2025\/02\/soblogoweb-2025.png","contentUrl":"https:\/\/www.socialismoobarbarie.org\/wp-content\/uploads\/2025\/02\/soblogoweb-2025.png","width":450,"height":161,"caption":"Socialismo o Barbarie"},"image":{"@id":"https:\/\/www.socialismoobarbarie.org\/#\/schema\/logo\/image\/"}},{"@type":"Person","@id":"https:\/\/www.socialismoobarbarie.org\/#\/schema\/person\/bc1c3b321d47ed092405949c77e35a8e","name":"SOB","url":"https:\/\/www.socialismoobarbarie.org\/?author=8"}]}},"_links":{"self":[{"href":"https:\/\/www.socialismoobarbarie.org\/index.php?rest_route=\/wp\/v2\/posts\/8427","targetHints":{"allow":["GET"]}}],"collection":[{"href":"https:\/\/www.socialismoobarbarie.org\/index.php?rest_route=\/wp\/v2\/posts"}],"about":[{"href":"https:\/\/www.socialismoobarbarie.org\/index.php?rest_route=\/wp\/v2\/types\/post"}],"author":[{"embeddable":true,"href":"https:\/\/www.socialismoobarbarie.org\/index.php?rest_route=\/wp\/v2\/users\/8"}],"replies":[{"embeddable":true,"href":"https:\/\/www.socialismoobarbarie.org\/index.php?rest_route=%2Fwp%2Fv2%2Fcomments&post=8427"}],"version-history":[{"count":1,"href":"https:\/\/www.socialismoobarbarie.org\/index.php?rest_route=\/wp\/v2\/posts\/8427\/revisions"}],"predecessor-version":[{"id":8429,"href":"https:\/\/www.socialismoobarbarie.org\/index.php?rest_route=\/wp\/v2\/posts\/8427\/revisions\/8429"}],"wp:featuredmedia":[{"embeddable":true,"href":"https:\/\/www.socialismoobarbarie.org\/index.php?rest_route=\/wp\/v2\/media\/8428"}],"wp:attachment":[{"href":"https:\/\/www.socialismoobarbarie.org\/index.php?rest_route=%2Fwp%2Fv2%2Fmedia&parent=8427"}],"wp:term":[{"taxonomy":"category","embeddable":true,"href":"https:\/\/www.socialismoobarbarie.org\/index.php?rest_route=%2Fwp%2Fv2%2Fcategories&post=8427"},{"taxonomy":"post_tag","embeddable":true,"href":"https:\/\/www.socialismoobarbarie.org\/index.php?rest_route=%2Fwp%2Fv2%2Ftags&post=8427"}],"curies":[{"name":"wp","href":"https:\/\/api.w.org\/{rel}","templated":true}]}}