{"id":9216,"date":"2017-01-28T18:13:41","date_gmt":"2017-01-28T21:13:41","guid":{"rendered":"https:\/\/www.socialismoobarbarie.org\/?p=9216"},"modified":"2019-11-20T11:15:20","modified_gmt":"2019-11-20T14:15:20","slug":"abajo-el-muro-racista-de-trump","status":"publish","type":"post","link":"https:\/\/www.socialismoobarbarie.org\/?p=9216","title":{"rendered":"Abajo el muro racista de Trump"},"content":{"rendered":"<p dir=\"auto\">S\u00f3lo tuvieron que pasar tres d\u00edas para que el mandatario que la Casa Blanca; Donald Trump, cumpliera su promesa electoral, al firmar la construcci\u00f3n de la barrera infranqueable en la frontera con M\u00e9xico.<\/p>\n<p dir=\"auto\">Durante el anunci\u00f3 de la firma del documento, tambi\u00e9n se anunci\u00f3 la orden ejecutiva para retirar los fondos federales a las \u00abciudades santuarios\u00bb, (lugares donde las autoridades no persiguen a los inmigrantes indocumentados).<\/p>\n<p dir=\"auto\">Las ciudades donde se ha solicitado la persecuci\u00f3n de los inmigrantes sin papeles son: San Francisco, Los \u00c1ngeles, Nueva York, California, Texas y Chicago, sin embargo sus gobernantes se han negado a cumplir con la solicitud de la Agencia de Inmigraci\u00f3n y Aduana.<\/p>\n<p dir=\"auto\">Trump a trav\u00e9s de una ruedas de prensa justific\u00f3 su iniciativa alegando la existencia de una crisis migratoria entre ambos pa\u00edses. Puso como ejemplo el caso de algunas madres de \u201chijos asesinados por migrantes\u201d quienes asistieron a dicho evento y a quienes dijo: \u201cLa muerte de sus hijos no ser\u00e1 en vano, este es el inicio del fin de esos actos\u201d.<\/p>\n<p dir=\"auto\">El gobierno estadounidense comenzar\u00e1 la construcci\u00f3n de forma inmediata. En los l\u00edmites de Estados Unidos y M\u00e9xico ya hay muros y vallas que conforman alrededor de 1000 kil\u00f3metros. La creaci\u00f3n de una nueva divisi\u00f3n de fronteras tendr\u00e1 el objetivo concreto de evitar a toda costa la entrada de inmigrantes latinoamericanos a territorio yanqui, adem\u00e1s este nuevo sistema de control, contar\u00e1 con cinco mil guardias fronterizos, que pondr\u00e1n fin a la pol\u00edtica de \u00abcaptura y liberaci\u00f3n\u00bb, lo que har\u00e1 m\u00e1s r\u00e1pido el proceso de deportaciones y dichos polic\u00edas, podr\u00e1n disparar a cualquier persona que intente cruzar la frontera sin que se persiga como un delito.<\/p>\n<p dir=\"auto\">Otra funci\u00f3n que tendr\u00e1 el pol\u00e9mico l\u00edmite, es desmantelar los carteles y evitar que el dinero y las armas ilegales salgan de Estados Unidos y entren en M\u00e9xico.<\/p>\n<p dir=\"auto\">Como respuesta a los cuestionamientos de xenofobia y racismo por la construcci\u00f3n de su muro, Trump neg\u00f3 rotundamente tener un prejuicio con los latinoamericanos y argument\u00f3: \u00abVamos a salvar vidas a ambos lados de la frontera.\u201d<\/p>\n<p dir=\"auto\">La noticia de materializar el muro, tuvo reacciones de desapruebo, indignaci\u00f3n y repudio en contra del empresario. Artistas, cantantes, l\u00edderes de opini\u00f3n, las redes sociales y los medios de comunicaci\u00f3n explotaron en an\u00e1lisis sobre esta decisi\u00f3n y ante la seguridad del presidentes estadounidense de afirmar que M\u00e9xico lo pagar\u00e1.<\/p>\n<p dir=\"auto\">El tan famoso muro es una de las m\u00e1s pol\u00e9micas iniciativas en su campa\u00f1a y desde ahora es un hecho. La disputa y el cuestionamiento es \u00bfqui\u00e9n tiene que pagar por esa construcci\u00f3n?, \u00bfM\u00e9xico o Estados Unidos?.<\/p>\n<p dir=\"auto\"><strong>Pe\u00f1a cancela reuni\u00f3n con Trump<\/strong><\/p>\n<p dir=\"auto\">Al conocer la noticia de que era un hecho la construcci\u00f3n del muro fronterizo, Enrique Pe\u00f1a Nieto, presidente de M\u00e9xico cancel\u00f3 el encuentro que ten\u00eda agendado para el 31 de enero del a\u00f1o en curso en la Casa Blanca.<\/p>\n<p dir=\"auto\">Trump ha comentado desde que era candidato que ser\u00e1 M\u00e9xico el que pague los $14.000 millones de d\u00f3lares del costo de la obra, algo que el gobierno mexicano ha negado reiteradamente. Sin embargo, hay varias maneras indirectas con las que EE.UU. puede obligar a M\u00e9xico para que pague por el muro y en esas son las negociaciones que quiere concretar el magnate.<\/p>\n<p dir=\"auto\">En su comunicado de prensa, Pe\u00f1a Nieto coment\u00f3 que lamenta y reprueba la decisi\u00f3n del mandatario estadounidense y reiter\u00f3 que su pa\u00eds no pagar\u00e1 ese muro y orden\u00f3 a la Secretar\u00eda de Relaciones Exteriores reforzar las medidas de protecci\u00f3n a los mexicanos que se encuentren en Estados Unidos.<\/p>\n<p dir=\"auto\">En un mensaje televisado en cadena nacional, Pe\u00f1a Nieto enfatiz\u00f3 en que M\u00e9xico no pagar\u00e1 por el muro y asegur\u00f3 que M\u00e9xico no cree en los muros y ese era el motivo de la cancelaci\u00f3n de su visita al empresario estadounidense.<\/p>\n<p dir=\"auto\">El portavoz del presidente Trump, Sean Spicer, asegur\u00f3 que la Casa Blanca trabajar\u00e1 por programar otra reuni\u00f3n con Pe\u00f1a Nieto en d\u00edas pr\u00f3ximos para mantener una l\u00ednea de comunicaci\u00f3n abierta y que Trump buscar\u00e1 imponer un arancel de 20% a las importaciones mexicanas para financiar el muro.<\/p>\n<p dir=\"auto\"><strong>Acuerdan presidentes no hablar p\u00fablicamente sobre el muro<\/strong><\/p>\n<p dir=\"auto\">A trav\u00e9s de una llamada telef\u00f3nica que sostuvieron los presidentes de M\u00e9xico y Estados Unidos, acordaron suspender sus pronunciamientos p\u00fablicos en torno al muro.<\/p>\n<p dir=\"auto\">Ambos presidentes han comunicado que pretenden mantener el di\u00e1logo para fortalecer la relaci\u00f3n estrat\u00e9gica y econ\u00f3mica de manera constructiva para los dos pa\u00edses.<\/p>\n<p dir=\"auto\">Sobre la llamada que sostuvieron los mandatarios solo se inform\u00f3 que hab\u00edan tenido una conversaci\u00f3n \u201cconstructiva y productiva\u201d en torno a la relaci\u00f3n bilateral entre ambos, incluyendo el tema del d\u00e9ficit comercial de Estados Unidos con M\u00e9xico, la importancia de la amistad entre las naciones y la necesidad de que los dos pa\u00edses trabajen juntos para detener el tr\u00e1fico de drogas y el flujo ilegal de armas.<\/p>\n<p dir=\"auto\">Esta decisi\u00f3n de mantener el tema del muro en privado a despertado entre los mexicanos la sospecha de un posible arreglo diplom\u00e1tico entre ambos pa\u00edses, que puede obligar a M\u00e9xico a pagar dicha construcci\u00f3n.<\/p>\n<p dir=\"auto\"><strong>Carlos Slim dice que hay que negociar con Trump<\/strong><\/p>\n<p dir=\"auto\">A trav\u00e9s de una conferencia de prensa transmitida en vivo, el empresario mexicano Carlos Slim Hel\u00fa, presidente de Grupo Carso y uno de los hombres m\u00e1s ricos del mundo, asegur\u00f3 que la construcci\u00f3n del muro son oportunidades, generaci\u00f3n de empleos, y mejoras en las inversiones nacionales y extranjeras.<\/p>\n<p dir=\"auto\">Afirm\u00f3 que Trump es un gran negociador que quiere transformar a Estados Unidos. Mencion\u00f3 que hacer las estrategias tal cual las plantea el empresario estadounidense es un alto riesgo para los consumidores americanos y dijo que M\u00e9xico tambi\u00e9n debe saber negociar con Trump.<\/p>\n<p dir=\"auto\">Asegur\u00f3 que la primera preocupaci\u00f3n de nuestro pa\u00eds debe ser la situaci\u00f3n de los mexicanos que est\u00e1n en Estados Unidos y habl\u00f3 de su apoyo a estas familias a trav\u00e9s de una plataforma virtual en donde podr\u00e1n obtener informaci\u00f3n, orientaci\u00f3n y apoyo para el tramite de sus residencias. Mencion\u00f3 que habl\u00f3 con Pe\u00f1a Nieto y que entre ambos iban a procurar que los mexicanos obtuvieran toda su documentaci\u00f3n a tiempo y en forma para que realicen sus procesos migratorios.<\/p>\n<p dir=\"auto\">Al finalizar su intervenci\u00f3n hizo un llamado a mantener la unidad sobre todo ante una nueva sociedad a la que se ha sumado: Singapur, Corea y China.<\/p>\n<p dir=\"auto\">El magnate mexicano se reuni\u00f3 el pasado 17 de diciembre con Trump en un restaurante en Florida, encuentro que el presidente estadounidense calific\u00f3 de cordial, y a Slim lo defini\u00f3 como \u201cun gran tipo\u201d. La conferencia de prensa se realiz\u00f3 un d\u00eda despu\u00e9s de que Pe\u00f1a Nieto cancelara su reuni\u00f3n con el presidente de Estados Unidos.<\/p>\n<p dir=\"auto\"><strong>M\u00e9xico entre Pe\u00f1a y Trump<\/strong><\/p>\n<p dir=\"auto\">Entre todas las situaciones pol\u00edticas por la que atraviesa el estado mexicano, encuentra entre las perspectivas del ver finalizado el Tratado de Libre comercio con el pa\u00eds del Norte (se ver\u00e1n sus consecuencias), pero al mismo tiempo con un cuchillo en la garganta al verse amenazado y agredido por el muro que va construir Trump.<\/p>\n<p dir=\"auto\">Es el momento de que M\u00e9xico volte\u00e9 sus ojos al sur y se quite el yugo yanqui. Su econom\u00eda se ha desarticulado, el salario alcanza para menos, no hay un crecimiento econ\u00f3mico, hay cortes de calles, tomas de instalaciones y reclamos de inseguridad al por mayor, donde Pe\u00f1a Nieto s\u00f3lo responde con su sumisi\u00f3n ante Trump haciendo que M\u00e9xico dependa cada vez m\u00e1s de Estados Unidos.<\/p>\n<p dir=\"auto\">M\u00e9xico se ha convertido en un campo de tierra f\u00e9rtil para el saqueo econ\u00f3mico y de explotaci\u00f3n de empresas trasnacionales y ante todo esto el presidente de M\u00e9xico solo sigue buscando mantener una relaci\u00f3n cordial y amigable con Trump para que sigamos manteniendo el t\u00edtulo de \u201cpatio trasero de Estados Unidos\u201d.<\/p>\n<p dir=\"auto\">Las acciones desesperadas de Pe\u00f1a Nieto por ser el mejor amigo de Trump lo han llevado a ceder en varios momentos de esta historia pol\u00edtica. No es una coincidencia que despu\u00e9s de tantos a\u00f1os de estar en prisi\u00f3n, protagonizar tantas fugas y de jugar con la seguridad de los mexicanos, por fin M\u00e9xico haya extraditado al \u2018Chapo Guzm\u00e1n\u2019 a los Estados Unidos y que la fecha para que este acontecimiento hist\u00f3rico pasara, fuera el primer d\u00eda de mandado del empresario estadounidense.<\/p>\n<p dir=\"auto\">La fuerza y la resistencia del pueblo mexicano debe ser de la mano los pa\u00edses Latinoamericanos. M\u00e9xico debe de empezar a confiar y a creer en su pueblo y en el resto del sur del continente, en primer lugar en los trabajadores de la ciudad y el campo.<\/p>\n<p dir=\"auto\">M\u00e9xico no debe olvidar que la mitad del territorio estadounidense fue robado a los mexicanos.<\/p>\n<p dir=\"auto\">El pueblo mexicano desde el mandato de Enrique Pe\u00f1a Nieto ha sufrido los episodios mas oscuros en su historia: Atenco, \u201cLa Casa Blanca\u201d, Ayotzinapa, #YoSoy132, CNTE, gasolinazo, periodistas asesinados, el mayor n\u00famero de feminicidios, homofobia, una mafia de gobernadores y alcaldes que roban a su pueblo y lo castiga con la represi\u00f3n y ahora un muro en su frontera que matar\u00e1 a todo aquel que se quiera siquiera asomar al otro lado.<\/p>\n<p dir=\"auto\">Es el momento de que el pueblo mexicano defienda a M\u00e9xico y se plantee una revoluci\u00f3n permanente, una resistencia organizada y un internacionalismo libertario que lo lleve a unificar a los trabajadores, las mujeres y la juventud en una misma lucha para derrotar el gobierno de Enrique Pe\u00f1a Nieto y el de Trump.<\/p>\n<p dir=\"auto\"><strong>\u00a1Abajo el muro de Trump!<\/strong><\/p>\n<p dir=\"auto\"><strong>\u00a1Solidaridad activa de todos los pueblos latinoamericanos para defender el libre tr\u00e1nsito en la frontera!<\/strong><\/p>\n<p dir=\"auto\"><strong>\u00a1Regularizaci\u00f3n y ciudadan\u00eda a todos los inmigrantes latinoamericanos en Estados Unidos!<\/strong><\/p>\n<p dir=\"auto\"><strong>\u00a1Rechaz\u00f3 a todas las deportaciones!<\/strong><\/p>\n<p dir=\"auto\"><strong>\u00a1Movilizaci\u00f3n activa para derrotar el muro de Trump y los planes de ajuste de Pe\u00f1a Nieto!<\/strong><\/p>\n","protected":false},"excerpt":{"rendered":"<p>S\u00f3lo tuvieron que pasar tres d\u00edas para que el mandatario que la Casa Blanca; Donald Trump, cumpliera su promesa electoral, al firmar la construcci\u00f3n de la barrera infranqueable en la frontera con M\u00e9xico. Durante el anunci\u00f3 de la firma del documento, tambi\u00e9n se anunci\u00f3 la orden ejecutiva para retirar los fondos federales a las \u00abciudades [&hellip;]<\/p>\n","protected":false},"author":8,"featured_media":9218,"comment_status":"closed","ping_status":"closed","sticky":false,"template":"","format":"standard","meta":{"footnotes":""},"categories":[122,1689,1674],"tags":[1620,1359],"class_list":{"0":"post-9216","1":"post","2":"type-post","3":"status-publish","4":"format-standard","5":"has-post-thumbnail","7":"category-america-latina-y-el-caribe","8":"category-estados-unidos","9":"category-mexico","10":"tag-edicion-63","11":"tag-karina-gonzalez"},"yoast_head":"<!-- This site is optimized with the Yoast SEO plugin v27.5 - https:\/\/yoast.com\/product\/yoast-seo-wordpress\/ -->\n<title>Abajo el muro racista de Trump - Socialismo o Barbarie<\/title>\n<meta name=\"robots\" content=\"index, follow, max-snippet:-1, max-image-preview:large, max-video-preview:-1\" \/>\n<link rel=\"canonical\" href=\"https:\/\/www.socialismoobarbarie.org\/?p=9216\" \/>\n<meta property=\"og:locale\" content=\"es_ES\" \/>\n<meta property=\"og:type\" content=\"article\" \/>\n<meta property=\"og:title\" content=\"Abajo el muro racista de Trump - Socialismo o Barbarie\" \/>\n<meta property=\"og:description\" content=\"S\u00f3lo tuvieron que pasar tres d\u00edas para que el mandatario que la Casa Blanca; Donald Trump, cumpliera su promesa electoral, al firmar la construcci\u00f3n de la barrera infranqueable en la frontera con M\u00e9xico. Durante el anunci\u00f3 de la firma del documento, tambi\u00e9n se anunci\u00f3 la orden ejecutiva para retirar los fondos federales a las \u00abciudades [&hellip;]\" \/>\n<meta property=\"og:url\" content=\"https:\/\/www.socialismoobarbarie.org\/?p=9216\" \/>\n<meta property=\"og:site_name\" content=\"Socialismo o Barbarie\" \/>\n<meta property=\"article:published_time\" content=\"2017-01-28T21:13:41+00:00\" \/>\n<meta property=\"article:modified_time\" content=\"2019-11-20T14:15:20+00:00\" \/>\n<meta property=\"og:image\" content=\"https:\/\/www.socialismoobarbarie.org\/wp-content\/uploads\/2017\/01\/muro-frontera-eeuu-mexico-644x362-1.jpg\" \/>\n\t<meta property=\"og:image:width\" content=\"644\" \/>\n\t<meta property=\"og:image:height\" content=\"362\" \/>\n\t<meta property=\"og:image:type\" content=\"image\/jpeg\" \/>\n<meta name=\"author\" content=\"SOB\" \/>\n<meta name=\"twitter:card\" content=\"summary_large_image\" \/>\n<meta name=\"twitter:label1\" content=\"Escrito por\" \/>\n\t<meta name=\"twitter:data1\" content=\"SOB\" \/>\n\t<meta name=\"twitter:label2\" content=\"Tiempo de lectura\" \/>\n\t<meta name=\"twitter:data2\" content=\"9 minutos\" \/>\n<script type=\"application\/ld+json\" class=\"yoast-schema-graph\">{\"@context\":\"https:\\\/\\\/schema.org\",\"@graph\":[{\"@type\":\"Article\",\"@id\":\"https:\\\/\\\/www.socialismoobarbarie.org\\\/?p=9216#article\",\"isPartOf\":{\"@id\":\"https:\\\/\\\/www.socialismoobarbarie.org\\\/?p=9216\"},\"author\":{\"name\":\"SOB\",\"@id\":\"https:\\\/\\\/www.socialismoobarbarie.org\\\/#\\\/schema\\\/person\\\/bc1c3b321d47ed092405949c77e35a8e\"},\"headline\":\"Abajo el muro racista de Trump\",\"datePublished\":\"2017-01-28T21:13:41+00:00\",\"dateModified\":\"2019-11-20T14:15:20+00:00\",\"mainEntityOfPage\":{\"@id\":\"https:\\\/\\\/www.socialismoobarbarie.org\\\/?p=9216\"},\"wordCount\":1736,\"publisher\":{\"@id\":\"https:\\\/\\\/www.socialismoobarbarie.org\\\/#organization\"},\"image\":{\"@id\":\"https:\\\/\\\/www.socialismoobarbarie.org\\\/?p=9216#primaryimage\"},\"thumbnailUrl\":\"https:\\\/\\\/www.socialismoobarbarie.org\\\/wp-content\\\/uploads\\\/2017\\\/01\\\/muro-frontera-eeuu-mexico-644x362-1.jpg\",\"keywords\":[\"Edicion 63\",\"Karina Gonz\u00e1lez\"],\"articleSection\":[\"Am\u00e9rica Latina\",\"Estados Unidos\",\"M\u00e9xico\"],\"inLanguage\":\"es\"},{\"@type\":\"WebPage\",\"@id\":\"https:\\\/\\\/www.socialismoobarbarie.org\\\/?p=9216\",\"url\":\"https:\\\/\\\/www.socialismoobarbarie.org\\\/?p=9216\",\"name\":\"Abajo el muro racista de Trump - Socialismo o Barbarie\",\"isPartOf\":{\"@id\":\"https:\\\/\\\/www.socialismoobarbarie.org\\\/#website\"},\"primaryImageOfPage\":{\"@id\":\"https:\\\/\\\/www.socialismoobarbarie.org\\\/?p=9216#primaryimage\"},\"image\":{\"@id\":\"https:\\\/\\\/www.socialismoobarbarie.org\\\/?p=9216#primaryimage\"},\"thumbnailUrl\":\"https:\\\/\\\/www.socialismoobarbarie.org\\\/wp-content\\\/uploads\\\/2017\\\/01\\\/muro-frontera-eeuu-mexico-644x362-1.jpg\",\"datePublished\":\"2017-01-28T21:13:41+00:00\",\"dateModified\":\"2019-11-20T14:15:20+00:00\",\"breadcrumb\":{\"@id\":\"https:\\\/\\\/www.socialismoobarbarie.org\\\/?p=9216#breadcrumb\"},\"inLanguage\":\"es\",\"potentialAction\":[{\"@type\":\"ReadAction\",\"target\":[\"https:\\\/\\\/www.socialismoobarbarie.org\\\/?p=9216\"]}]},{\"@type\":\"ImageObject\",\"inLanguage\":\"es\",\"@id\":\"https:\\\/\\\/www.socialismoobarbarie.org\\\/?p=9216#primaryimage\",\"url\":\"https:\\\/\\\/www.socialismoobarbarie.org\\\/wp-content\\\/uploads\\\/2017\\\/01\\\/muro-frontera-eeuu-mexico-644x362-1.jpg\",\"contentUrl\":\"https:\\\/\\\/www.socialismoobarbarie.org\\\/wp-content\\\/uploads\\\/2017\\\/01\\\/muro-frontera-eeuu-mexico-644x362-1.jpg\",\"width\":644,\"height\":362},{\"@type\":\"BreadcrumbList\",\"@id\":\"https:\\\/\\\/www.socialismoobarbarie.org\\\/?p=9216#breadcrumb\",\"itemListElement\":[{\"@type\":\"ListItem\",\"position\":1,\"name\":\"Portada\",\"item\":\"https:\\\/\\\/www.socialismoobarbarie.org\\\/\"},{\"@type\":\"ListItem\",\"position\":2,\"name\":\"Abajo el muro racista de Trump\"}]},{\"@type\":\"WebSite\",\"@id\":\"https:\\\/\\\/www.socialismoobarbarie.org\\\/#website\",\"url\":\"https:\\\/\\\/www.socialismoobarbarie.org\\\/\",\"name\":\"Socialismo o Barbarie\",\"description\":\"Sitio web de la corriente internacional Socialismo o Barbarie\",\"publisher\":{\"@id\":\"https:\\\/\\\/www.socialismoobarbarie.org\\\/#organization\"},\"potentialAction\":[{\"@type\":\"SearchAction\",\"target\":{\"@type\":\"EntryPoint\",\"urlTemplate\":\"https:\\\/\\\/www.socialismoobarbarie.org\\\/?s={search_term_string}\"},\"query-input\":{\"@type\":\"PropertyValueSpecification\",\"valueRequired\":true,\"valueName\":\"search_term_string\"}}],\"inLanguage\":\"es\"},{\"@type\":\"Organization\",\"@id\":\"https:\\\/\\\/www.socialismoobarbarie.org\\\/#organization\",\"name\":\"Socialismo o Barbarie\",\"url\":\"https:\\\/\\\/www.socialismoobarbarie.org\\\/\",\"logo\":{\"@type\":\"ImageObject\",\"inLanguage\":\"es\",\"@id\":\"https:\\\/\\\/www.socialismoobarbarie.org\\\/#\\\/schema\\\/logo\\\/image\\\/\",\"url\":\"https:\\\/\\\/www.socialismoobarbarie.org\\\/wp-content\\\/uploads\\\/2025\\\/02\\\/soblogoweb-2025.png\",\"contentUrl\":\"https:\\\/\\\/www.socialismoobarbarie.org\\\/wp-content\\\/uploads\\\/2025\\\/02\\\/soblogoweb-2025.png\",\"width\":450,\"height\":161,\"caption\":\"Socialismo o Barbarie\"},\"image\":{\"@id\":\"https:\\\/\\\/www.socialismoobarbarie.org\\\/#\\\/schema\\\/logo\\\/image\\\/\"}},{\"@type\":\"Person\",\"@id\":\"https:\\\/\\\/www.socialismoobarbarie.org\\\/#\\\/schema\\\/person\\\/bc1c3b321d47ed092405949c77e35a8e\",\"name\":\"SOB\",\"url\":\"https:\\\/\\\/www.socialismoobarbarie.org\\\/?author=8\"}]}<\/script>\n<!-- \/ Yoast SEO plugin. -->","yoast_head_json":{"title":"Abajo el muro racista de Trump - Socialismo o Barbarie","robots":{"index":"index","follow":"follow","max-snippet":"max-snippet:-1","max-image-preview":"max-image-preview:large","max-video-preview":"max-video-preview:-1"},"canonical":"https:\/\/www.socialismoobarbarie.org\/?p=9216","og_locale":"es_ES","og_type":"article","og_title":"Abajo el muro racista de Trump - Socialismo o Barbarie","og_description":"S\u00f3lo tuvieron que pasar tres d\u00edas para que el mandatario que la Casa Blanca; Donald Trump, cumpliera su promesa electoral, al firmar la construcci\u00f3n de la barrera infranqueable en la frontera con M\u00e9xico. Durante el anunci\u00f3 de la firma del documento, tambi\u00e9n se anunci\u00f3 la orden ejecutiva para retirar los fondos federales a las \u00abciudades [&hellip;]","og_url":"https:\/\/www.socialismoobarbarie.org\/?p=9216","og_site_name":"Socialismo o Barbarie","article_published_time":"2017-01-28T21:13:41+00:00","article_modified_time":"2019-11-20T14:15:20+00:00","og_image":[{"width":644,"height":362,"url":"https:\/\/www.socialismoobarbarie.org\/wp-content\/uploads\/2017\/01\/muro-frontera-eeuu-mexico-644x362-1.jpg","type":"image\/jpeg"}],"author":"SOB","twitter_card":"summary_large_image","twitter_misc":{"Escrito por":"SOB","Tiempo de lectura":"9 minutos"},"schema":{"@context":"https:\/\/schema.org","@graph":[{"@type":"Article","@id":"https:\/\/www.socialismoobarbarie.org\/?p=9216#article","isPartOf":{"@id":"https:\/\/www.socialismoobarbarie.org\/?p=9216"},"author":{"name":"SOB","@id":"https:\/\/www.socialismoobarbarie.org\/#\/schema\/person\/bc1c3b321d47ed092405949c77e35a8e"},"headline":"Abajo el muro racista de Trump","datePublished":"2017-01-28T21:13:41+00:00","dateModified":"2019-11-20T14:15:20+00:00","mainEntityOfPage":{"@id":"https:\/\/www.socialismoobarbarie.org\/?p=9216"},"wordCount":1736,"publisher":{"@id":"https:\/\/www.socialismoobarbarie.org\/#organization"},"image":{"@id":"https:\/\/www.socialismoobarbarie.org\/?p=9216#primaryimage"},"thumbnailUrl":"https:\/\/www.socialismoobarbarie.org\/wp-content\/uploads\/2017\/01\/muro-frontera-eeuu-mexico-644x362-1.jpg","keywords":["Edicion 63","Karina Gonz\u00e1lez"],"articleSection":["Am\u00e9rica Latina","Estados Unidos","M\u00e9xico"],"inLanguage":"es"},{"@type":"WebPage","@id":"https:\/\/www.socialismoobarbarie.org\/?p=9216","url":"https:\/\/www.socialismoobarbarie.org\/?p=9216","name":"Abajo el muro racista de Trump - Socialismo o Barbarie","isPartOf":{"@id":"https:\/\/www.socialismoobarbarie.org\/#website"},"primaryImageOfPage":{"@id":"https:\/\/www.socialismoobarbarie.org\/?p=9216#primaryimage"},"image":{"@id":"https:\/\/www.socialismoobarbarie.org\/?p=9216#primaryimage"},"thumbnailUrl":"https:\/\/www.socialismoobarbarie.org\/wp-content\/uploads\/2017\/01\/muro-frontera-eeuu-mexico-644x362-1.jpg","datePublished":"2017-01-28T21:13:41+00:00","dateModified":"2019-11-20T14:15:20+00:00","breadcrumb":{"@id":"https:\/\/www.socialismoobarbarie.org\/?p=9216#breadcrumb"},"inLanguage":"es","potentialAction":[{"@type":"ReadAction","target":["https:\/\/www.socialismoobarbarie.org\/?p=9216"]}]},{"@type":"ImageObject","inLanguage":"es","@id":"https:\/\/www.socialismoobarbarie.org\/?p=9216#primaryimage","url":"https:\/\/www.socialismoobarbarie.org\/wp-content\/uploads\/2017\/01\/muro-frontera-eeuu-mexico-644x362-1.jpg","contentUrl":"https:\/\/www.socialismoobarbarie.org\/wp-content\/uploads\/2017\/01\/muro-frontera-eeuu-mexico-644x362-1.jpg","width":644,"height":362},{"@type":"BreadcrumbList","@id":"https:\/\/www.socialismoobarbarie.org\/?p=9216#breadcrumb","itemListElement":[{"@type":"ListItem","position":1,"name":"Portada","item":"https:\/\/www.socialismoobarbarie.org\/"},{"@type":"ListItem","position":2,"name":"Abajo el muro racista de Trump"}]},{"@type":"WebSite","@id":"https:\/\/www.socialismoobarbarie.org\/#website","url":"https:\/\/www.socialismoobarbarie.org\/","name":"Socialismo o Barbarie","description":"Sitio web de la corriente internacional Socialismo o Barbarie","publisher":{"@id":"https:\/\/www.socialismoobarbarie.org\/#organization"},"potentialAction":[{"@type":"SearchAction","target":{"@type":"EntryPoint","urlTemplate":"https:\/\/www.socialismoobarbarie.org\/?s={search_term_string}"},"query-input":{"@type":"PropertyValueSpecification","valueRequired":true,"valueName":"search_term_string"}}],"inLanguage":"es"},{"@type":"Organization","@id":"https:\/\/www.socialismoobarbarie.org\/#organization","name":"Socialismo o Barbarie","url":"https:\/\/www.socialismoobarbarie.org\/","logo":{"@type":"ImageObject","inLanguage":"es","@id":"https:\/\/www.socialismoobarbarie.org\/#\/schema\/logo\/image\/","url":"https:\/\/www.socialismoobarbarie.org\/wp-content\/uploads\/2025\/02\/soblogoweb-2025.png","contentUrl":"https:\/\/www.socialismoobarbarie.org\/wp-content\/uploads\/2025\/02\/soblogoweb-2025.png","width":450,"height":161,"caption":"Socialismo o Barbarie"},"image":{"@id":"https:\/\/www.socialismoobarbarie.org\/#\/schema\/logo\/image\/"}},{"@type":"Person","@id":"https:\/\/www.socialismoobarbarie.org\/#\/schema\/person\/bc1c3b321d47ed092405949c77e35a8e","name":"SOB","url":"https:\/\/www.socialismoobarbarie.org\/?author=8"}]}},"_links":{"self":[{"href":"https:\/\/www.socialismoobarbarie.org\/index.php?rest_route=\/wp\/v2\/posts\/9216","targetHints":{"allow":["GET"]}}],"collection":[{"href":"https:\/\/www.socialismoobarbarie.org\/index.php?rest_route=\/wp\/v2\/posts"}],"about":[{"href":"https:\/\/www.socialismoobarbarie.org\/index.php?rest_route=\/wp\/v2\/types\/post"}],"author":[{"embeddable":true,"href":"https:\/\/www.socialismoobarbarie.org\/index.php?rest_route=\/wp\/v2\/users\/8"}],"replies":[{"embeddable":true,"href":"https:\/\/www.socialismoobarbarie.org\/index.php?rest_route=%2Fwp%2Fv2%2Fcomments&post=9216"}],"version-history":[{"count":1,"href":"https:\/\/www.socialismoobarbarie.org\/index.php?rest_route=\/wp\/v2\/posts\/9216\/revisions"}],"predecessor-version":[{"id":9219,"href":"https:\/\/www.socialismoobarbarie.org\/index.php?rest_route=\/wp\/v2\/posts\/9216\/revisions\/9219"}],"wp:featuredmedia":[{"embeddable":true,"href":"https:\/\/www.socialismoobarbarie.org\/index.php?rest_route=\/wp\/v2\/media\/9218"}],"wp:attachment":[{"href":"https:\/\/www.socialismoobarbarie.org\/index.php?rest_route=%2Fwp%2Fv2%2Fmedia&parent=9216"}],"wp:term":[{"taxonomy":"category","embeddable":true,"href":"https:\/\/www.socialismoobarbarie.org\/index.php?rest_route=%2Fwp%2Fv2%2Fcategories&post=9216"},{"taxonomy":"post_tag","embeddable":true,"href":"https:\/\/www.socialismoobarbarie.org\/index.php?rest_route=%2Fwp%2Fv2%2Ftags&post=9216"}],"curies":[{"name":"wp","href":"https:\/\/api.w.org\/{rel}","templated":true}]}}