{"id":9237,"date":"2017-02-02T20:42:23","date_gmt":"2017-02-02T23:42:23","guid":{"rendered":"https:\/\/www.socialismoobarbarie.org\/?p=9237"},"modified":"2019-11-20T10:43:49","modified_gmt":"2019-11-20T13:43:49","slug":"espana-podemos-camina-hacia-su-segundo-congreso","status":"publish","type":"post","link":"https:\/\/www.socialismoobarbarie.org\/?p=9237","title":{"rendered":"Espa\u00f1a: Podemos camina hacia su Segundo Congreso"},"content":{"rendered":"<h2><strong>Llegar al gobierno a \u201ccomo d\u00e9\u201d<\/strong><\/h2>\n<p>Mucho se viene hablado en las \u00faltimas semanas sobre la disputa interna de Podemos entre pablistas y errejonistas, de cara a su Segundo Congreso, previsto para mediados de este mes. Haci\u00e9ndose eco de esta situaci\u00f3n, la prensa burguesa aprovecha la oportunidad para se\u00f1alar sin tapujos su satisfacci\u00f3n intentando demostrar que Podemos repite los mismos vicios que los partidos de la casta que dice criticar, reduciendo la cuesti\u00f3n a una mera \u201cdisputa por cuotas de poder\u201d que enfrenta a dos modelos organizativos: el vigente defendido por Iglesias (actual secretario general y \u00fanico candidato por el momento a serlo por segunda vez), y el errejonista que postula menos prerrogativas para el secretario general, sobre todo en lo que hace a las atribuciones de poder consultar unilateralmente a las bases y disolver cualquier alianza o grupo territorial.<\/p>\n<p>Sin negar esto, porque efectivamente existe la tensi\u00f3n de una pelea por mantener y ganar espacios de poder, nos parece que en todo caso lo que importa es comprender a qu\u00e9 responde y qu\u00e9 manifiesta esta disputa.<\/p>\n<p>Aqu\u00ed hay que decir que lo que est\u00e1 en debate hacia Vistalegre II es lo que Podemos es y lo que pretende llegar a ser. Es decir, se plantea el hecho de pasar de ser un movimiento no institucional a uno institucional: <strong>pasar a ser un partido \u201cnormal\u201d integrado y adaptado a la normalidad del juego parlamentario y de las instituciones de la democracia burguesa<\/strong>.<\/p>\n<p>Es que Podemos, desde sus or\u00edgenes y cada vez m\u00e1s, ha ido girando hacia la derecha desestimando toda participaci\u00f3n sistem\u00e1tica en las luchas sociales, apostando s\u00f3lo a la intervenci\u00f3n medi\u00e1tica y electoral, a la figura carism\u00e1tica de Pablo Iglesias, incluso evitando desarrollar ra\u00edces org\u00e1nicas por abajo entre los trabajadores, la juventud y los sectores populares.<\/p>\n<p>Esta no apuesta al desarrollo de las luchas sociales, esta no construcci\u00f3n org\u00e1nica, esta apuesta puramente medi\u00e1tica y electoral de una fuerza que logr\u00f3 adquirir amplia influencia de masas, <strong>es evidente que tiene su efecto en el giro conservador de la coyuntura<\/strong>. Ocurre que para conquistar el mundo de manera transformadora, revolucionaria,\u00a0<strong>hace falta apelar a las fuerzas sociales que est\u00e1n en la base de la sociedad<\/strong><strong>: <\/strong>los explotados y oprimidos, algo que est\u00e1 expl\u00edcitamente fuera de la agenda de Podemos y su estrategia reformista.<\/p>\n<p>Se trata de una estrategia absolutamente subsumida en ganar votos y gobernar con el PSOE (aunque sea la casta) y con los medianos empresarios, y opuesta a impulsar y desarrollar las luchas. Una estrategia que se acota y se acaba en el terreno electoral y de las instituciones. Por eso su derechizaci\u00f3n y adaptaci\u00f3n cada vez m\u00e1s descarada a las reglas del juego parlamentario de la democracia burguesa: porque lo que importa es ganar las elecciones a como d\u00e9, una orientaci\u00f3n puramente electoralista, s\u00f3lo destinada a juntar votos sin importar si se ganan a costa de abandonar todas las demandas estructurales y los elementos program\u00e1ticos rupturistas que su programa original conten\u00eda.<\/p>\n<p>Recordemos que luego de mantener durante todo el tiempo la mano tendida al PSOE para formar gobierno y moderar y derechizar su discurso original, Podemos se reubic\u00f3 ante los hechos consumados luego de que el PSOE con su abstenci\u00f3n favoreciera la investidura de Rajoy. El\u00a0 destino le ha\u00a0 regalado a Podemos la posibilidad de ser oposici\u00f3n. Un regalo que Podemos intent\u00f3 aprovechar oportunistamente (para ganar espacio parlamentario) radicalizando su discurso y culpando al ala dura del PSOE. Pero como se\u00f1al\u00e1ramos reiteradas veces, el PSOE es uno de los partidos de la casta y el hecho de responsabilizar s\u00f3lo a un sector conservador del mismo es lavarle la cara al PSOE entero como tal y esto es algo que ni Podemos de conjunto ni el sector de Anticapitalistas\u00a0han asumido ni cuestionado nunca.<\/p>\n<p>Esto explica que de hecho la discusi\u00f3n hacia Vistalegre II <strong>se de en el terreno puramente organizativo y no pol\u00edtico-estrat\u00e9gico<\/strong>; la estrategia de Podemos no est\u00e1 en discusi\u00f3n, en este terreno no hay nada nuevo, ninguna discusi\u00f3n abierta al respecto.<\/p>\n<p>Las diferencias no vienen del lado de la estrategia de continuar siendo una maquinaria electoral para formar un gobierno de \u201cizquierdas\u201d con el PSOE; en todo caso las diferencias con Errej\u00f3n vienen del lado de con qu\u00e9 condiciones o de qu\u00e9 manera se gobierna con \u00e9l. La moderaci\u00f3n y el temor de Errej\u00f3n quedaron en evidencia cuando Iglesias le propuso a S\u00e1nchez ser vicepresidente para formar gobierno e impedir que el PP gobierne y que por supuesto el PSOE rechaz\u00f3 antes que nada para no cederle el liderazgo de la \u201cizquierda\u201d. Si hubiese sido por el n\u00famero dos de Podemos, los condicionamientos para gobernar con el PSOE hubieran sido m\u00e1s leves. Es decir, Errej\u00f3n es m\u00e1s de la estrategia de \u201cmejor p\u00e1jaro en mano que cien volando\u201d\u2026 mientras que Iglesias prefiere \u201cdos en mano que 98 volando\u201d.<\/p>\n<p>De ah\u00ed tambi\u00e9n el triste papel de\u00a0<em>Anticapitalistas<\/em>, secci\u00f3n oficial de la IV mandelista, <strong>totalmente adaptada a la din\u00e1mica de la direcci\u00f3n de Podemos<\/strong>, a su curso pol\u00edtico y electoral totalmente acondicionado a los requerimientos del r\u00e9gimen parlamentario, sin presentar (hasta ahora) tampoco candidato a secretario general para pelear por un Podemos que impulse las luchas sociales, tomando en sus manos las reivindicaciones m\u00e1s sentidas.<\/p>\n<p>En todo caso, tambi\u00e9n las disputas de poder tienen que ver con el hecho irrefutable de que <strong>las bases de Podemos no juegan ning\u00fan papel<\/strong>. Podemos se ha convertido en una estructura por arriba de parlamentarios y cargos, como el Gobierno de C\u00e1diz, donde el alcalde es de Anticapitalistas o en Valencia, donde gobierna en confluencia. Y cuando las bases no importan, de lo que se trata es de ver qui\u00e9n manda y c\u00f3mo disciplina a la bancada y los cargos, de ah\u00ed la preocupaci\u00f3n por sostener una organizaci\u00f3n interna \u201cbonapartista\u201d, totalmente en manos de Iglesias, con fuertes atribuciones al secretario general (el origen de todos los votos, seg\u00fan \u00e9l), para ejercer su arbitraje.<\/p>\n<p>En todo caso, el debate organizativo se reduce a eso: si es el secretario general como tal o alg\u00fan elenco algo m\u00e1s amplio el que ejerce el control, no ya de las bases que no tienen arte ni parte, sino de los parlamentarios y dem\u00e1s cargos institucionales que son lo que importan.<\/p>\n<p>Desde Socialismo o Barbarie Espa\u00f1a afirmamos que el cambio no viene ni vendr\u00e1 nunca de adaptarse a la institucionalidad. Ahora que gobierna nuevamente el PP y que seguramente avanzar\u00e1 en recortes y ataques a los trabajadores, se trata de organizarse y luchar para apostar al desarrollo independiente de las luchas y en oportunidad de elecciones, a una pol\u00edtica electoral revolucionaria, clasista e independiente que impulse la lucha social y pelee por la conciencia socialista, que pelee por una estrategia revolucionaria contraria a la jugada puramente electoral e institucional a la que viene apostando Podemos. Por esto mismo habr\u00e1 que redoblar los esfuerzos y encontrarnos en las calles desde ya mismo para no caer en el escepticismo, la desmoralizaci\u00f3n y para no cederle ni un minuto a los ataques del PP y la burgues\u00eda espa\u00f1ola.<\/p>\n","protected":false},"excerpt":{"rendered":"<p>Llegar al gobierno a \u201ccomo d\u00e9\u201d Mucho se viene hablado en las \u00faltimas semanas sobre la disputa interna de Podemos entre pablistas y errejonistas, de cara a su Segundo Congreso, previsto para mediados de este mes. Haci\u00e9ndose eco de esta situaci\u00f3n, la prensa burguesa aprovecha la oportunidad para se\u00f1alar sin tapujos su satisfacci\u00f3n intentando demostrar [&hellip;]<\/p>\n","protected":false},"author":8,"featured_media":9238,"comment_status":"closed","ping_status":"closed","sticky":false,"template":"","format":"standard","meta":{"footnotes":""},"categories":[206,1690],"tags":[1121,1620],"class_list":{"0":"post-9237","1":"post","2":"type-post","3":"status-publish","4":"format-standard","5":"has-post-thumbnail","7":"category-espana","8":"category-europa","9":"tag-carla-tog","10":"tag-edicion-63"},"yoast_head":"<!-- This site is optimized with the Yoast SEO plugin v27.5 - https:\/\/yoast.com\/product\/yoast-seo-wordpress\/ -->\n<title>Espa\u00f1a: Podemos camina hacia su Segundo Congreso - Socialismo o Barbarie<\/title>\n<meta name=\"robots\" content=\"index, follow, max-snippet:-1, max-image-preview:large, max-video-preview:-1\" \/>\n<link rel=\"canonical\" href=\"https:\/\/www.socialismoobarbarie.org\/?p=9237\" \/>\n<meta property=\"og:locale\" content=\"es_ES\" \/>\n<meta property=\"og:type\" content=\"article\" \/>\n<meta property=\"og:title\" content=\"Espa\u00f1a: Podemos camina hacia su Segundo Congreso - Socialismo o Barbarie\" \/>\n<meta property=\"og:description\" content=\"Llegar al gobierno a \u201ccomo d\u00e9\u201d Mucho se viene hablado en las \u00faltimas semanas sobre la disputa interna de Podemos entre pablistas y errejonistas, de cara a su Segundo Congreso, previsto para mediados de este mes. Haci\u00e9ndose eco de esta situaci\u00f3n, la prensa burguesa aprovecha la oportunidad para se\u00f1alar sin tapujos su satisfacci\u00f3n intentando demostrar [&hellip;]\" \/>\n<meta property=\"og:url\" content=\"https:\/\/www.socialismoobarbarie.org\/?p=9237\" \/>\n<meta property=\"og:site_name\" content=\"Socialismo o Barbarie\" \/>\n<meta property=\"article:published_time\" content=\"2017-02-02T23:42:23+00:00\" \/>\n<meta property=\"article:modified_time\" content=\"2019-11-20T13:43:49+00:00\" \/>\n<meta property=\"og:image\" content=\"https:\/\/www.socialismoobarbarie.org\/wp-content\/uploads\/2017\/02\/pablo-iglesias-inigo-errejon-hemiciclo-1458065137101-e1486078914702.jpg\" \/>\n\t<meta property=\"og:image:width\" content=\"700\" \/>\n\t<meta property=\"og:image:height\" content=\"391\" \/>\n\t<meta property=\"og:image:type\" content=\"image\/jpeg\" \/>\n<meta name=\"author\" content=\"SOB\" \/>\n<meta name=\"twitter:card\" content=\"summary_large_image\" \/>\n<meta name=\"twitter:label1\" content=\"Escrito por\" \/>\n\t<meta name=\"twitter:data1\" content=\"SOB\" \/>\n\t<meta name=\"twitter:label2\" content=\"Tiempo de lectura\" \/>\n\t<meta name=\"twitter:data2\" content=\"6 minutos\" \/>\n<script type=\"application\/ld+json\" class=\"yoast-schema-graph\">{\"@context\":\"https:\\\/\\\/schema.org\",\"@graph\":[{\"@type\":\"Article\",\"@id\":\"https:\\\/\\\/www.socialismoobarbarie.org\\\/?p=9237#article\",\"isPartOf\":{\"@id\":\"https:\\\/\\\/www.socialismoobarbarie.org\\\/?p=9237\"},\"author\":{\"name\":\"SOB\",\"@id\":\"https:\\\/\\\/www.socialismoobarbarie.org\\\/#\\\/schema\\\/person\\\/bc1c3b321d47ed092405949c77e35a8e\"},\"headline\":\"Espa\u00f1a: Podemos camina hacia su Segundo Congreso\",\"datePublished\":\"2017-02-02T23:42:23+00:00\",\"dateModified\":\"2019-11-20T13:43:49+00:00\",\"mainEntityOfPage\":{\"@id\":\"https:\\\/\\\/www.socialismoobarbarie.org\\\/?p=9237\"},\"wordCount\":1244,\"publisher\":{\"@id\":\"https:\\\/\\\/www.socialismoobarbarie.org\\\/#organization\"},\"image\":{\"@id\":\"https:\\\/\\\/www.socialismoobarbarie.org\\\/?p=9237#primaryimage\"},\"thumbnailUrl\":\"https:\\\/\\\/www.socialismoobarbarie.org\\\/wp-content\\\/uploads\\\/2017\\\/02\\\/pablo-iglesias-inigo-errejon-hemiciclo-1458065137101-e1486078914702.jpg\",\"keywords\":[\"Carla Tog\",\"Edicion 63\"],\"articleSection\":[\"Estado espa\u00f1ol\",\"Europa\"],\"inLanguage\":\"es\"},{\"@type\":\"WebPage\",\"@id\":\"https:\\\/\\\/www.socialismoobarbarie.org\\\/?p=9237\",\"url\":\"https:\\\/\\\/www.socialismoobarbarie.org\\\/?p=9237\",\"name\":\"Espa\u00f1a: Podemos camina hacia su Segundo Congreso - Socialismo o Barbarie\",\"isPartOf\":{\"@id\":\"https:\\\/\\\/www.socialismoobarbarie.org\\\/#website\"},\"primaryImageOfPage\":{\"@id\":\"https:\\\/\\\/www.socialismoobarbarie.org\\\/?p=9237#primaryimage\"},\"image\":{\"@id\":\"https:\\\/\\\/www.socialismoobarbarie.org\\\/?p=9237#primaryimage\"},\"thumbnailUrl\":\"https:\\\/\\\/www.socialismoobarbarie.org\\\/wp-content\\\/uploads\\\/2017\\\/02\\\/pablo-iglesias-inigo-errejon-hemiciclo-1458065137101-e1486078914702.jpg\",\"datePublished\":\"2017-02-02T23:42:23+00:00\",\"dateModified\":\"2019-11-20T13:43:49+00:00\",\"breadcrumb\":{\"@id\":\"https:\\\/\\\/www.socialismoobarbarie.org\\\/?p=9237#breadcrumb\"},\"inLanguage\":\"es\",\"potentialAction\":[{\"@type\":\"ReadAction\",\"target\":[\"https:\\\/\\\/www.socialismoobarbarie.org\\\/?p=9237\"]}]},{\"@type\":\"ImageObject\",\"inLanguage\":\"es\",\"@id\":\"https:\\\/\\\/www.socialismoobarbarie.org\\\/?p=9237#primaryimage\",\"url\":\"https:\\\/\\\/www.socialismoobarbarie.org\\\/wp-content\\\/uploads\\\/2017\\\/02\\\/pablo-iglesias-inigo-errejon-hemiciclo-1458065137101-e1486078914702.jpg\",\"contentUrl\":\"https:\\\/\\\/www.socialismoobarbarie.org\\\/wp-content\\\/uploads\\\/2017\\\/02\\\/pablo-iglesias-inigo-errejon-hemiciclo-1458065137101-e1486078914702.jpg\",\"width\":700,\"height\":391,\"caption\":\"Madrid 15-03-2016 Pleno del Congreso En la foto Inigo Errejon y Pablo Iglesias Imagen Juan Manuel Prats\"},{\"@type\":\"BreadcrumbList\",\"@id\":\"https:\\\/\\\/www.socialismoobarbarie.org\\\/?p=9237#breadcrumb\",\"itemListElement\":[{\"@type\":\"ListItem\",\"position\":1,\"name\":\"Portada\",\"item\":\"https:\\\/\\\/www.socialismoobarbarie.org\\\/\"},{\"@type\":\"ListItem\",\"position\":2,\"name\":\"Espa\u00f1a: Podemos camina hacia su Segundo Congreso\"}]},{\"@type\":\"WebSite\",\"@id\":\"https:\\\/\\\/www.socialismoobarbarie.org\\\/#website\",\"url\":\"https:\\\/\\\/www.socialismoobarbarie.org\\\/\",\"name\":\"Socialismo o Barbarie\",\"description\":\"Sitio web de la corriente internacional Socialismo o Barbarie\",\"publisher\":{\"@id\":\"https:\\\/\\\/www.socialismoobarbarie.org\\\/#organization\"},\"potentialAction\":[{\"@type\":\"SearchAction\",\"target\":{\"@type\":\"EntryPoint\",\"urlTemplate\":\"https:\\\/\\\/www.socialismoobarbarie.org\\\/?s={search_term_string}\"},\"query-input\":{\"@type\":\"PropertyValueSpecification\",\"valueRequired\":true,\"valueName\":\"search_term_string\"}}],\"inLanguage\":\"es\"},{\"@type\":\"Organization\",\"@id\":\"https:\\\/\\\/www.socialismoobarbarie.org\\\/#organization\",\"name\":\"Socialismo o Barbarie\",\"url\":\"https:\\\/\\\/www.socialismoobarbarie.org\\\/\",\"logo\":{\"@type\":\"ImageObject\",\"inLanguage\":\"es\",\"@id\":\"https:\\\/\\\/www.socialismoobarbarie.org\\\/#\\\/schema\\\/logo\\\/image\\\/\",\"url\":\"https:\\\/\\\/www.socialismoobarbarie.org\\\/wp-content\\\/uploads\\\/2025\\\/02\\\/soblogoweb-2025.png\",\"contentUrl\":\"https:\\\/\\\/www.socialismoobarbarie.org\\\/wp-content\\\/uploads\\\/2025\\\/02\\\/soblogoweb-2025.png\",\"width\":450,\"height\":161,\"caption\":\"Socialismo o Barbarie\"},\"image\":{\"@id\":\"https:\\\/\\\/www.socialismoobarbarie.org\\\/#\\\/schema\\\/logo\\\/image\\\/\"}},{\"@type\":\"Person\",\"@id\":\"https:\\\/\\\/www.socialismoobarbarie.org\\\/#\\\/schema\\\/person\\\/bc1c3b321d47ed092405949c77e35a8e\",\"name\":\"SOB\",\"url\":\"https:\\\/\\\/www.socialismoobarbarie.org\\\/?author=8\"}]}<\/script>\n<!-- \/ Yoast SEO plugin. -->","yoast_head_json":{"title":"Espa\u00f1a: Podemos camina hacia su Segundo Congreso - Socialismo o Barbarie","robots":{"index":"index","follow":"follow","max-snippet":"max-snippet:-1","max-image-preview":"max-image-preview:large","max-video-preview":"max-video-preview:-1"},"canonical":"https:\/\/www.socialismoobarbarie.org\/?p=9237","og_locale":"es_ES","og_type":"article","og_title":"Espa\u00f1a: Podemos camina hacia su Segundo Congreso - Socialismo o Barbarie","og_description":"Llegar al gobierno a \u201ccomo d\u00e9\u201d Mucho se viene hablado en las \u00faltimas semanas sobre la disputa interna de Podemos entre pablistas y errejonistas, de cara a su Segundo Congreso, previsto para mediados de este mes. Haci\u00e9ndose eco de esta situaci\u00f3n, la prensa burguesa aprovecha la oportunidad para se\u00f1alar sin tapujos su satisfacci\u00f3n intentando demostrar [&hellip;]","og_url":"https:\/\/www.socialismoobarbarie.org\/?p=9237","og_site_name":"Socialismo o Barbarie","article_published_time":"2017-02-02T23:42:23+00:00","article_modified_time":"2019-11-20T13:43:49+00:00","og_image":[{"width":700,"height":391,"url":"https:\/\/www.socialismoobarbarie.org\/wp-content\/uploads\/2017\/02\/pablo-iglesias-inigo-errejon-hemiciclo-1458065137101-e1486078914702.jpg","type":"image\/jpeg"}],"author":"SOB","twitter_card":"summary_large_image","twitter_misc":{"Escrito por":"SOB","Tiempo de lectura":"6 minutos"},"schema":{"@context":"https:\/\/schema.org","@graph":[{"@type":"Article","@id":"https:\/\/www.socialismoobarbarie.org\/?p=9237#article","isPartOf":{"@id":"https:\/\/www.socialismoobarbarie.org\/?p=9237"},"author":{"name":"SOB","@id":"https:\/\/www.socialismoobarbarie.org\/#\/schema\/person\/bc1c3b321d47ed092405949c77e35a8e"},"headline":"Espa\u00f1a: Podemos camina hacia su Segundo Congreso","datePublished":"2017-02-02T23:42:23+00:00","dateModified":"2019-11-20T13:43:49+00:00","mainEntityOfPage":{"@id":"https:\/\/www.socialismoobarbarie.org\/?p=9237"},"wordCount":1244,"publisher":{"@id":"https:\/\/www.socialismoobarbarie.org\/#organization"},"image":{"@id":"https:\/\/www.socialismoobarbarie.org\/?p=9237#primaryimage"},"thumbnailUrl":"https:\/\/www.socialismoobarbarie.org\/wp-content\/uploads\/2017\/02\/pablo-iglesias-inigo-errejon-hemiciclo-1458065137101-e1486078914702.jpg","keywords":["Carla Tog","Edicion 63"],"articleSection":["Estado espa\u00f1ol","Europa"],"inLanguage":"es"},{"@type":"WebPage","@id":"https:\/\/www.socialismoobarbarie.org\/?p=9237","url":"https:\/\/www.socialismoobarbarie.org\/?p=9237","name":"Espa\u00f1a: Podemos camina hacia su Segundo Congreso - Socialismo o Barbarie","isPartOf":{"@id":"https:\/\/www.socialismoobarbarie.org\/#website"},"primaryImageOfPage":{"@id":"https:\/\/www.socialismoobarbarie.org\/?p=9237#primaryimage"},"image":{"@id":"https:\/\/www.socialismoobarbarie.org\/?p=9237#primaryimage"},"thumbnailUrl":"https:\/\/www.socialismoobarbarie.org\/wp-content\/uploads\/2017\/02\/pablo-iglesias-inigo-errejon-hemiciclo-1458065137101-e1486078914702.jpg","datePublished":"2017-02-02T23:42:23+00:00","dateModified":"2019-11-20T13:43:49+00:00","breadcrumb":{"@id":"https:\/\/www.socialismoobarbarie.org\/?p=9237#breadcrumb"},"inLanguage":"es","potentialAction":[{"@type":"ReadAction","target":["https:\/\/www.socialismoobarbarie.org\/?p=9237"]}]},{"@type":"ImageObject","inLanguage":"es","@id":"https:\/\/www.socialismoobarbarie.org\/?p=9237#primaryimage","url":"https:\/\/www.socialismoobarbarie.org\/wp-content\/uploads\/2017\/02\/pablo-iglesias-inigo-errejon-hemiciclo-1458065137101-e1486078914702.jpg","contentUrl":"https:\/\/www.socialismoobarbarie.org\/wp-content\/uploads\/2017\/02\/pablo-iglesias-inigo-errejon-hemiciclo-1458065137101-e1486078914702.jpg","width":700,"height":391,"caption":"Madrid 15-03-2016 Pleno del Congreso En la foto Inigo Errejon y Pablo Iglesias Imagen Juan Manuel Prats"},{"@type":"BreadcrumbList","@id":"https:\/\/www.socialismoobarbarie.org\/?p=9237#breadcrumb","itemListElement":[{"@type":"ListItem","position":1,"name":"Portada","item":"https:\/\/www.socialismoobarbarie.org\/"},{"@type":"ListItem","position":2,"name":"Espa\u00f1a: Podemos camina hacia su Segundo Congreso"}]},{"@type":"WebSite","@id":"https:\/\/www.socialismoobarbarie.org\/#website","url":"https:\/\/www.socialismoobarbarie.org\/","name":"Socialismo o Barbarie","description":"Sitio web de la corriente internacional Socialismo o Barbarie","publisher":{"@id":"https:\/\/www.socialismoobarbarie.org\/#organization"},"potentialAction":[{"@type":"SearchAction","target":{"@type":"EntryPoint","urlTemplate":"https:\/\/www.socialismoobarbarie.org\/?s={search_term_string}"},"query-input":{"@type":"PropertyValueSpecification","valueRequired":true,"valueName":"search_term_string"}}],"inLanguage":"es"},{"@type":"Organization","@id":"https:\/\/www.socialismoobarbarie.org\/#organization","name":"Socialismo o Barbarie","url":"https:\/\/www.socialismoobarbarie.org\/","logo":{"@type":"ImageObject","inLanguage":"es","@id":"https:\/\/www.socialismoobarbarie.org\/#\/schema\/logo\/image\/","url":"https:\/\/www.socialismoobarbarie.org\/wp-content\/uploads\/2025\/02\/soblogoweb-2025.png","contentUrl":"https:\/\/www.socialismoobarbarie.org\/wp-content\/uploads\/2025\/02\/soblogoweb-2025.png","width":450,"height":161,"caption":"Socialismo o Barbarie"},"image":{"@id":"https:\/\/www.socialismoobarbarie.org\/#\/schema\/logo\/image\/"}},{"@type":"Person","@id":"https:\/\/www.socialismoobarbarie.org\/#\/schema\/person\/bc1c3b321d47ed092405949c77e35a8e","name":"SOB","url":"https:\/\/www.socialismoobarbarie.org\/?author=8"}]}},"_links":{"self":[{"href":"https:\/\/www.socialismoobarbarie.org\/index.php?rest_route=\/wp\/v2\/posts\/9237","targetHints":{"allow":["GET"]}}],"collection":[{"href":"https:\/\/www.socialismoobarbarie.org\/index.php?rest_route=\/wp\/v2\/posts"}],"about":[{"href":"https:\/\/www.socialismoobarbarie.org\/index.php?rest_route=\/wp\/v2\/types\/post"}],"author":[{"embeddable":true,"href":"https:\/\/www.socialismoobarbarie.org\/index.php?rest_route=\/wp\/v2\/users\/8"}],"replies":[{"embeddable":true,"href":"https:\/\/www.socialismoobarbarie.org\/index.php?rest_route=%2Fwp%2Fv2%2Fcomments&post=9237"}],"version-history":[{"count":1,"href":"https:\/\/www.socialismoobarbarie.org\/index.php?rest_route=\/wp\/v2\/posts\/9237\/revisions"}],"predecessor-version":[{"id":9239,"href":"https:\/\/www.socialismoobarbarie.org\/index.php?rest_route=\/wp\/v2\/posts\/9237\/revisions\/9239"}],"wp:featuredmedia":[{"embeddable":true,"href":"https:\/\/www.socialismoobarbarie.org\/index.php?rest_route=\/wp\/v2\/media\/9238"}],"wp:attachment":[{"href":"https:\/\/www.socialismoobarbarie.org\/index.php?rest_route=%2Fwp%2Fv2%2Fmedia&parent=9237"}],"wp:term":[{"taxonomy":"category","embeddable":true,"href":"https:\/\/www.socialismoobarbarie.org\/index.php?rest_route=%2Fwp%2Fv2%2Fcategories&post=9237"},{"taxonomy":"post_tag","embeddable":true,"href":"https:\/\/www.socialismoobarbarie.org\/index.php?rest_route=%2Fwp%2Fv2%2Ftags&post=9237"}],"curies":[{"name":"wp","href":"https:\/\/api.w.org\/{rel}","templated":true}]}}