{"id":9259,"date":"2017-02-09T20:03:13","date_gmt":"2017-02-09T23:03:13","guid":{"rendered":"https:\/\/www.socialismoobarbarie.org\/?p=9259"},"modified":"2018-07-12T19:45:44","modified_gmt":"2018-07-12T22:45:44","slug":"agr-para-ganar-hay-que-endurecer-las-medidas-y-largar-una-campana-politica-contra-magnetto-macri","status":"publish","type":"post","link":"https:\/\/www.socialismoobarbarie.org\/?p=9259","title":{"rendered":"AGR: Para ganar hay que endurecer las medidas y largar una campa\u00f1a pol\u00edtica contra Magnetto-Macri"},"content":{"rendered":"<p>Al cierre de esta edici\u00f3n los delegados de los trabajadores de AGR-Clar\u00edn fueron convocados al Ministerio de Trabajo por Mercedes Gadea, jefa del Departamento de Relaciones Laborales. Despu\u00e9s de varias horas de reuni\u00f3n los compa\u00f1eros informaron que la funcionaria repiti\u00f3 la misma frase de siempre: \u201ceste problema nos excede\u201d.<\/p>\n<p>A esta altura, que el Ministerio de Trabajo se siga lavando las manos y siga repitiendo la misma frase, s\u00f3lo lleva a una conclusi\u00f3n: <strong>que<\/strong> <strong>el gobierno de Macri juega descaradamente a favor de la patronal<\/strong>. Es decir: estamos no s\u00f3lo ante un simple conflicto gremial entre patr\u00f3n-trabajadores, sino ante <strong>un conflicto pol\u00edtico<\/strong>, donde todo el aparato del gobierno se encuentra detr\u00e1s de sostener la decisi\u00f3n de Magnetto de despedir a todo el personal, incluida su comisi\u00f3n interna, para reventar el convenio imponiendo condiciones laborales y salariales desfavorables para los trabajadores.<\/p>\n<p>En el 2\u00b0 Plenario realizado el lunes pasado, desde el Nuevo MAS, adem\u00e1s de ratificar el apoyo a todas las medidas propuestas por los trabajadores, dejamos planteada nuestra opini\u00f3n sobre el curso del conflicto. Partimos de defender y reivindicar 100% la toma de la planta para defender los puestos de trabajo, la organizaci\u00f3n gremial y las conquistas laborales. Es un ejemplo a seguir en la coyuntura que viven los trabajadores de suspensiones, despidos o directamente cierres de f\u00e1bricas. <strong>Controlar la planta y las m\u00e1quinas es un gran punto a favor de la lucha<\/strong>. Sobre esta base se han realizado una gran cantidad de acciones de lucha, destac\u00e1ndose el paro y movilizaci\u00f3n del 19\/1 y el bloqueo de la planta impresora del diario Clar\u00edn del 28 y 29, que impidi\u00f3 la distribuci\u00f3n normal del diario y el Ol\u00e9.<\/p>\n<p>Tambi\u00e9n se viene desarrollando una importante actividad con el Fondo de Huelga, donde se ha verificado el apoyo que viene recogiendo la lucha de AGR en distintos lugares de trabajo. Todas estas actividades han posibilitado que el conflicto comience a romper el cerco medi\u00e1tico y sea conocido m\u00e1s all\u00e1 de los sectores de la vanguardia luchadora que estamos apoyando y colaborando con la lucha.<\/p>\n<p>Pese a la voluntad de hierro de los compa\u00f1eros de AGR que mantienen la toma y desarrollan mil actividades junto a las organizaciones como el Nuevo MAS que apoyamos la lucha<strong>, el conflicto hasta ahora<\/strong> <strong>no ha logrado transformarse en un hecho pol\u00edtico nacional<\/strong>. Es decir: no ha llegado a ser un problema \u2013un hierro candente- que deba ser solucionado por el gobierno, no es una piedra en el zapato para nadie. Todo indica que por el lado de Magnetto la empresa afronta las p\u00e9rdidas econ\u00f3micas sin demasiados problemas. Y por el lado del gobierno casi ni se mosquea, ignorando ol\u00edmpicamente el problema, llegando a la provocaci\u00f3n de declarar c\u00ednicamente \u201cel problema nos excede\u201d\u2026<\/p>\n<p>Desde el Nuevo MAS dijimos desde el principio que estamos ante un conflicto dur\u00edsimo, no s\u00f3lo sindical sino pol\u00edtico, porque enfrente no est\u00e1 s\u00f3lo Magnetto-Clar\u00edn: <strong>est\u00e1 tambi\u00e9n el gobierno de Macri que le hace la segunda en todo lo que le pida la corpo<\/strong>. De esta caracterizaci\u00f3n se desprende el desaf\u00edo de c\u00f3mo ir m\u00e1s all\u00e1. Y ac\u00e1 es donde empieza a procesarse una discusi\u00f3n. Es que algo hay que hacer para lograr la trascendencia del conflicto: hay que \u201cpatear el tablero\u201d para encontrar la manera de que el gobierno comience a pagar un costo pol\u00edtico: <strong>\u00a1hay que sangrar al gobierno de Macri! <\/strong><\/p>\n<p>Para lograr este objetivo de que el conflicto comience a impactar nacionalmente y le fuerce la mano a Macri, nos parece que hay que discutir dos o tres medidas. Primero, hay que asumir el car\u00e1cter pol\u00edtico de la lucha, hay que denunciar la alianza entre Magnetto y Macri, la complicidad de la empresa con la dictadura militar, con los m\u00e9todos autoritarios. Esto significa largar inmediatamente una campa\u00f1a pol\u00edtica y democr\u00e1tica que pegue sobre este costado, que denuncie al grupo Clar\u00edn, que salga a disputar la opini\u00f3n p\u00fablica contra este grupo econ\u00f3mico c\u00f3mplice de los milicos y explotador, y ligarlo al gobierno de Macri y\u00a0 su plan de despidos, tarifazos y techo salarial. Con ese sentido desde la Izquierda al Frente por el Socialismo estamos sacando 30.000 afiches para inundar las paredes a favor de la lucha de AGR.<\/p>\n<p>Parte de esto mismo tiene que ser ponerse a organizar <strong>una gran marcha nacional a Plaza de Mayo en apoyo a AGR<\/strong> denunciando la alianza Macri-Magnetto contra los trabajadores. Si se lograra instalar el perfil que estamos planteando quiz\u00e1s la marcha podr\u00eda lograr importantes adhesiones y cobrar el impacto que a\u00fan no tiene. Una gran marcha a la que habr\u00eda que exigirle el apoyo a la CGT, a las CTAs, al propio gremio gr\u00e1fico, a las distintas corrientes sindicales, a las figuras de los derechos humanos, etc\u00e9tera. Movilizaci\u00f3n a la que tambi\u00e9n hay que sumarle la exigencia de paro general, vista la \u201cpaciencia\u201d (\u00a1que es en realidad complicidad!) que la burocracia sindical a\u00fan le tiene al gobierno de Macri (pese a las consecuencias nefastas que tiene la aplicaci\u00f3n de las medidas econ\u00f3micas que s\u00f3lo favorecen a los patrones).<\/p>\n<p>Pero todav\u00eda existe una tercer medida, compleja, pero decisiva y central: hay que <strong>endurecer <\/strong>las medidas si queremos modificar la actual relaci\u00f3n de fuerzas; hay que imponerle al sindicato gr\u00e1fico un nuevo paro general combinado con piquetes para pegar sobre los empresarios del sector logrando que no salgan los diarios. Ya vimos el impacto que tuvo que no llegara o se atrasara el diario Clar\u00edn. Desde ya que esto no es f\u00e1cil, porque las empresas tienen las fuerzas de seguridad de su lado, al gobierno. Lograr un piquete as\u00ed implicar\u00e1 endurecer los m\u00e9todos de lucha. Pero de todos modos es uno de los objetivos a plantearse, cosa que en la d\u00e9cada pasada logramos respecto del diario Cr\u00f3nica (logramos parar su salida un d\u00eda tomando la redacci\u00f3n del 5\u00b0 piso).<\/p>\n<p>La \u00a0militancia de nuestro partido, integrante de la Izquierda al Frente por el Socialismo, se coloca incondicionalmente al servicio de todas las tareas que plantea la lucha: desde el acampe, en las actividades que se resuelvan, en las marchas y piquetes, acercando propuestas para ayudar al triunfo de la pelea de los compa\u00f1eros de AGR-Clar\u00edn que puede ser hist\u00f3rica.<\/p>\n<p>\u00a1Adelante compa\u00f1eros!<\/p>\n<p>\u00a1Viva la lucha de AGR-Clar\u00edn!<\/p>\n","protected":false},"excerpt":{"rendered":"<p>Al cierre de esta edici\u00f3n los delegados de los trabajadores de AGR-Clar\u00edn fueron convocados al Ministerio de Trabajo por Mercedes Gadea, jefa del Departamento de Relaciones Laborales. Despu\u00e9s de varias horas de reuni\u00f3n los compa\u00f1eros informaron que la funcionaria repiti\u00f3 la misma frase de siempre: \u201ceste problema nos excede\u201d. A esta altura, que el Ministerio [&hellip;]<\/p>\n","protected":false},"author":8,"featured_media":9260,"comment_status":"closed","ping_status":"closed","sticky":false,"template":"","format":"standard","meta":{"footnotes":""},"categories":[122,14],"tags":[1621,1622,1433],"class_list":{"0":"post-9259","1":"post","2":"type-post","3":"status-publish","4":"format-standard","5":"has-post-thumbnail","7":"category-america-latina-y-el-caribe","8":"category-movimiento-obrero","9":"tag-agr","10":"tag-edicion-64","11":"tag-hector-chino-heberling"},"yoast_head":"<!-- This site is optimized with the Yoast SEO plugin v27.5 - https:\/\/yoast.com\/product\/yoast-seo-wordpress\/ -->\n<title>AGR: Para ganar hay que endurecer las medidas y largar una campa\u00f1a pol\u00edtica contra Magnetto-Macri - Socialismo o Barbarie<\/title>\n<meta name=\"robots\" content=\"index, follow, max-snippet:-1, max-image-preview:large, max-video-preview:-1\" \/>\n<link rel=\"canonical\" href=\"https:\/\/www.socialismoobarbarie.org\/?p=9259\" \/>\n<meta property=\"og:locale\" content=\"es_ES\" \/>\n<meta property=\"og:type\" content=\"article\" \/>\n<meta property=\"og:title\" content=\"AGR: Para ganar hay que endurecer las medidas y largar una campa\u00f1a pol\u00edtica contra Magnetto-Macri - Socialismo o Barbarie\" \/>\n<meta property=\"og:description\" content=\"Al cierre de esta edici\u00f3n los delegados de los trabajadores de AGR-Clar\u00edn fueron convocados al Ministerio de Trabajo por Mercedes Gadea, jefa del Departamento de Relaciones Laborales. Despu\u00e9s de varias horas de reuni\u00f3n los compa\u00f1eros informaron que la funcionaria repiti\u00f3 la misma frase de siempre: \u201ceste problema nos excede\u201d. A esta altura, que el Ministerio [&hellip;]\" \/>\n<meta property=\"og:url\" content=\"https:\/\/www.socialismoobarbarie.org\/?p=9259\" \/>\n<meta property=\"og:site_name\" content=\"Socialismo o Barbarie\" \/>\n<meta property=\"article:published_time\" content=\"2017-02-09T23:03:13+00:00\" \/>\n<meta property=\"article:modified_time\" content=\"2018-07-12T22:45:44+00:00\" \/>\n<meta property=\"og:image\" content=\"https:\/\/www.socialismoobarbarie.org\/wp-content\/uploads\/2017\/02\/afiche-agr-e1486681253874.png\" \/>\n\t<meta property=\"og:image:width\" content=\"347\" \/>\n\t<meta property=\"og:image:height\" content=\"500\" \/>\n\t<meta property=\"og:image:type\" content=\"image\/png\" \/>\n<meta name=\"author\" content=\"SOB\" \/>\n<meta name=\"twitter:card\" content=\"summary_large_image\" \/>\n<meta name=\"twitter:label1\" content=\"Escrito por\" \/>\n\t<meta name=\"twitter:data1\" content=\"SOB\" \/>\n\t<meta name=\"twitter:label2\" content=\"Tiempo de lectura\" \/>\n\t<meta name=\"twitter:data2\" content=\"6 minutos\" \/>\n<script type=\"application\/ld+json\" class=\"yoast-schema-graph\">{\"@context\":\"https:\\\/\\\/schema.org\",\"@graph\":[{\"@type\":\"Article\",\"@id\":\"https:\\\/\\\/www.socialismoobarbarie.org\\\/?p=9259#article\",\"isPartOf\":{\"@id\":\"https:\\\/\\\/www.socialismoobarbarie.org\\\/?p=9259\"},\"author\":{\"name\":\"SOB\",\"@id\":\"https:\\\/\\\/www.socialismoobarbarie.org\\\/#\\\/schema\\\/person\\\/bc1c3b321d47ed092405949c77e35a8e\"},\"headline\":\"AGR: Para ganar hay que endurecer las medidas y largar una campa\u00f1a pol\u00edtica contra Magnetto-Macri\",\"datePublished\":\"2017-02-09T23:03:13+00:00\",\"dateModified\":\"2018-07-12T22:45:44+00:00\",\"mainEntityOfPage\":{\"@id\":\"https:\\\/\\\/www.socialismoobarbarie.org\\\/?p=9259\"},\"wordCount\":1121,\"publisher\":{\"@id\":\"https:\\\/\\\/www.socialismoobarbarie.org\\\/#organization\"},\"image\":{\"@id\":\"https:\\\/\\\/www.socialismoobarbarie.org\\\/?p=9259#primaryimage\"},\"thumbnailUrl\":\"https:\\\/\\\/www.socialismoobarbarie.org\\\/wp-content\\\/uploads\\\/2017\\\/02\\\/afiche-agr-e1486681253874.png\",\"keywords\":[\"AGR\",\"Edicion 64\",\"Hector \\\"Chino\\\" Heberling\"],\"articleSection\":[\"Am\u00e9rica Latina\",\"Movimiento obrero\"],\"inLanguage\":\"es\"},{\"@type\":\"WebPage\",\"@id\":\"https:\\\/\\\/www.socialismoobarbarie.org\\\/?p=9259\",\"url\":\"https:\\\/\\\/www.socialismoobarbarie.org\\\/?p=9259\",\"name\":\"AGR: Para ganar hay que endurecer las medidas y largar una campa\u00f1a pol\u00edtica contra Magnetto-Macri - Socialismo o Barbarie\",\"isPartOf\":{\"@id\":\"https:\\\/\\\/www.socialismoobarbarie.org\\\/#website\"},\"primaryImageOfPage\":{\"@id\":\"https:\\\/\\\/www.socialismoobarbarie.org\\\/?p=9259#primaryimage\"},\"image\":{\"@id\":\"https:\\\/\\\/www.socialismoobarbarie.org\\\/?p=9259#primaryimage\"},\"thumbnailUrl\":\"https:\\\/\\\/www.socialismoobarbarie.org\\\/wp-content\\\/uploads\\\/2017\\\/02\\\/afiche-agr-e1486681253874.png\",\"datePublished\":\"2017-02-09T23:03:13+00:00\",\"dateModified\":\"2018-07-12T22:45:44+00:00\",\"breadcrumb\":{\"@id\":\"https:\\\/\\\/www.socialismoobarbarie.org\\\/?p=9259#breadcrumb\"},\"inLanguage\":\"es\",\"potentialAction\":[{\"@type\":\"ReadAction\",\"target\":[\"https:\\\/\\\/www.socialismoobarbarie.org\\\/?p=9259\"]}]},{\"@type\":\"ImageObject\",\"inLanguage\":\"es\",\"@id\":\"https:\\\/\\\/www.socialismoobarbarie.org\\\/?p=9259#primaryimage\",\"url\":\"https:\\\/\\\/www.socialismoobarbarie.org\\\/wp-content\\\/uploads\\\/2017\\\/02\\\/afiche-agr-e1486681253874.png\",\"contentUrl\":\"https:\\\/\\\/www.socialismoobarbarie.org\\\/wp-content\\\/uploads\\\/2017\\\/02\\\/afiche-agr-e1486681253874.png\",\"width\":347,\"height\":500},{\"@type\":\"BreadcrumbList\",\"@id\":\"https:\\\/\\\/www.socialismoobarbarie.org\\\/?p=9259#breadcrumb\",\"itemListElement\":[{\"@type\":\"ListItem\",\"position\":1,\"name\":\"Portada\",\"item\":\"https:\\\/\\\/www.socialismoobarbarie.org\\\/\"},{\"@type\":\"ListItem\",\"position\":2,\"name\":\"AGR: Para ganar hay que endurecer las medidas y largar una campa\u00f1a pol\u00edtica contra Magnetto-Macri\"}]},{\"@type\":\"WebSite\",\"@id\":\"https:\\\/\\\/www.socialismoobarbarie.org\\\/#website\",\"url\":\"https:\\\/\\\/www.socialismoobarbarie.org\\\/\",\"name\":\"Socialismo o Barbarie\",\"description\":\"Sitio web de la corriente internacional Socialismo o Barbarie\",\"publisher\":{\"@id\":\"https:\\\/\\\/www.socialismoobarbarie.org\\\/#organization\"},\"potentialAction\":[{\"@type\":\"SearchAction\",\"target\":{\"@type\":\"EntryPoint\",\"urlTemplate\":\"https:\\\/\\\/www.socialismoobarbarie.org\\\/?s={search_term_string}\"},\"query-input\":{\"@type\":\"PropertyValueSpecification\",\"valueRequired\":true,\"valueName\":\"search_term_string\"}}],\"inLanguage\":\"es\"},{\"@type\":\"Organization\",\"@id\":\"https:\\\/\\\/www.socialismoobarbarie.org\\\/#organization\",\"name\":\"Socialismo o Barbarie\",\"url\":\"https:\\\/\\\/www.socialismoobarbarie.org\\\/\",\"logo\":{\"@type\":\"ImageObject\",\"inLanguage\":\"es\",\"@id\":\"https:\\\/\\\/www.socialismoobarbarie.org\\\/#\\\/schema\\\/logo\\\/image\\\/\",\"url\":\"https:\\\/\\\/www.socialismoobarbarie.org\\\/wp-content\\\/uploads\\\/2025\\\/02\\\/soblogoweb-2025.png\",\"contentUrl\":\"https:\\\/\\\/www.socialismoobarbarie.org\\\/wp-content\\\/uploads\\\/2025\\\/02\\\/soblogoweb-2025.png\",\"width\":450,\"height\":161,\"caption\":\"Socialismo o Barbarie\"},\"image\":{\"@id\":\"https:\\\/\\\/www.socialismoobarbarie.org\\\/#\\\/schema\\\/logo\\\/image\\\/\"}},{\"@type\":\"Person\",\"@id\":\"https:\\\/\\\/www.socialismoobarbarie.org\\\/#\\\/schema\\\/person\\\/bc1c3b321d47ed092405949c77e35a8e\",\"name\":\"SOB\",\"url\":\"https:\\\/\\\/www.socialismoobarbarie.org\\\/?author=8\"}]}<\/script>\n<!-- \/ Yoast SEO plugin. -->","yoast_head_json":{"title":"AGR: Para ganar hay que endurecer las medidas y largar una campa\u00f1a pol\u00edtica contra Magnetto-Macri - Socialismo o Barbarie","robots":{"index":"index","follow":"follow","max-snippet":"max-snippet:-1","max-image-preview":"max-image-preview:large","max-video-preview":"max-video-preview:-1"},"canonical":"https:\/\/www.socialismoobarbarie.org\/?p=9259","og_locale":"es_ES","og_type":"article","og_title":"AGR: Para ganar hay que endurecer las medidas y largar una campa\u00f1a pol\u00edtica contra Magnetto-Macri - Socialismo o Barbarie","og_description":"Al cierre de esta edici\u00f3n los delegados de los trabajadores de AGR-Clar\u00edn fueron convocados al Ministerio de Trabajo por Mercedes Gadea, jefa del Departamento de Relaciones Laborales. Despu\u00e9s de varias horas de reuni\u00f3n los compa\u00f1eros informaron que la funcionaria repiti\u00f3 la misma frase de siempre: \u201ceste problema nos excede\u201d. A esta altura, que el Ministerio [&hellip;]","og_url":"https:\/\/www.socialismoobarbarie.org\/?p=9259","og_site_name":"Socialismo o Barbarie","article_published_time":"2017-02-09T23:03:13+00:00","article_modified_time":"2018-07-12T22:45:44+00:00","og_image":[{"width":347,"height":500,"url":"https:\/\/www.socialismoobarbarie.org\/wp-content\/uploads\/2017\/02\/afiche-agr-e1486681253874.png","type":"image\/png"}],"author":"SOB","twitter_card":"summary_large_image","twitter_misc":{"Escrito por":"SOB","Tiempo de lectura":"6 minutos"},"schema":{"@context":"https:\/\/schema.org","@graph":[{"@type":"Article","@id":"https:\/\/www.socialismoobarbarie.org\/?p=9259#article","isPartOf":{"@id":"https:\/\/www.socialismoobarbarie.org\/?p=9259"},"author":{"name":"SOB","@id":"https:\/\/www.socialismoobarbarie.org\/#\/schema\/person\/bc1c3b321d47ed092405949c77e35a8e"},"headline":"AGR: Para ganar hay que endurecer las medidas y largar una campa\u00f1a pol\u00edtica contra Magnetto-Macri","datePublished":"2017-02-09T23:03:13+00:00","dateModified":"2018-07-12T22:45:44+00:00","mainEntityOfPage":{"@id":"https:\/\/www.socialismoobarbarie.org\/?p=9259"},"wordCount":1121,"publisher":{"@id":"https:\/\/www.socialismoobarbarie.org\/#organization"},"image":{"@id":"https:\/\/www.socialismoobarbarie.org\/?p=9259#primaryimage"},"thumbnailUrl":"https:\/\/www.socialismoobarbarie.org\/wp-content\/uploads\/2017\/02\/afiche-agr-e1486681253874.png","keywords":["AGR","Edicion 64","Hector \"Chino\" Heberling"],"articleSection":["Am\u00e9rica Latina","Movimiento obrero"],"inLanguage":"es"},{"@type":"WebPage","@id":"https:\/\/www.socialismoobarbarie.org\/?p=9259","url":"https:\/\/www.socialismoobarbarie.org\/?p=9259","name":"AGR: Para ganar hay que endurecer las medidas y largar una campa\u00f1a pol\u00edtica contra Magnetto-Macri - Socialismo o Barbarie","isPartOf":{"@id":"https:\/\/www.socialismoobarbarie.org\/#website"},"primaryImageOfPage":{"@id":"https:\/\/www.socialismoobarbarie.org\/?p=9259#primaryimage"},"image":{"@id":"https:\/\/www.socialismoobarbarie.org\/?p=9259#primaryimage"},"thumbnailUrl":"https:\/\/www.socialismoobarbarie.org\/wp-content\/uploads\/2017\/02\/afiche-agr-e1486681253874.png","datePublished":"2017-02-09T23:03:13+00:00","dateModified":"2018-07-12T22:45:44+00:00","breadcrumb":{"@id":"https:\/\/www.socialismoobarbarie.org\/?p=9259#breadcrumb"},"inLanguage":"es","potentialAction":[{"@type":"ReadAction","target":["https:\/\/www.socialismoobarbarie.org\/?p=9259"]}]},{"@type":"ImageObject","inLanguage":"es","@id":"https:\/\/www.socialismoobarbarie.org\/?p=9259#primaryimage","url":"https:\/\/www.socialismoobarbarie.org\/wp-content\/uploads\/2017\/02\/afiche-agr-e1486681253874.png","contentUrl":"https:\/\/www.socialismoobarbarie.org\/wp-content\/uploads\/2017\/02\/afiche-agr-e1486681253874.png","width":347,"height":500},{"@type":"BreadcrumbList","@id":"https:\/\/www.socialismoobarbarie.org\/?p=9259#breadcrumb","itemListElement":[{"@type":"ListItem","position":1,"name":"Portada","item":"https:\/\/www.socialismoobarbarie.org\/"},{"@type":"ListItem","position":2,"name":"AGR: Para ganar hay que endurecer las medidas y largar una campa\u00f1a pol\u00edtica contra Magnetto-Macri"}]},{"@type":"WebSite","@id":"https:\/\/www.socialismoobarbarie.org\/#website","url":"https:\/\/www.socialismoobarbarie.org\/","name":"Socialismo o Barbarie","description":"Sitio web de la corriente internacional Socialismo o Barbarie","publisher":{"@id":"https:\/\/www.socialismoobarbarie.org\/#organization"},"potentialAction":[{"@type":"SearchAction","target":{"@type":"EntryPoint","urlTemplate":"https:\/\/www.socialismoobarbarie.org\/?s={search_term_string}"},"query-input":{"@type":"PropertyValueSpecification","valueRequired":true,"valueName":"search_term_string"}}],"inLanguage":"es"},{"@type":"Organization","@id":"https:\/\/www.socialismoobarbarie.org\/#organization","name":"Socialismo o Barbarie","url":"https:\/\/www.socialismoobarbarie.org\/","logo":{"@type":"ImageObject","inLanguage":"es","@id":"https:\/\/www.socialismoobarbarie.org\/#\/schema\/logo\/image\/","url":"https:\/\/www.socialismoobarbarie.org\/wp-content\/uploads\/2025\/02\/soblogoweb-2025.png","contentUrl":"https:\/\/www.socialismoobarbarie.org\/wp-content\/uploads\/2025\/02\/soblogoweb-2025.png","width":450,"height":161,"caption":"Socialismo o Barbarie"},"image":{"@id":"https:\/\/www.socialismoobarbarie.org\/#\/schema\/logo\/image\/"}},{"@type":"Person","@id":"https:\/\/www.socialismoobarbarie.org\/#\/schema\/person\/bc1c3b321d47ed092405949c77e35a8e","name":"SOB","url":"https:\/\/www.socialismoobarbarie.org\/?author=8"}]}},"_links":{"self":[{"href":"https:\/\/www.socialismoobarbarie.org\/index.php?rest_route=\/wp\/v2\/posts\/9259","targetHints":{"allow":["GET"]}}],"collection":[{"href":"https:\/\/www.socialismoobarbarie.org\/index.php?rest_route=\/wp\/v2\/posts"}],"about":[{"href":"https:\/\/www.socialismoobarbarie.org\/index.php?rest_route=\/wp\/v2\/types\/post"}],"author":[{"embeddable":true,"href":"https:\/\/www.socialismoobarbarie.org\/index.php?rest_route=\/wp\/v2\/users\/8"}],"replies":[{"embeddable":true,"href":"https:\/\/www.socialismoobarbarie.org\/index.php?rest_route=%2Fwp%2Fv2%2Fcomments&post=9259"}],"version-history":[{"count":1,"href":"https:\/\/www.socialismoobarbarie.org\/index.php?rest_route=\/wp\/v2\/posts\/9259\/revisions"}],"predecessor-version":[{"id":9261,"href":"https:\/\/www.socialismoobarbarie.org\/index.php?rest_route=\/wp\/v2\/posts\/9259\/revisions\/9261"}],"wp:featuredmedia":[{"embeddable":true,"href":"https:\/\/www.socialismoobarbarie.org\/index.php?rest_route=\/wp\/v2\/media\/9260"}],"wp:attachment":[{"href":"https:\/\/www.socialismoobarbarie.org\/index.php?rest_route=%2Fwp%2Fv2%2Fmedia&parent=9259"}],"wp:term":[{"taxonomy":"category","embeddable":true,"href":"https:\/\/www.socialismoobarbarie.org\/index.php?rest_route=%2Fwp%2Fv2%2Fcategories&post=9259"},{"taxonomy":"post_tag","embeddable":true,"href":"https:\/\/www.socialismoobarbarie.org\/index.php?rest_route=%2Fwp%2Fv2%2Ftags&post=9259"}],"curies":[{"name":"wp","href":"https:\/\/api.w.org\/{rel}","templated":true}]}}