{"id":9298,"date":"2017-02-23T20:06:18","date_gmt":"2017-02-23T23:06:18","guid":{"rendered":"https:\/\/www.socialismoobarbarie.org\/?p=9298"},"modified":"2018-07-12T19:18:41","modified_gmt":"2018-07-12T22:18:41","slug":"macri-redobla-el-ajuste-los-trabajadores-respondemos-con-mas-lucha-hace-falta-un-paro-general-con-movilizacion-ahora","status":"publish","type":"post","link":"https:\/\/www.socialismoobarbarie.org\/?p=9298","title":{"rendered":"Macri redobla el ajuste, los trabajadores respondemos con m\u00e1s lucha &#8211; Hace falta un paro general con movilizaci\u00f3n ahora"},"content":{"rendered":"<p><em>A continuaci\u00f3n reproducimos la segunda declaraci\u00f3n pol\u00edtica de La Izquierda al Frente por el Socialismo, que integramos junto a los compa\u00f1eros del MST, presentando un an\u00e1lisis de la coyuntura y las tareas que tenemos planteadas por delante.<\/em><\/p>\n<p><em>Queremos destacar la importancia de estos pasos unitarios. A las dos declaraciones, se suman la intervenci\u00f3n en columnas conjuntas en diversas marchas: desde el 20 de diciembre, a las que se est\u00e1n desarrollando en la lucha de AGR-Clar\u00edn, y varias m\u00e1s en diversos puntos del pa\u00eds. Adem\u00e1s, sacamos una tanda de 30.000 carteles en apoyo a la lucha de AGR-Clar\u00edn y con la exigencia de paro general. De esta manera, con un m\u00e9todo de debate sano y fraternal, y con tan solo unos pocos meses de vida, estamos inmersos en la construcci\u00f3n de una alternativa de independencia de clase que parte desde el \u00e1mbito m\u00e1s importante para los revolucionarios: la lucha de clases.<\/em><\/p>\n<p><em>Esto contrasta fuertemente con la construcci\u00f3n del FIT, que en sus 6 a\u00f1os de existencia se ha consolidado como una cooperativa electoral, sin ninguna vinculaci\u00f3n y desarrollo con las luchas obreras, estudiantiles y del movimiento de mujeres.<\/em><\/p>\n<p><em>Invitamos a seguir por esta senda, y a los compa\u00f1eros trabajadores, estudiantes, activistas de los diversos \u00e1mbitos a sumarse a esta construcci\u00f3n.<\/em><strong><br \/>\n<\/strong><\/p>\n<p>Las \u00faltimas semanas han estado marcadas por el impulso de diversas medidas de ajuste econ\u00f3mico: el anunciado objetivo de imponer salarios a la baja, el ataque a los convenios laborales, los renovados aumentos de la luz, el gas y peajes, la eliminaci\u00f3n del plan de pagos en cuotas sin inter\u00e9s. Estas y otras medidas en curso est\u00e1n mostrando abiertamente al gobierno como lo que es: un gobierno de CEOs y empresarios que gobierna exclusivamente para los de arriba.<\/p>\n<p><strong>La situaci\u00f3n econ\u00f3mica empeora<\/strong><\/p>\n<p>Uno a uno est\u00e1n cayendo los falsos pron\u00f3sticos del PRO, como la afirmaci\u00f3n de Dujovne de que se estar\u00eda viviendo una \u201creactivaci\u00f3n econ\u00f3mica\u201d. El FMI (instituci\u00f3n que evidentemente no se puede sospechar de izquierdista) acaba de reducir su expectativa de crecimiento para la Argentina del 2,7% al 2,1% este a\u00f1o. Incluso economistas ultraliberales simpatizantes de Cambiemos como Jos\u00e9 Luis Espert se\u00f1alan que \u201clo que se crecer\u00e1 este a\u00f1o ser\u00e1 simplemente lo que se cay\u00f3 en el 2016\u201d. Con la inflaci\u00f3n ocurre lo mismo: el gobierno se la pasa afirmando que \u201cest\u00e1 en baja\u201d, pero lo concreto es que los precios suben todos los d\u00edas. El propio gobierno agiganta las remarcaciones cuando redobla el aumento de la luz y el gas o deja correr el aumento de las naftas. La afirmaci\u00f3n de que la inflaci\u00f3n alcanzar\u00eda este a\u00f1o solamente el 17% es un cuento chino, que no resiste el menor an\u00e1lisis. La realidad es que la econom\u00eda argentina est\u00e1 estancada y no da muestras de recuperaci\u00f3n, mientras los sectores populares sienten c\u00f3mo empeora su nivel de vida mes a mes, a causa del ajuste.<\/p>\n<p><strong>El ataque a las conquistas laborales<\/strong><\/p>\n<p>Macri apost\u00f3 por inversiones que no se ven por ning\u00fan lado. Como intento de facilitar el avance hacia esa estrategia ha desatado una ofensiva sobre los convenios laborales. La consigna del momento ser\u00eda \u201cbajar el costo laboral\u201d. Como ejemplo est\u00e1 el convenio firmado con los petroleros de Vaca Muerta, que les retira conquistas (vi\u00e1ticos, horas extras y dem\u00e1s) con la excusa que de esta manera \u201cse podr\u00e1n sostener los puestos de trabajo\u201d. Tambi\u00e9n el decreto de ART es parte de ese ataque, y ahora quieren darle m\u00e1s legalidad desde el Congreso.<\/p>\n<p>Si de los convenios pasamos al salario, nos encontramos con una provocaci\u00f3n que busca marcar toda la pauta salarial del a\u00f1o: el objetivo de acordar con los docentes por un miserable 18% en cuatro cuotas es una estafa a los trabajadores de la educaci\u00f3n, que rechazamos. Se trata del acuerdo entreguista que firm\u00f3 la direcci\u00f3n de UPCN en la provincia de Buenos Aires. Con una inflaci\u00f3n que alcanzar\u00e1 el 25 o 30% al menos, la propuesta oficialista implicar\u00eda una enorme ca\u00edda del ya miserable salario de docentes y estatales, y la utilizaci\u00f3n de ese acuerdo como modelo para las siguientes paritarias de otros gremios.<\/p>\n<p>Lamentablemente, el antecedente del a\u00f1o pasado de las conducciones de la CTERA y SUTEBA (integrantes de la CTA), que al igual que la CGT dejaron pasar el a\u00f1o sin medidas de fuerzas planificadas en un plan de lucha real debatido en la base, plantea que ninguna confianza se debe depositar en estas conducciones burocr\u00e1ticas; que las medidas de lucha y el reclamo salarial deben votarse en asambleas; que tenemos que preparar el no inicio de clases no con una medida aislada, sino con varios d\u00edas de paros y movilizaciones, y como parte de un verdadero plan de lucha; con la necesidad de que las seccionales opositoras y la Lista Multicolor intenten transformarse en una alternativa de direcci\u00f3n en este conflicto que se avecina.<\/p>\n<p>Por otra parte, los despidos se vienen multiplicando. Los empresarios se han tomado del cuestionamiento del gobierno a los convenios como una suerte de se\u00f1al de largada para hacer lo que se les plazca: despedir, multiplicar los ritmos de trabajo (\u00a1y los accidentes laborales justo cuando el gobierno quiere limitar el pago de indemnizaciones!), quitar turnos de trabajo (como amenaza ocurre en algunas grandes automotrices), etc\u00e9tera, todo con la excusa de \u201caumentar la productividad\u201d.<\/p>\n<p><strong>Una orientaci\u00f3n reaccionaria global<\/strong><\/p>\n<p>La ofensiva del gobierno es global: se despliega desde el ajuste econ\u00f3mico, avanzando en afectar derechos democr\u00e1ticos elementales. Macri emiti\u00f3 un decreto contra los inmigrantes que emula lo que pretende imponer Trump. G\u00f3mez Centuri\u00f3n, jefe de la Aduana, realiz\u00f3 escandalosas declaraciones negando el genocidio perpetrado por la dictadura: se tratar\u00eda de \u201c8.000 verdades y 22.000 mentiras\u201d\u2026 La reivindicaci\u00f3n de los militares procedente de funcionarios del gobierno se ha hecho pr\u00e1cticamente sistem\u00e1tica, colocando al gobierno de Macri como el m\u00e1s derechista desde 1983. De ah\u00ed que este carapintada que se sublev\u00f3 dos veces contra las instituciones permanezca en su puesto al frente de la Aduana.<\/p>\n<p>Junto a todo esto, ahora Macri le perdona a Macri padre -y por compartir negocios familiares de hecho se perdona a s\u00ed mismo- una monumental deuda que sus empresas ten\u00edan con el Estado nacional. As\u00ed termina el verso de que \u201clos ricos no van a robar en el gobierno porque ya son ricos\u201d. El hecho muestra toda la hipocres\u00eda capitalista y de los pol\u00edticos del sistema. Hace d\u00e9cadas los Macri fueron parte de las empresas que traspasaron sus deudas al Estado haciendo crecer el robo de la deuda externa. Ahora se sacan deudas propias de encima, con una simple firma. Por eso llamamos a que se anule esa quita, y que se abra una verdadera investigaci\u00f3n independiente sobre este hecho y sobre todos los casos de corrupci\u00f3n del gobierno actual y del anterior.<\/p>\n<p>La ofensiva macrista se da tambi\u00e9n en el campo de los bienes comunes, de los recursos naturales. Por eso, para beneficiar a las megamineras se propone modificar la Ley de Glaciares y en materia de agronegocio ceder a Monsanto\/Bayer y aprobar la Ley de Patentamiento de Semillas en el campo. M\u00e1s saqueo y degradaci\u00f3n socioambiental.<\/p>\n<p>A nivel internacional, la llegada de Trump a la presidencia yanqui es el acontecimiento central de la coyuntura mundial. Pero tambi\u00e9n lo son las hist\u00f3ricas movilizaciones que a modo de in\u00e9dito repudio le dieron la \u201cbienvenida\u201d a Trump en todo el mundo. Una movilizaci\u00f3n internacional de las mujeres y la juventud que tendr\u00e1 una nueva cita hist\u00f3rica con el paro internacional de mujeres convocado desde los mismos EE.UU. para el 8 de marzo pr\u00f3ximo y para el cual nuestro frente volcar\u00e1 todas sus fuerzas militantes por intermedio de nuestras agrupaciones de mujeres y la militancia de nuestros partidos.<\/p>\n<p>Y junto a esto, nuestro frente tendr\u00e1 tambi\u00e9n una cita de honor en las pr\u00f3ximas movilizaciones del 24 de marzo en un nuevo aniversario de la dictadura militar, cuando habr\u00e1 que responder a la agenda reaccionaria de Macri levantando las banderas del castigo a todos los genocidas y la expulsi\u00f3n del gobierno de todos los funcionarios c\u00f3mplices de los militares. La Izquierda al Frente por el Socialismo participar\u00e1 de dicha marcha en el marco del Encuentro Memoria, Verdad y Justicia con una enorme y militante columna com\u00fan del frente, a la que invitaremos a participar a todas y todos nuestros simpatizantes.<\/p>\n<p><strong>Las luchas actuales y las que vienen<\/strong><\/p>\n<p>Que el gobierno est\u00e9 lanzado a redoblar el ajuste no quiere decir que el mismo pase sin problemas: una fuerte resistencia obrera y popular a veces lo frena, al menos parcialmente. Estamos en medio de una pulseada donde se est\u00e1 jugando no s\u00f3lo una parte del ajuste de fondo que el gobierno necesita aplicar, sino tambi\u00e9n la suerte del oficialismo en las elecciones que vienen. Por eso hemos difundido e impulsado las luchas que se vienen dando desde diciembre pasado: Conicet, Ministerio de Educaci\u00f3n, la pueblada de El Bols\u00f3n, Textil Neuqu\u00e9n, Canale, Mascardi, la comunidad mapuche, la lucha de AGR-Clar\u00edn, las primeras acciones docentes, las concentraciones contra los tarifazos, la respuesta social y el tetazo frente a la represi\u00f3n a mujeres en Necochea y tantas otras luchas a lo largo del pa\u00eds. Son los primeros pasos y respuestas de un movimiento que tender\u00e1 a crecer y que nosotros llamamos a apoyar y a profundizar.<\/p>\n<p>Destacamos dentro de estas una de las luchas m\u00e1s emblem\u00e1ticas del momento: la de los compa\u00f1eros de AGR-Clar\u00edn, que llevan semanas ocupando la planta. Se trata de un conflicto no meramente sindical sino pol\u00edtico, donde Magnetto y Macri -ambos c\u00f3mplices de la dictadura militar- est\u00e1n actuando en un f\u00e9rreo frente \u00fanico para echar a todos los compa\u00f1eros y a la interna independiente.<\/p>\n<p>De ah\u00ed que el Ministerio de Trabajo declare hip\u00f3critamente que el conflicto lo \u201cexcede\u201d (\u00bfc\u00f3mo puede ser que al Ministerio de Trabajo lo supere algo que se supone est\u00e1 bajo su jurisdicci\u00f3n?), lo que no es m\u00e1s que un subterfugio para esconder su abierta complicidad con la patronal de Clar\u00edn. Por eso desde el primer d\u00eda hemos estado apoyando esta lucha, como en la jornada de cortes del 9\/2 y ahora con una campa\u00f1a callejera de afiches, como aporte a la difusi\u00f3n de la lucha.<\/p>\n<p><strong>La CGT y sus anuncios<\/strong><\/p>\n<p>En el marco del fuerte ajuste y de estas luchas, ahora la CGT ha salido a declarar que tomar\u00eda medidas de fuerza. Una eventual movilizaci\u00f3n se realizar\u00eda frente al Ministerio de Industria el 7 de marzo (el programa y objetivos de esta acci\u00f3n a\u00fan no est\u00e1n claros). Y para la segunda quincena del mismo mes podr\u00eda convocarse a una marcha a Plaza de Mayo con abandono de tareas a partir de las 12 del mediod\u00eda.<\/p>\n<p>Al ser realizado el anuncio cegetista con tanta antelaci\u00f3n, no sorprender\u00eda que lo hagan para sacarle alguna miserable concesi\u00f3n al gobierno. La CGT ha sido un s\u00f3lido apoyo para Macri a lo largo del 2016. Si ahora sale con declaraciones y anuncios es sencillamente porque la bronca por abajo comienza a crecer: se inici\u00f3 la experiencia con Macri, est\u00e1 muy mal y bajando la imagen del gobierno en el conurbano bonaerense y en otras provincias. Lentamente se va comprendiendo el verdadero car\u00e1cter antiobrero y antipopular del gobierno, cuyas medidas son todas en beneficio de los capitalistas y en desmedro de los trabajadores. Todo esto repercute en la CGT.<\/p>\n<p>La CGT sabe que un paro general podr\u00eda operar como catalizador para que porciones enteras de los trabajadores pasen a la oposici\u00f3n. Por lo dem\u00e1s, van a hacer todo lo posible para dejar aisladas las luchas que ocurran independientemente de su control. Como sea, igualmente es probable que finalmente la movilizaci\u00f3n del 7 se concrete por la presi\u00f3n creciente. En ese caso llamamos a que sea parte del inicio de un fuerte plan de lucha y no una medida aislada para descomprimir. As\u00ed como creemos que el paro general deber\u00eda ser ahora y no esperar a marzo, a la vez convocamos a que los d\u00edas 6, 7 y 8 de marzo (no inicio de clases, marcha de la CGT y paro de mujeres) sean transformados en un plan de lucha masivo contra el ajuste macrista y de las patronales.<\/p>\n<p><strong>Hacer fuerte esta alternativa de izquierda y de independencia de clase<\/strong><\/p>\n<p>Mientras continuamos poniendo el centro de nuestra actividad y nuestro esfuerzo en el apoyo a las luchas en curso y en la preparaci\u00f3n de las que vienen contra el gobierno de Macri, desde Izquierda al Frente por el Socialismo tambi\u00e9n vamos difundiendo y desarrollando nuestro frente porque damos una disputa pol\u00edtica contra todas las variantes del sistema y el r\u00e9gimen. Y tenemos propuestas y un programa pol\u00edtico alternativo para una salida a favor de las y los trabajadores, las mayor\u00edas populares, las mujeres y la juventud.<\/p>\n<p>Por otra parte, y frente a la batalla pol\u00edtico-electoral que habr\u00e1 en pocos meses, tenemos por delante la tarea de instalar nuestro nuevo frente y seguir haciendo conocer nuestras propuestas entre millones. El pr\u00f3ximo 17 de marzo realizaremos una conferencia de prensa de lanzamiento oficial de \u201cIzquierda al Frente por el Socialismo\u201d. En el plano electoral el desaf\u00edo que se viene para la izquierda este a\u00f1o es inmenso. Toda una franja de los trabajadores, las mujeres y la juventud profundiza su experiencia con Macri y necesita otra alternativa.<\/p>\n<p>Asimismo, luego de 12 a\u00f1os de gobierno kirchnerista, tambi\u00e9n han quedado grabados a fuego los l\u00edmites del \u201cprogresismo\u201d burgu\u00e9s o de proyectos nacionalistas limitados: su incapacidad para tomar medidas consistentes contra el sistema, cuesti\u00f3n que ha llevado a la crisis a los gobiernos de este signo a lo largo de todo el continente, desde Lula y el PT en Brasil, pasando por el FPV en la Argentina o el chavismo madurista en Venezuela.<\/p>\n<p>La Izquierda al Frente por el Socialismo se conform\u00f3 para ofrecer una alternativa independiente, socialista, de clase: una alternativa que coloque que son las\/os trabajadores los que debemos gobernar; raz\u00f3n de m\u00e1s para plantarse contra toda variante patronal (sea de Cambiemos, peronista, kirchnerista y\/o del Frente Renovador), peleando por aprovechar la campa\u00f1a electoral para que una franja de los trabajadores, las mujeres y la juventud avance hacia su independencia pol\u00edtica. Y estamos poniendo en pie una nueva alternativa de la izquierda que pretende superar los equivocados vicios del electoralismo y la autoproclamaci\u00f3n, que lamentablemente representa el\u00a0 otro frente de izquierda del pa\u00eds, el FIT, quien se niega a toda unidad mayor, y adem\u00e1s no ha sido capaz de sacar siquiera una declaraci\u00f3n com\u00fan en apoyo a la lucha de los compa\u00f1eros de AGR-Clar\u00edn, mantiene en otras luchas sus peleas internas, mientras contin\u00faa rechazando nuestra propuesta de hacer un gran polo clasista en com\u00fan.<\/p>\n<p>En las luchas y prepar\u00e1ndonos para las pr\u00f3ximas elecciones nuestro frente ya est\u00e1 de pie y avanzando. Ahora lanz\u00e1ndonos con fuerza a nuestra instalaci\u00f3n nacional. Y tambi\u00e9n comenzando a concretar algunas primeras reuniones con otras organizaciones, que sobre la base del Programa y el Manifiesto Pol\u00edtico que presenta al debate nuestro frente manifiestan su inter\u00e9s por ser parte de las listas y de aportar a la construcci\u00f3n de esta alternativa. Invitamos a la izquierda que se declara clasista, socialista y anticapitalista a seguir entablando reuniones para estos objetivos.<\/p>\n<p><strong>Todo el apoyo a la lucha de los compa\u00f1eros de AGR-Clar\u00edn<\/strong><\/p>\n<p><strong>Vamos por un paro general con movilizaci\u00f3n a Plaza de Mayo por el salario, contra los despidos y en apoyo a todas las luchas<\/strong><\/p>\n<p><strong>Viva el paro internacional de mujeres del 8 de marzo<\/strong><\/p>\n<p><strong>Movil\u00edzate con Izquierda al Frente por el Socialismo el 24 de marzo<\/strong><\/p>\n","protected":false},"excerpt":{"rendered":"<p>A continuaci\u00f3n reproducimos la segunda declaraci\u00f3n pol\u00edtica de La Izquierda al Frente por el Socialismo, que integramos junto a los compa\u00f1eros del MST, presentando un an\u00e1lisis de la coyuntura y las tareas que tenemos planteadas por delante. Queremos destacar la importancia de estos pasos unitarios. A las dos declaraciones, se suman la intervenci\u00f3n en columnas [&hellip;]<\/p>\n","protected":false},"author":8,"featured_media":9299,"comment_status":"closed","ping_status":"closed","sticky":false,"template":"","format":"standard","meta":{"footnotes":""},"categories":[122,1656,1612],"tags":[1625],"class_list":{"0":"post-9298","1":"post","2":"type-post","3":"status-publish","4":"format-standard","5":"has-post-thumbnail","7":"category-america-latina-y-el-caribe","8":"category-argentina","9":"category-izquierda-al-frente-por-el-socialismo","10":"tag-edicion-65"},"yoast_head":"<!-- This site is optimized with the Yoast SEO plugin v27.5 - https:\/\/yoast.com\/product\/yoast-seo-wordpress\/ -->\n<title>Macri redobla el ajuste, los trabajadores respondemos con m\u00e1s lucha - Hace falta un paro general con movilizaci\u00f3n ahora - Socialismo o Barbarie<\/title>\n<meta name=\"robots\" content=\"index, follow, max-snippet:-1, max-image-preview:large, max-video-preview:-1\" \/>\n<link rel=\"canonical\" href=\"https:\/\/www.socialismoobarbarie.org\/?p=9298\" \/>\n<meta property=\"og:locale\" content=\"es_ES\" \/>\n<meta property=\"og:type\" content=\"article\" \/>\n<meta property=\"og:title\" content=\"Macri redobla el ajuste, los trabajadores respondemos con m\u00e1s lucha - Hace falta un paro general con movilizaci\u00f3n ahora - Socialismo o Barbarie\" \/>\n<meta property=\"og:description\" content=\"A continuaci\u00f3n reproducimos la segunda declaraci\u00f3n pol\u00edtica de La Izquierda al Frente por el Socialismo, que integramos junto a los compa\u00f1eros del MST, presentando un an\u00e1lisis de la coyuntura y las tareas que tenemos planteadas por delante. Queremos destacar la importancia de estos pasos unitarios. A las dos declaraciones, se suman la intervenci\u00f3n en columnas [&hellip;]\" \/>\n<meta property=\"og:url\" content=\"https:\/\/www.socialismoobarbarie.org\/?p=9298\" \/>\n<meta property=\"og:site_name\" content=\"Socialismo o Barbarie\" \/>\n<meta property=\"article:published_time\" content=\"2017-02-23T23:06:18+00:00\" \/>\n<meta property=\"article:modified_time\" content=\"2018-07-12T22:18:41+00:00\" \/>\n<meta property=\"og:image\" content=\"https:\/\/www.socialismoobarbarie.org\/wp-content\/uploads\/2017\/02\/P1010496-e1487008284676.jpg\" \/>\n\t<meta property=\"og:image:width\" content=\"700\" \/>\n\t<meta property=\"og:image:height\" content=\"525\" \/>\n\t<meta property=\"og:image:type\" content=\"image\/jpeg\" \/>\n<meta name=\"author\" content=\"SOB\" \/>\n<meta name=\"twitter:card\" content=\"summary_large_image\" \/>\n<meta name=\"twitter:label1\" content=\"Escrito por\" \/>\n\t<meta name=\"twitter:data1\" content=\"SOB\" \/>\n\t<meta name=\"twitter:label2\" content=\"Tiempo de lectura\" \/>\n\t<meta name=\"twitter:data2\" content=\"14 minutos\" \/>\n<script type=\"application\/ld+json\" class=\"yoast-schema-graph\">{\"@context\":\"https:\\\/\\\/schema.org\",\"@graph\":[{\"@type\":\"Article\",\"@id\":\"https:\\\/\\\/www.socialismoobarbarie.org\\\/?p=9298#article\",\"isPartOf\":{\"@id\":\"https:\\\/\\\/www.socialismoobarbarie.org\\\/?p=9298\"},\"author\":{\"name\":\"SOB\",\"@id\":\"https:\\\/\\\/www.socialismoobarbarie.org\\\/#\\\/schema\\\/person\\\/bc1c3b321d47ed092405949c77e35a8e\"},\"headline\":\"Macri redobla el ajuste, los trabajadores respondemos con m\u00e1s lucha &#8211; Hace falta un paro general con movilizaci\u00f3n ahora\",\"datePublished\":\"2017-02-23T23:06:18+00:00\",\"dateModified\":\"2018-07-12T22:18:41+00:00\",\"mainEntityOfPage\":{\"@id\":\"https:\\\/\\\/www.socialismoobarbarie.org\\\/?p=9298\"},\"wordCount\":2739,\"publisher\":{\"@id\":\"https:\\\/\\\/www.socialismoobarbarie.org\\\/#organization\"},\"image\":{\"@id\":\"https:\\\/\\\/www.socialismoobarbarie.org\\\/?p=9298#primaryimage\"},\"thumbnailUrl\":\"https:\\\/\\\/www.socialismoobarbarie.org\\\/wp-content\\\/uploads\\\/2017\\\/02\\\/P1010496-e1487008284676.jpg\",\"keywords\":[\"Edicion 65\"],\"articleSection\":[\"Am\u00e9rica Latina\",\"Argentina\",\"Izquierda al Frente por el Socialismo\"],\"inLanguage\":\"es\"},{\"@type\":\"WebPage\",\"@id\":\"https:\\\/\\\/www.socialismoobarbarie.org\\\/?p=9298\",\"url\":\"https:\\\/\\\/www.socialismoobarbarie.org\\\/?p=9298\",\"name\":\"Macri redobla el ajuste, los trabajadores respondemos con m\u00e1s lucha - Hace falta un paro general con movilizaci\u00f3n ahora - Socialismo o Barbarie\",\"isPartOf\":{\"@id\":\"https:\\\/\\\/www.socialismoobarbarie.org\\\/#website\"},\"primaryImageOfPage\":{\"@id\":\"https:\\\/\\\/www.socialismoobarbarie.org\\\/?p=9298#primaryimage\"},\"image\":{\"@id\":\"https:\\\/\\\/www.socialismoobarbarie.org\\\/?p=9298#primaryimage\"},\"thumbnailUrl\":\"https:\\\/\\\/www.socialismoobarbarie.org\\\/wp-content\\\/uploads\\\/2017\\\/02\\\/P1010496-e1487008284676.jpg\",\"datePublished\":\"2017-02-23T23:06:18+00:00\",\"dateModified\":\"2018-07-12T22:18:41+00:00\",\"breadcrumb\":{\"@id\":\"https:\\\/\\\/www.socialismoobarbarie.org\\\/?p=9298#breadcrumb\"},\"inLanguage\":\"es\",\"potentialAction\":[{\"@type\":\"ReadAction\",\"target\":[\"https:\\\/\\\/www.socialismoobarbarie.org\\\/?p=9298\"]}]},{\"@type\":\"ImageObject\",\"inLanguage\":\"es\",\"@id\":\"https:\\\/\\\/www.socialismoobarbarie.org\\\/?p=9298#primaryimage\",\"url\":\"https:\\\/\\\/www.socialismoobarbarie.org\\\/wp-content\\\/uploads\\\/2017\\\/02\\\/P1010496-e1487008284676.jpg\",\"contentUrl\":\"https:\\\/\\\/www.socialismoobarbarie.org\\\/wp-content\\\/uploads\\\/2017\\\/02\\\/P1010496-e1487008284676.jpg\",\"width\":700,\"height\":525},{\"@type\":\"BreadcrumbList\",\"@id\":\"https:\\\/\\\/www.socialismoobarbarie.org\\\/?p=9298#breadcrumb\",\"itemListElement\":[{\"@type\":\"ListItem\",\"position\":1,\"name\":\"Portada\",\"item\":\"https:\\\/\\\/www.socialismoobarbarie.org\\\/\"},{\"@type\":\"ListItem\",\"position\":2,\"name\":\"Macri redobla el ajuste, los trabajadores respondemos con m\u00e1s lucha &#8211; Hace falta un paro general con movilizaci\u00f3n ahora\"}]},{\"@type\":\"WebSite\",\"@id\":\"https:\\\/\\\/www.socialismoobarbarie.org\\\/#website\",\"url\":\"https:\\\/\\\/www.socialismoobarbarie.org\\\/\",\"name\":\"Socialismo o Barbarie\",\"description\":\"Sitio web de la corriente internacional Socialismo o Barbarie\",\"publisher\":{\"@id\":\"https:\\\/\\\/www.socialismoobarbarie.org\\\/#organization\"},\"potentialAction\":[{\"@type\":\"SearchAction\",\"target\":{\"@type\":\"EntryPoint\",\"urlTemplate\":\"https:\\\/\\\/www.socialismoobarbarie.org\\\/?s={search_term_string}\"},\"query-input\":{\"@type\":\"PropertyValueSpecification\",\"valueRequired\":true,\"valueName\":\"search_term_string\"}}],\"inLanguage\":\"es\"},{\"@type\":\"Organization\",\"@id\":\"https:\\\/\\\/www.socialismoobarbarie.org\\\/#organization\",\"name\":\"Socialismo o Barbarie\",\"url\":\"https:\\\/\\\/www.socialismoobarbarie.org\\\/\",\"logo\":{\"@type\":\"ImageObject\",\"inLanguage\":\"es\",\"@id\":\"https:\\\/\\\/www.socialismoobarbarie.org\\\/#\\\/schema\\\/logo\\\/image\\\/\",\"url\":\"https:\\\/\\\/www.socialismoobarbarie.org\\\/wp-content\\\/uploads\\\/2025\\\/02\\\/soblogoweb-2025.png\",\"contentUrl\":\"https:\\\/\\\/www.socialismoobarbarie.org\\\/wp-content\\\/uploads\\\/2025\\\/02\\\/soblogoweb-2025.png\",\"width\":450,\"height\":161,\"caption\":\"Socialismo o Barbarie\"},\"image\":{\"@id\":\"https:\\\/\\\/www.socialismoobarbarie.org\\\/#\\\/schema\\\/logo\\\/image\\\/\"}},{\"@type\":\"Person\",\"@id\":\"https:\\\/\\\/www.socialismoobarbarie.org\\\/#\\\/schema\\\/person\\\/bc1c3b321d47ed092405949c77e35a8e\",\"name\":\"SOB\",\"url\":\"https:\\\/\\\/www.socialismoobarbarie.org\\\/?author=8\"}]}<\/script>\n<!-- \/ Yoast SEO plugin. -->","yoast_head_json":{"title":"Macri redobla el ajuste, los trabajadores respondemos con m\u00e1s lucha - Hace falta un paro general con movilizaci\u00f3n ahora - Socialismo o Barbarie","robots":{"index":"index","follow":"follow","max-snippet":"max-snippet:-1","max-image-preview":"max-image-preview:large","max-video-preview":"max-video-preview:-1"},"canonical":"https:\/\/www.socialismoobarbarie.org\/?p=9298","og_locale":"es_ES","og_type":"article","og_title":"Macri redobla el ajuste, los trabajadores respondemos con m\u00e1s lucha - Hace falta un paro general con movilizaci\u00f3n ahora - Socialismo o Barbarie","og_description":"A continuaci\u00f3n reproducimos la segunda declaraci\u00f3n pol\u00edtica de La Izquierda al Frente por el Socialismo, que integramos junto a los compa\u00f1eros del MST, presentando un an\u00e1lisis de la coyuntura y las tareas que tenemos planteadas por delante. Queremos destacar la importancia de estos pasos unitarios. A las dos declaraciones, se suman la intervenci\u00f3n en columnas [&hellip;]","og_url":"https:\/\/www.socialismoobarbarie.org\/?p=9298","og_site_name":"Socialismo o Barbarie","article_published_time":"2017-02-23T23:06:18+00:00","article_modified_time":"2018-07-12T22:18:41+00:00","og_image":[{"width":700,"height":525,"url":"https:\/\/www.socialismoobarbarie.org\/wp-content\/uploads\/2017\/02\/P1010496-e1487008284676.jpg","type":"image\/jpeg"}],"author":"SOB","twitter_card":"summary_large_image","twitter_misc":{"Escrito por":"SOB","Tiempo de lectura":"14 minutos"},"schema":{"@context":"https:\/\/schema.org","@graph":[{"@type":"Article","@id":"https:\/\/www.socialismoobarbarie.org\/?p=9298#article","isPartOf":{"@id":"https:\/\/www.socialismoobarbarie.org\/?p=9298"},"author":{"name":"SOB","@id":"https:\/\/www.socialismoobarbarie.org\/#\/schema\/person\/bc1c3b321d47ed092405949c77e35a8e"},"headline":"Macri redobla el ajuste, los trabajadores respondemos con m\u00e1s lucha &#8211; Hace falta un paro general con movilizaci\u00f3n ahora","datePublished":"2017-02-23T23:06:18+00:00","dateModified":"2018-07-12T22:18:41+00:00","mainEntityOfPage":{"@id":"https:\/\/www.socialismoobarbarie.org\/?p=9298"},"wordCount":2739,"publisher":{"@id":"https:\/\/www.socialismoobarbarie.org\/#organization"},"image":{"@id":"https:\/\/www.socialismoobarbarie.org\/?p=9298#primaryimage"},"thumbnailUrl":"https:\/\/www.socialismoobarbarie.org\/wp-content\/uploads\/2017\/02\/P1010496-e1487008284676.jpg","keywords":["Edicion 65"],"articleSection":["Am\u00e9rica Latina","Argentina","Izquierda al Frente por el Socialismo"],"inLanguage":"es"},{"@type":"WebPage","@id":"https:\/\/www.socialismoobarbarie.org\/?p=9298","url":"https:\/\/www.socialismoobarbarie.org\/?p=9298","name":"Macri redobla el ajuste, los trabajadores respondemos con m\u00e1s lucha - Hace falta un paro general con movilizaci\u00f3n ahora - Socialismo o Barbarie","isPartOf":{"@id":"https:\/\/www.socialismoobarbarie.org\/#website"},"primaryImageOfPage":{"@id":"https:\/\/www.socialismoobarbarie.org\/?p=9298#primaryimage"},"image":{"@id":"https:\/\/www.socialismoobarbarie.org\/?p=9298#primaryimage"},"thumbnailUrl":"https:\/\/www.socialismoobarbarie.org\/wp-content\/uploads\/2017\/02\/P1010496-e1487008284676.jpg","datePublished":"2017-02-23T23:06:18+00:00","dateModified":"2018-07-12T22:18:41+00:00","breadcrumb":{"@id":"https:\/\/www.socialismoobarbarie.org\/?p=9298#breadcrumb"},"inLanguage":"es","potentialAction":[{"@type":"ReadAction","target":["https:\/\/www.socialismoobarbarie.org\/?p=9298"]}]},{"@type":"ImageObject","inLanguage":"es","@id":"https:\/\/www.socialismoobarbarie.org\/?p=9298#primaryimage","url":"https:\/\/www.socialismoobarbarie.org\/wp-content\/uploads\/2017\/02\/P1010496-e1487008284676.jpg","contentUrl":"https:\/\/www.socialismoobarbarie.org\/wp-content\/uploads\/2017\/02\/P1010496-e1487008284676.jpg","width":700,"height":525},{"@type":"BreadcrumbList","@id":"https:\/\/www.socialismoobarbarie.org\/?p=9298#breadcrumb","itemListElement":[{"@type":"ListItem","position":1,"name":"Portada","item":"https:\/\/www.socialismoobarbarie.org\/"},{"@type":"ListItem","position":2,"name":"Macri redobla el ajuste, los trabajadores respondemos con m\u00e1s lucha &#8211; Hace falta un paro general con movilizaci\u00f3n ahora"}]},{"@type":"WebSite","@id":"https:\/\/www.socialismoobarbarie.org\/#website","url":"https:\/\/www.socialismoobarbarie.org\/","name":"Socialismo o Barbarie","description":"Sitio web de la corriente internacional Socialismo o Barbarie","publisher":{"@id":"https:\/\/www.socialismoobarbarie.org\/#organization"},"potentialAction":[{"@type":"SearchAction","target":{"@type":"EntryPoint","urlTemplate":"https:\/\/www.socialismoobarbarie.org\/?s={search_term_string}"},"query-input":{"@type":"PropertyValueSpecification","valueRequired":true,"valueName":"search_term_string"}}],"inLanguage":"es"},{"@type":"Organization","@id":"https:\/\/www.socialismoobarbarie.org\/#organization","name":"Socialismo o Barbarie","url":"https:\/\/www.socialismoobarbarie.org\/","logo":{"@type":"ImageObject","inLanguage":"es","@id":"https:\/\/www.socialismoobarbarie.org\/#\/schema\/logo\/image\/","url":"https:\/\/www.socialismoobarbarie.org\/wp-content\/uploads\/2025\/02\/soblogoweb-2025.png","contentUrl":"https:\/\/www.socialismoobarbarie.org\/wp-content\/uploads\/2025\/02\/soblogoweb-2025.png","width":450,"height":161,"caption":"Socialismo o Barbarie"},"image":{"@id":"https:\/\/www.socialismoobarbarie.org\/#\/schema\/logo\/image\/"}},{"@type":"Person","@id":"https:\/\/www.socialismoobarbarie.org\/#\/schema\/person\/bc1c3b321d47ed092405949c77e35a8e","name":"SOB","url":"https:\/\/www.socialismoobarbarie.org\/?author=8"}]}},"_links":{"self":[{"href":"https:\/\/www.socialismoobarbarie.org\/index.php?rest_route=\/wp\/v2\/posts\/9298","targetHints":{"allow":["GET"]}}],"collection":[{"href":"https:\/\/www.socialismoobarbarie.org\/index.php?rest_route=\/wp\/v2\/posts"}],"about":[{"href":"https:\/\/www.socialismoobarbarie.org\/index.php?rest_route=\/wp\/v2\/types\/post"}],"author":[{"embeddable":true,"href":"https:\/\/www.socialismoobarbarie.org\/index.php?rest_route=\/wp\/v2\/users\/8"}],"replies":[{"embeddable":true,"href":"https:\/\/www.socialismoobarbarie.org\/index.php?rest_route=%2Fwp%2Fv2%2Fcomments&post=9298"}],"version-history":[{"count":1,"href":"https:\/\/www.socialismoobarbarie.org\/index.php?rest_route=\/wp\/v2\/posts\/9298\/revisions"}],"predecessor-version":[{"id":9300,"href":"https:\/\/www.socialismoobarbarie.org\/index.php?rest_route=\/wp\/v2\/posts\/9298\/revisions\/9300"}],"wp:featuredmedia":[{"embeddable":true,"href":"https:\/\/www.socialismoobarbarie.org\/index.php?rest_route=\/wp\/v2\/media\/9299"}],"wp:attachment":[{"href":"https:\/\/www.socialismoobarbarie.org\/index.php?rest_route=%2Fwp%2Fv2%2Fmedia&parent=9298"}],"wp:term":[{"taxonomy":"category","embeddable":true,"href":"https:\/\/www.socialismoobarbarie.org\/index.php?rest_route=%2Fwp%2Fv2%2Fcategories&post=9298"},{"taxonomy":"post_tag","embeddable":true,"href":"https:\/\/www.socialismoobarbarie.org\/index.php?rest_route=%2Fwp%2Fv2%2Ftags&post=9298"}],"curies":[{"name":"wp","href":"https:\/\/api.w.org\/{rel}","templated":true}]}}