{"id":9364,"date":"2017-03-08T23:48:59","date_gmt":"2017-03-09T02:48:59","guid":{"rendered":"https:\/\/www.socialismoobarbarie.org\/?p=9364"},"modified":"2019-11-20T10:51:19","modified_gmt":"2019-11-20T13:51:19","slug":"e-hora-de-barrar-temer-e-sua-ofensiva-reacionaria-unificar-todos-contra-a-reforma-da-previdencia","status":"publish","type":"post","link":"https:\/\/www.socialismoobarbarie.org\/?p=9364","title":{"rendered":"\u00c9 hora de barrar Temer e sua ofensiva reacion\u00e1ria"},"content":{"rendered":"<h2 class=\"bz cc cb\">Unificar todos contra a reforma da previd\u00eancia<\/h2>\n<p class=\"bz cc cb\"><strong>Vivemos uma situa\u00e7\u00e3o pol\u00edtica de ofensiva patronal marcada pelo avan\u00e7o dos ajustes neoliberais e pela imposi\u00e7\u00e3o &#8211; at\u00e9 o momento &#8211; de contrarreformas hist\u00f3ricas. Ap\u00f3s o impeachment de Dilma Rousseff e a posse do governo reacion\u00e1rio de Michel Temer, houve um forte alinhamento da maioria do Congresso Nacional, da grande m\u00eddia e da burguesia para impor medidas reacion\u00e1rias, criando assim uma conjuntura desfavor\u00e1vel para os trabalhadores e para a juventude. No entanto, essa conjuntura n\u00e3o elimina o fato de que existem enormes e crescentes contradi\u00e7\u00f5es pol\u00edticas no atual cen\u00e1rio nacional. Contradi\u00e7\u00f5es essas que se forem combinadas com um processo de resist\u00eancia massiva dos trabalhadores e da juventude (ainda por se verificar) na rua podem criar um reequil\u00edbrio na correla\u00e7\u00e3o de for\u00e7as, conter o avan\u00e7o da pauta reacion\u00e1ria e come\u00e7ar, a partir da\u00ed, a introduzir uma situa\u00e7\u00e3o pol\u00edtica mais favor\u00e1vel para os de baixo.<\/strong><\/p>\n<div class=\"bz ca cb\"><strong><span class=\"cd\">Um giro a direita foi imposto<\/span><\/strong><\/div>\n<div class=\"bz ca cb\"><\/div>\n<div class=\"bz ca cb\">O impeachment de Dilma foi resultado de uma manobra parlamentar reacion\u00e1ria apoiada nas ruas por uma movimenta\u00e7\u00e3o massiva capitaneada por uma camada da classe m\u00e9dia alta que colocou milh\u00f5es de pessoas nas ruas entre 2015 e 2016. Em contrapartida, o governo Dilma, seu partido (PT) e a CUT n\u00e3o foram capazes de fazer frente a essa onda reacion\u00e1ria, isso porque ap\u00f3s as elei\u00e7\u00f5es de outubro de 2014, Dilma passou a aplicar o programa do seu oponente no segundo turno (A\u00e9cio Neves-PSDB).<\/div>\n<div class=\"bz ca cb\"><\/div>\n<div class=\"bz ca cb\">Ou seja, o governo do PT passou a um duro ajuste neoliberal atrav\u00e9s do aumento da taxa de juros, cortes or\u00e7ament\u00e1rios que ultrapassaram R$ 80 bilh\u00f5es, restri\u00e7\u00e3o do seguro desemprego e criou instrumentos jur\u00eddicos para maior repress\u00e3o ao movimento social, esse foi o caso da \u201cLei antiterrorismo\u201d. Mesmo diante da imin\u00eancia de perder o cargo, Dilma e PT n\u00e3o fizeram nenhuma inflex\u00e3o em sua pol\u00edtica neoliberal para tentar reconquistar o apoio perdido entre as massas (no final de mandatos contava com uma popularidade inferior a 4% segundo a maior parte das pesquisas) e resistir \u00e0 ofensiva reacion\u00e1ria, aceitando assim o jogo de cartas marcadas do processo de impeachment, o resultado disso todos conhecem.<\/div>\n<div class=\"bz ca cb\"><\/div>\n<div class=\"bz ca cb\">Seria um terr\u00edvel erro de an\u00e1lise desconhecer, como fazem algumas correntes pol\u00edticas, que o processo de impeachment foi a express\u00e3o mais evidente de uma ofensiva reacion\u00e1ria global que acabou por impor um governo neoliberal puro e duro com o objetivo de estabelecer uma correla\u00e7\u00e3o de for\u00e7as desfavor\u00e1vel para os trabalhadores. Assim, apesar da deriva neoliberal de Dilma, a classe dominante acabou depois de dois anos de crise pol\u00edtica cr\u00f4nica se inclinando majoritariamente para a posi\u00e7\u00e3o de que o governo de coaliz\u00e3o de classes n\u00e3o seria capaz de levar at\u00e9 o final sua pol\u00edtica de ajustes estruturais, por isso se unificou em torno da sa\u00edda pr\u00f3 impeachment. O que significou na pr\u00e1tica a imposi\u00e7\u00e3o de uma nova coaliz\u00e3o governamental composta pelas oligarquias pol\u00edticas e pelo capital financeiro, ou seja, por um governo burgu\u00eas \u201cpuro sangue\u201d que pudesse garantir at\u00e9 o final a imposi\u00e7\u00e3o das medicas historicamente regressivas que est\u00e3o em curso. Essa situa\u00e7\u00e3o pol\u00edtica claramente reacion\u00e1ria aberta pelo impeachment pode se verificar desde a composi\u00e7\u00e3o pol\u00edtico-social do governo (homens brancos, oligarcas pol\u00edticos regionais, representantes do capital financeiros e reacion\u00e1rios em geral) at\u00e9 a pauta regressiva no congresso, passando pela privatiza\u00e7\u00e3o das estatais e pela intensifica\u00e7\u00e3o da repress\u00e3o ao movimento social.<\/div>\n<div class=\"bz ca cb\"><\/div>\n<div class=\"bz ca cb\">A primeira grande vit\u00f3ria desse governo foi a aprova\u00e7\u00e3o com larga margem de votos do Projeto de Emenda Constitucional (PEC) que estabelece o congelamento dos gastos p\u00fablicos por 20 anos, a famosa PEC 55. Com essa emenda, os gastos p\u00fablicos prim\u00e1rios (pagamento de juros e amortiza\u00e7\u00f5es da d\u00edvida p\u00fablica est\u00e3o fora da emenda) podem crescer de acordo com a infla\u00e7\u00e3o do ano anterior. Ou seja, enquanto que para atender as crescentes necessidades da popula\u00e7\u00e3o trabalhadora o or\u00e7amento federal estar\u00e1 congelado em termos reais, assim os banqueiros e os grandes investidores ter\u00e3o sua cede de lucro cada vez mais saciada, pois sobrar\u00e1 uma fatia maior do or\u00e7amento para esse fim.<\/div>\n<div class=\"bz ca cb\"><\/div>\n<div class=\"bz ca cb\">Al\u00e9m da PEC 55, j\u00e1 foi aprovada no Congresso a contrarreforma do Ensino M\u00e9dio que tem como principal efeito empobrecer o curr\u00edculo escolar, pois os alunos poder\u00e3o a partir do segundo ano do Ensino M\u00e9dio escolher em qual \u00e1rea de conhecimento dar\u00e3o continuidade aos estudos. Trata-se de uma contrarreforma, pois ao chegar ao ensino m\u00e9dio os estudantes brasileiros est\u00e3o muito longe de ter obtido o n\u00edvel de conhecimento necess\u00e1rio para partir para a especializa\u00e7\u00e3o nessa ou naquela \u00e1rea de conhecimento.<\/div>\n<div class=\"bz ca cb\"><\/div>\n<div class=\"bz ca cb\"><strong><span class=\"cd\">Reforma da previd\u00eancia \u00e9 regress\u00e3o hist\u00f3rica<\/span><\/strong><\/div>\n<div class=\"bz ca cb\"><\/div>\n<div class=\"bz ca cb\">Como vimos, as contrarreformas do governo Temer est\u00e3o avan\u00e7ando sem parar. Al\u00e9m das medidas citadas, o governo prepara um processo de concess\u00f5es que ir\u00e1 permitir aos grandes empres\u00e1rios neg\u00f3cios altamente lucrativos com infraestrutura e novas privatiza\u00e7\u00f5es. Mas, a menina dos olhos do governo \u00e9 a reforma da previd\u00eancia. Essa contrarreforma, se aprovada for, significar\u00e1 um retrocesso hist\u00f3rico na legisla\u00e7\u00e3o previdenci\u00e1ria e a institui\u00e7\u00e3o de um dos sistemas mais restritivos do mundo. A proposta do governo \u00e9 estabelecer indistintamente entre homens e mulheres, ramos de produ\u00e7\u00e3o ou regi\u00e3o 65 anos de idade m\u00ednima e 39 anos de tempo de contribui\u00e7\u00e3o para que o trabalhador tenha acesso a vencimentos integrais ao se aposentar. Desconsidera assim a dupla jornada de trabalho das mulheres, a insalubridade de v\u00e1rias profiss\u00f5es e as diferen\u00e7as de expectativa de vida entre as regi\u00f5es do pa\u00eds.<\/div>\n<div class=\"bz ca cb\">Essa proposta \u00e9 fundamental para o governo porque a emenda constitucional que estabeleceu o congelamento dos gastos p\u00fablicos s\u00f3 ser\u00e1 vi\u00e1vel se o governo conseguir reduzir drasticamente a receita para a aposentadoria e previd\u00eancia. Ao inv\u00e9s de aumentar impostos sobre as grandes fortunas ou parar de pagar os juros da divida p\u00fablica para os grandes investidores, o governo quer de forma dr\u00e1stica cortar verbas da previd\u00eancia e da aposentadoria para cobrir as despesas prim\u00e1rias, pois o crescimento populacional colocar\u00e1 novas demandas, que se somam a uma situa\u00e7\u00e3o j\u00e1 catastr\u00f3fica na infraestrutura de saneamento b\u00e1sico, no sistema p\u00fablico de sa\u00fade e educa\u00e7\u00e3o.<\/div>\n<div class=\"bz ca cb\"><\/div>\n<div class=\"bz ca cb\"><strong><span class=\"cd\">Junho acabou?<\/span><\/strong><\/div>\n<div class=\"bz ca cb\"><\/div>\n<div class=\"bz ca cb\">Apresentamos elementos que demonstram que de fato se estabeleceu uma correla\u00e7\u00e3o de for\u00e7as claramente desfavor\u00e1vel para os trabalhadores nos \u00faltimos anos. No entanto, \u00e9 necess\u00e1rio ver a outra face da moeda.<\/div>\n<div class=\"bz ca cb\">Que a ofensiva reacion\u00e1ria atrav\u00e9s do impeachment de Dilma imp\u00f4s um governo muito mais reacion\u00e1rio (n\u00e3o \u00e9 apenas a continuidade do anterior, apesar de estarem os dois a servi\u00e7o da classe dominante) e uma correla\u00e7\u00e3o de for\u00e7as claramente desfavor\u00e1vel para os trabalhadores n\u00e3o \u00e9 o mesmo que dizer que j\u00e1 estamos em meio a uma derrota hist\u00f3rica da juventude e dos trabalhadores. A nosso ver, \u00e9 extremamente prematuro afirmar que o giro conjuntural \u00e0 direita ap\u00f3s o impeachment tenha fechado o ciclo de combatividade e polariza\u00e7\u00e3o pol\u00edtica aberto por Junho de 2013, pois as batalhas fundamentais da luta de classes ainda est\u00e3o por ocorrer e a depender do seu desenlace essa ofensiva patronal pode ser contida nos pr\u00f3ximos meses.<\/div>\n<div class=\"bz ca cb\"><\/div>\n<div class=\"bz ca cb\">Existem v\u00e1rias express\u00f5es de combatividade da classe trabalhadora, como \u00e9 o caso dos funcion\u00e1rios p\u00fablicos do Estado do Rio de Janeiro que travaram verdadeiras guerras campais em frente \u00e0 Assembleia legislativa do Estado contra a vota\u00e7\u00e3o de projetos que cortam direitos, sal\u00e1rios e privatizam empresas p\u00fablicas. Outra express\u00e3o de combatividade e que demonstra potencial de luta \u00e9 a dos estudantes secundaristas e universit\u00e1rios que imediatamente ap\u00f3s o impeachment sa\u00edram a ocupar escolas e universidades contra a reforma do ensino m\u00e9dio e contra os cortes de verbas das universidades, e nada indica que essa juventude est\u00e1 derrotada e que n\u00e3o ir\u00e1 reagir no pr\u00f3ximo per\u00edodo.<\/div>\n<div class=\"bz ca cb\"><\/div>\n<div class=\"bz ca cb\">Por outro lado, n\u00e3o podemos desconsiderar que o grande ausente na luta de classes nos \u00faltimos anos \u00e9 a classe oper\u00e1ria industrial e que se essa n\u00e3o entrar em cena ser\u00e1 muito dif\u00edcil conter a ofensiva reacion\u00e1ria. Mas, tamb\u00e9m, n\u00e3o podemos dizer que esse setor est\u00e1 derrotado e que diante das contrarreformas n\u00e3o ir\u00e1 entrar em campo para jogar. Ao contr\u00e1rio disso, come\u00e7am a surgir express\u00f5es de luta que demonstram que a classe trabalhadora brasileira n\u00e3o ir\u00e1 ser derrotada sem lutar.<\/div>\n<div class=\"bz ca cb\"><\/div>\n<div class=\"bz ca cb\">Evidentemente que se sofrermos derrotas seguidas essa conjuntura de giro a direita acabar\u00e1 se estabelecendo n\u00e3o apenas como fen\u00f4meno pol\u00edtico moment\u00e2neo e a onda de rebeldia aberta em 2013 ir\u00e1 definitivamente se encerrar, abrindo assim uma nova etapa de conjunto mais conservadora. Mas, tudo o que se refere aos elementos pol\u00edticos mais de fundo e de longo prazo na luta de classes est\u00e1 por se definir ainda, por isso a posi\u00e7\u00e3o fatalista \u00e9 a pior poss\u00edvel, pois acaba nos desarmando diante dos grandes combates que est\u00e3o por ocorrer.<\/div>\n<div class=\"bz ca cb\"><\/div>\n<div class=\"bz ca cb\"><strong><span class=\"cd\">Unificar todos para derrotar a reforma da previd\u00eancia<\/span><\/strong><\/div>\n<div class=\"bz ca cb\"><\/div>\n<div class=\"bz ca cb\">A quest\u00e3o agora \u00e9 com que pol\u00edtica iremos encarar os desafios de enfrentar essa ofensiva reacion\u00e1ria de conjunto. Sabemos que, apesar da baix\u00edssima popularidade de Temer e da desaprova\u00e7\u00e3o do seu governo[1] e da opera\u00e7\u00e3o Lava Jato que produz diariamente den\u00fancias de corrup\u00e7\u00e3o que envolve diretamente o governo, existe enorme coes\u00e3o entre a classe dominante para apoiar o governo na tarefa de impor as contrarreformas.<\/div>\n<div class=\"bz ca cb\"><\/div>\n<div class=\"bz ca cb\">Al\u00e9m da unidade da classe dominante, a burocracia sindical e o PT t\u00eam o centro da sua atua\u00e7\u00e3o pol\u00edtica desgastar o governo e voltar a ganhar a confian\u00e7a da classe dominante para disputar com Lula, que aparece com 24,8% das inten\u00e7\u00f5es de voto, as elei\u00e7\u00f5es presidenciais de 2018. Por isso, esse partido e a burocracia cutista n\u00e3o resistiram ao impeachment, n\u00e3o apostaram na luta contra PEC do congelamento dos gastos p\u00fablicos e agora atua em <span class=\"ce\">slow motion <\/span>em rela\u00e7\u00e3o \u00e0 contrarreforma da previd\u00eancia. Alem do mais, sabemos que quando os trabalhadores e a juventude sa\u00edrem \u00e0s ruas para enfrent\u00e1-la ir\u00e3o fazer de tudo para dividir, frear e sabotar a luta.<\/div>\n<div class=\"bz ca cb\"><\/div>\n<div class=\"bz ca cb\">Por outro lado, apesar da desmoraliza\u00e7\u00e3o do PT, devido ao tr\u00e1gico final do governo Dilma, esse partido, particularmente, o lulismo enquanto express\u00e3o maior do reformismo sem reformas nacional, continua hegem\u00f4nico no interior do movimento sindical, popular e estudantil. Isso porque o esgotamento dessa experi\u00eancia pol\u00edtica n\u00e3o foi resultado de uma luta da classe trabalhadora por suas bandeiras e atrav\u00e9s de seus m\u00e9todos de luta, mas sim atrav\u00e9s de uma manobra parlamentar reacion\u00e1ria que teve como base mobiliza\u00e7\u00f5es massivas de cunho direitista. Desta forma, como resultado contradit\u00f3rio e apesar da derrota eleitoral do PT nas elei\u00e7\u00f5es municipais em todo o pa\u00eds em outubro do ano passado, h\u00e1 um relativo fortalecimento do petismo nos sindicatos e no movimento estudantil.<\/div>\n<div class=\"bz ca cb\">Diante disso, pensamos que \u00e9 necess\u00e1rio realizar uma combina\u00e7\u00e3o de t\u00e1ticas que propiciem impulsionar mobiliza\u00e7\u00f5es massivas contra os ataques em curso e apresentar uma alternativa pol\u00edtica ao petismo. Em primeiro lugar \u00e9 preciso fazer todos os esfor\u00e7os para construir mobiliza\u00e7\u00f5es massivas e organiza\u00e7\u00f5es amplas para derrotar a contrarreforma da previd\u00eancia. Nesse sentido, todas as t\u00e1ticas que favore\u00e7am a mobiliza\u00e7\u00e3o e organiza\u00e7\u00e3o popular e oper\u00e1ria contra a reforma devem ser utilizadas. Devemos trabalhar sistematicamente para envolver todas as centrais, partidos pol\u00edticos, movimentos sociais, parlamentares, artistas, personalidades e etc. na luta contra essa reforma. Contra esse ataque devemos fazer unidade de a\u00e7\u00e3o at\u00e9 com o capeta para que os atos sejam massivos, evidentemente que a condu\u00e7\u00e3o pol\u00edtica deve estar na m\u00e3o dos trabalhadores e a esquerda no seu interior deve necessariamente lutar para que tenha um programa independente.<\/div>\n<div class=\"bz ca cb\"><\/div>\n<div class=\"bz ca cb\"><strong><span class=\"cd\">Duas t\u00e1ticas de frente \u00fanica a desenvolver<\/span><\/strong><\/div>\n<div class=\"bz ca cb\"><\/div>\n<div class=\"bz ca cb\">Pensamos que para favorecer a unidade de a\u00e7\u00e3o contra os ataques imediatos de Temer e dos patr\u00f5es, devemos desenvolver uma t\u00e1tica de frente \u00fanica que nos possibilite em primeiro lugar impulsionar diretamente na base as lutas contra as os ataques do governo e da patronal e para exigir da burocracia, e denunciar quando n\u00e3o o fizer, que organize a resist\u00eancia. Ou seja, precisamos juntar todos os lutadores para conseguir furar o bloqueio da burocracia e chegar diretamente a alguns setores de massa. \u00c9 preciso tamb\u00e9m que esta t\u00e1tica de frente de luta sirva para construir uma alternativa pol\u00edtica de massas \u00e0 burocracia. Para isso, pensamos que \u00e9 necess\u00e1rio colocar de p\u00e9 uma frente independente que unifique todas as correntes sindicais que romperam com a CUT (CONUTAS E INTERSINDICAL), a Frente Povo Sem Medo e demais setores independentes.<\/div>\n<div class=\"bz ca cb\"><\/div>\n<div class=\"bz ca cb\">\u00c9 justamente a\u00ed que devemos colocar a r\u00e9gua, pois para n\u00f3s essa pol\u00edtica de frente \u00fanica de luta deve estar dirigida \u00e0 unifica\u00e7\u00e3o da esquerda socialista e demais setores independentes com o objetivo de come\u00e7ar a lan\u00e7ar de fato uma alternativa sindical, popular e estudantil de luta independente da burocracia. Al\u00e9m disso, precisamos de uma alternativa pol\u00edtica ao PT. Para isso \u00e9 necess\u00e1rio construir desde j\u00e1 uma frente de esquerda que unifique o conjunto dos setores da esquerda socialista, tais como o conjunto do PSOL, PSTU e outras organiza\u00e7\u00f5es pol\u00edticas. Importantes iniciativas est\u00e3o sendo realizadas em v\u00e1rios Estados, a exemplo do Bloco de Esquerda em S\u00e3o Paulo. No entanto, uma s\u00e9rie de organiza\u00e7\u00f5es n\u00e3o est\u00e1 presente e n\u00e3o dispomos ainda de inst\u00e2ncias de coordena\u00e7\u00e3o nacional das frentes que est\u00e3o organizando-se nos Estados.<\/div>\n<div class=\"bz ca cb\"><\/div>\n<div class=\"bz ca cb\">Para finalizar, diante da ofensiva reacion\u00e1ria, da confus\u00e3o entre as massas e na vanguarda, devido \u00e0 fal\u00eancia dos governos do PT e da crise de alternativa socialista em que vivemos, \u00e9 fundamental dedicar a m\u00e1xima aten\u00e7\u00e3o \u00e0 combina\u00e7\u00e3o de t\u00e1ticas de unidade de a\u00e7\u00e3o e de frentes \u00fanicas que permitam ir massivamente \u00e0 resist\u00eancia, organizar os lutadores para enfrentar a burocracia e apresentar uma alternativa socialista para a crise.<\/div>\n<p class=\"bz cc cb\">[1] Segundo pesquisa CNT\/MDA para Presidente a desaprova\u00e7\u00e3o de Temer cresceu de 51,4% (out\/2016) para 62,4% (fev\/2017).<\/p>\n","protected":false},"excerpt":{"rendered":"<p>Unificar todos contra a reforma da previd\u00eancia Vivemos uma situa\u00e7\u00e3o pol\u00edtica de ofensiva patronal marcada pelo avan\u00e7o dos ajustes neoliberais e pela imposi\u00e7\u00e3o &#8211; at\u00e9 o momento &#8211; de contrarreformas hist\u00f3ricas. Ap\u00f3s o impeachment de Dilma Rousseff e a posse do governo reacion\u00e1rio de Michel Temer, houve um forte alinhamento da maioria do Congresso Nacional, [&hellip;]<\/p>\n","protected":false},"author":8,"featured_media":9365,"comment_status":"closed","ping_status":"closed","sticky":false,"template":"","format":"standard","meta":{"footnotes":""},"categories":[1686],"tags":[1119,1626],"class_list":{"0":"post-9364","1":"post","2":"type-post","3":"status-publish","4":"format-standard","5":"has-post-thumbnail","7":"category-portugues","8":"tag-antonio-soler","9":"tag-edicion-66"},"yoast_head":"<!-- This site is optimized with the Yoast SEO plugin v27.5 - https:\/\/yoast.com\/product\/yoast-seo-wordpress\/ -->\n<title>\u00c9 hora de barrar Temer e sua ofensiva reacion\u00e1ria - Socialismo o Barbarie<\/title>\n<meta name=\"robots\" content=\"index, follow, max-snippet:-1, max-image-preview:large, max-video-preview:-1\" \/>\n<link rel=\"canonical\" href=\"https:\/\/www.socialismoobarbarie.org\/?p=9364\" \/>\n<meta property=\"og:locale\" content=\"es_ES\" \/>\n<meta property=\"og:type\" content=\"article\" \/>\n<meta property=\"og:title\" content=\"\u00c9 hora de barrar Temer e sua ofensiva reacion\u00e1ria - Socialismo o Barbarie\" \/>\n<meta property=\"og:description\" content=\"Unificar todos contra a reforma da previd\u00eancia Vivemos uma situa\u00e7\u00e3o pol\u00edtica de ofensiva patronal marcada pelo avan\u00e7o dos ajustes neoliberais e pela imposi\u00e7\u00e3o &#8211; at\u00e9 o momento &#8211; de contrarreformas hist\u00f3ricas. Ap\u00f3s o impeachment de Dilma Rousseff e a posse do governo reacion\u00e1rio de Michel Temer, houve um forte alinhamento da maioria do Congresso Nacional, [&hellip;]\" \/>\n<meta property=\"og:url\" content=\"https:\/\/www.socialismoobarbarie.org\/?p=9364\" \/>\n<meta property=\"og:site_name\" content=\"Socialismo o Barbarie\" \/>\n<meta property=\"article:published_time\" content=\"2017-03-09T02:48:59+00:00\" \/>\n<meta property=\"article:modified_time\" content=\"2019-11-20T13:51:19+00:00\" \/>\n<meta property=\"og:image\" content=\"https:\/\/www.socialismoobarbarie.org\/wp-content\/uploads\/2017\/03\/fora-temer-e1489114389716.jpg\" \/>\n\t<meta property=\"og:image:width\" content=\"700\" \/>\n\t<meta property=\"og:image:height\" content=\"414\" \/>\n\t<meta property=\"og:image:type\" content=\"image\/jpeg\" \/>\n<meta name=\"author\" content=\"SOB\" \/>\n<meta name=\"twitter:card\" content=\"summary_large_image\" \/>\n<meta name=\"twitter:label1\" content=\"Escrito por\" \/>\n\t<meta name=\"twitter:data1\" content=\"SOB\" \/>\n\t<meta name=\"twitter:label2\" content=\"Tiempo de lectura\" \/>\n\t<meta name=\"twitter:data2\" content=\"12 minutos\" \/>\n<script type=\"application\/ld+json\" class=\"yoast-schema-graph\">{\"@context\":\"https:\\\/\\\/schema.org\",\"@graph\":[{\"@type\":\"Article\",\"@id\":\"https:\\\/\\\/www.socialismoobarbarie.org\\\/?p=9364#article\",\"isPartOf\":{\"@id\":\"https:\\\/\\\/www.socialismoobarbarie.org\\\/?p=9364\"},\"author\":{\"name\":\"SOB\",\"@id\":\"https:\\\/\\\/www.socialismoobarbarie.org\\\/#\\\/schema\\\/person\\\/bc1c3b321d47ed092405949c77e35a8e\"},\"headline\":\"\u00c9 hora de barrar Temer e sua ofensiva reacion\u00e1ria\",\"datePublished\":\"2017-03-09T02:48:59+00:00\",\"dateModified\":\"2019-11-20T13:51:19+00:00\",\"mainEntityOfPage\":{\"@id\":\"https:\\\/\\\/www.socialismoobarbarie.org\\\/?p=9364\"},\"wordCount\":2466,\"publisher\":{\"@id\":\"https:\\\/\\\/www.socialismoobarbarie.org\\\/#organization\"},\"image\":{\"@id\":\"https:\\\/\\\/www.socialismoobarbarie.org\\\/?p=9364#primaryimage\"},\"thumbnailUrl\":\"https:\\\/\\\/www.socialismoobarbarie.org\\\/wp-content\\\/uploads\\\/2017\\\/03\\\/fora-temer-e1489114389716.jpg\",\"keywords\":[\"Antonio Soler\",\"Edicion 66\"],\"articleSection\":[\"Portugu\u00eas\"],\"inLanguage\":\"es\"},{\"@type\":\"WebPage\",\"@id\":\"https:\\\/\\\/www.socialismoobarbarie.org\\\/?p=9364\",\"url\":\"https:\\\/\\\/www.socialismoobarbarie.org\\\/?p=9364\",\"name\":\"\u00c9 hora de barrar Temer e sua ofensiva reacion\u00e1ria - Socialismo o Barbarie\",\"isPartOf\":{\"@id\":\"https:\\\/\\\/www.socialismoobarbarie.org\\\/#website\"},\"primaryImageOfPage\":{\"@id\":\"https:\\\/\\\/www.socialismoobarbarie.org\\\/?p=9364#primaryimage\"},\"image\":{\"@id\":\"https:\\\/\\\/www.socialismoobarbarie.org\\\/?p=9364#primaryimage\"},\"thumbnailUrl\":\"https:\\\/\\\/www.socialismoobarbarie.org\\\/wp-content\\\/uploads\\\/2017\\\/03\\\/fora-temer-e1489114389716.jpg\",\"datePublished\":\"2017-03-09T02:48:59+00:00\",\"dateModified\":\"2019-11-20T13:51:19+00:00\",\"breadcrumb\":{\"@id\":\"https:\\\/\\\/www.socialismoobarbarie.org\\\/?p=9364#breadcrumb\"},\"inLanguage\":\"es\",\"potentialAction\":[{\"@type\":\"ReadAction\",\"target\":[\"https:\\\/\\\/www.socialismoobarbarie.org\\\/?p=9364\"]}]},{\"@type\":\"ImageObject\",\"inLanguage\":\"es\",\"@id\":\"https:\\\/\\\/www.socialismoobarbarie.org\\\/?p=9364#primaryimage\",\"url\":\"https:\\\/\\\/www.socialismoobarbarie.org\\\/wp-content\\\/uploads\\\/2017\\\/03\\\/fora-temer-e1489114389716.jpg\",\"contentUrl\":\"https:\\\/\\\/www.socialismoobarbarie.org\\\/wp-content\\\/uploads\\\/2017\\\/03\\\/fora-temer-e1489114389716.jpg\",\"width\":700,\"height\":414},{\"@type\":\"BreadcrumbList\",\"@id\":\"https:\\\/\\\/www.socialismoobarbarie.org\\\/?p=9364#breadcrumb\",\"itemListElement\":[{\"@type\":\"ListItem\",\"position\":1,\"name\":\"Portada\",\"item\":\"https:\\\/\\\/www.socialismoobarbarie.org\\\/\"},{\"@type\":\"ListItem\",\"position\":2,\"name\":\"\u00c9 hora de barrar Temer e sua ofensiva reacion\u00e1ria\"}]},{\"@type\":\"WebSite\",\"@id\":\"https:\\\/\\\/www.socialismoobarbarie.org\\\/#website\",\"url\":\"https:\\\/\\\/www.socialismoobarbarie.org\\\/\",\"name\":\"Socialismo o Barbarie\",\"description\":\"Sitio web de la corriente internacional Socialismo o Barbarie\",\"publisher\":{\"@id\":\"https:\\\/\\\/www.socialismoobarbarie.org\\\/#organization\"},\"potentialAction\":[{\"@type\":\"SearchAction\",\"target\":{\"@type\":\"EntryPoint\",\"urlTemplate\":\"https:\\\/\\\/www.socialismoobarbarie.org\\\/?s={search_term_string}\"},\"query-input\":{\"@type\":\"PropertyValueSpecification\",\"valueRequired\":true,\"valueName\":\"search_term_string\"}}],\"inLanguage\":\"es\"},{\"@type\":\"Organization\",\"@id\":\"https:\\\/\\\/www.socialismoobarbarie.org\\\/#organization\",\"name\":\"Socialismo o Barbarie\",\"url\":\"https:\\\/\\\/www.socialismoobarbarie.org\\\/\",\"logo\":{\"@type\":\"ImageObject\",\"inLanguage\":\"es\",\"@id\":\"https:\\\/\\\/www.socialismoobarbarie.org\\\/#\\\/schema\\\/logo\\\/image\\\/\",\"url\":\"https:\\\/\\\/www.socialismoobarbarie.org\\\/wp-content\\\/uploads\\\/2025\\\/02\\\/soblogoweb-2025.png\",\"contentUrl\":\"https:\\\/\\\/www.socialismoobarbarie.org\\\/wp-content\\\/uploads\\\/2025\\\/02\\\/soblogoweb-2025.png\",\"width\":450,\"height\":161,\"caption\":\"Socialismo o Barbarie\"},\"image\":{\"@id\":\"https:\\\/\\\/www.socialismoobarbarie.org\\\/#\\\/schema\\\/logo\\\/image\\\/\"}},{\"@type\":\"Person\",\"@id\":\"https:\\\/\\\/www.socialismoobarbarie.org\\\/#\\\/schema\\\/person\\\/bc1c3b321d47ed092405949c77e35a8e\",\"name\":\"SOB\",\"url\":\"https:\\\/\\\/www.socialismoobarbarie.org\\\/?author=8\"}]}<\/script>\n<!-- \/ Yoast SEO plugin. -->","yoast_head_json":{"title":"\u00c9 hora de barrar Temer e sua ofensiva reacion\u00e1ria - Socialismo o Barbarie","robots":{"index":"index","follow":"follow","max-snippet":"max-snippet:-1","max-image-preview":"max-image-preview:large","max-video-preview":"max-video-preview:-1"},"canonical":"https:\/\/www.socialismoobarbarie.org\/?p=9364","og_locale":"es_ES","og_type":"article","og_title":"\u00c9 hora de barrar Temer e sua ofensiva reacion\u00e1ria - Socialismo o Barbarie","og_description":"Unificar todos contra a reforma da previd\u00eancia Vivemos uma situa\u00e7\u00e3o pol\u00edtica de ofensiva patronal marcada pelo avan\u00e7o dos ajustes neoliberais e pela imposi\u00e7\u00e3o &#8211; at\u00e9 o momento &#8211; de contrarreformas hist\u00f3ricas. Ap\u00f3s o impeachment de Dilma Rousseff e a posse do governo reacion\u00e1rio de Michel Temer, houve um forte alinhamento da maioria do Congresso Nacional, [&hellip;]","og_url":"https:\/\/www.socialismoobarbarie.org\/?p=9364","og_site_name":"Socialismo o Barbarie","article_published_time":"2017-03-09T02:48:59+00:00","article_modified_time":"2019-11-20T13:51:19+00:00","og_image":[{"width":700,"height":414,"url":"https:\/\/www.socialismoobarbarie.org\/wp-content\/uploads\/2017\/03\/fora-temer-e1489114389716.jpg","type":"image\/jpeg"}],"author":"SOB","twitter_card":"summary_large_image","twitter_misc":{"Escrito por":"SOB","Tiempo de lectura":"12 minutos"},"schema":{"@context":"https:\/\/schema.org","@graph":[{"@type":"Article","@id":"https:\/\/www.socialismoobarbarie.org\/?p=9364#article","isPartOf":{"@id":"https:\/\/www.socialismoobarbarie.org\/?p=9364"},"author":{"name":"SOB","@id":"https:\/\/www.socialismoobarbarie.org\/#\/schema\/person\/bc1c3b321d47ed092405949c77e35a8e"},"headline":"\u00c9 hora de barrar Temer e sua ofensiva reacion\u00e1ria","datePublished":"2017-03-09T02:48:59+00:00","dateModified":"2019-11-20T13:51:19+00:00","mainEntityOfPage":{"@id":"https:\/\/www.socialismoobarbarie.org\/?p=9364"},"wordCount":2466,"publisher":{"@id":"https:\/\/www.socialismoobarbarie.org\/#organization"},"image":{"@id":"https:\/\/www.socialismoobarbarie.org\/?p=9364#primaryimage"},"thumbnailUrl":"https:\/\/www.socialismoobarbarie.org\/wp-content\/uploads\/2017\/03\/fora-temer-e1489114389716.jpg","keywords":["Antonio Soler","Edicion 66"],"articleSection":["Portugu\u00eas"],"inLanguage":"es"},{"@type":"WebPage","@id":"https:\/\/www.socialismoobarbarie.org\/?p=9364","url":"https:\/\/www.socialismoobarbarie.org\/?p=9364","name":"\u00c9 hora de barrar Temer e sua ofensiva reacion\u00e1ria - Socialismo o Barbarie","isPartOf":{"@id":"https:\/\/www.socialismoobarbarie.org\/#website"},"primaryImageOfPage":{"@id":"https:\/\/www.socialismoobarbarie.org\/?p=9364#primaryimage"},"image":{"@id":"https:\/\/www.socialismoobarbarie.org\/?p=9364#primaryimage"},"thumbnailUrl":"https:\/\/www.socialismoobarbarie.org\/wp-content\/uploads\/2017\/03\/fora-temer-e1489114389716.jpg","datePublished":"2017-03-09T02:48:59+00:00","dateModified":"2019-11-20T13:51:19+00:00","breadcrumb":{"@id":"https:\/\/www.socialismoobarbarie.org\/?p=9364#breadcrumb"},"inLanguage":"es","potentialAction":[{"@type":"ReadAction","target":["https:\/\/www.socialismoobarbarie.org\/?p=9364"]}]},{"@type":"ImageObject","inLanguage":"es","@id":"https:\/\/www.socialismoobarbarie.org\/?p=9364#primaryimage","url":"https:\/\/www.socialismoobarbarie.org\/wp-content\/uploads\/2017\/03\/fora-temer-e1489114389716.jpg","contentUrl":"https:\/\/www.socialismoobarbarie.org\/wp-content\/uploads\/2017\/03\/fora-temer-e1489114389716.jpg","width":700,"height":414},{"@type":"BreadcrumbList","@id":"https:\/\/www.socialismoobarbarie.org\/?p=9364#breadcrumb","itemListElement":[{"@type":"ListItem","position":1,"name":"Portada","item":"https:\/\/www.socialismoobarbarie.org\/"},{"@type":"ListItem","position":2,"name":"\u00c9 hora de barrar Temer e sua ofensiva reacion\u00e1ria"}]},{"@type":"WebSite","@id":"https:\/\/www.socialismoobarbarie.org\/#website","url":"https:\/\/www.socialismoobarbarie.org\/","name":"Socialismo o Barbarie","description":"Sitio web de la corriente internacional Socialismo o Barbarie","publisher":{"@id":"https:\/\/www.socialismoobarbarie.org\/#organization"},"potentialAction":[{"@type":"SearchAction","target":{"@type":"EntryPoint","urlTemplate":"https:\/\/www.socialismoobarbarie.org\/?s={search_term_string}"},"query-input":{"@type":"PropertyValueSpecification","valueRequired":true,"valueName":"search_term_string"}}],"inLanguage":"es"},{"@type":"Organization","@id":"https:\/\/www.socialismoobarbarie.org\/#organization","name":"Socialismo o Barbarie","url":"https:\/\/www.socialismoobarbarie.org\/","logo":{"@type":"ImageObject","inLanguage":"es","@id":"https:\/\/www.socialismoobarbarie.org\/#\/schema\/logo\/image\/","url":"https:\/\/www.socialismoobarbarie.org\/wp-content\/uploads\/2025\/02\/soblogoweb-2025.png","contentUrl":"https:\/\/www.socialismoobarbarie.org\/wp-content\/uploads\/2025\/02\/soblogoweb-2025.png","width":450,"height":161,"caption":"Socialismo o Barbarie"},"image":{"@id":"https:\/\/www.socialismoobarbarie.org\/#\/schema\/logo\/image\/"}},{"@type":"Person","@id":"https:\/\/www.socialismoobarbarie.org\/#\/schema\/person\/bc1c3b321d47ed092405949c77e35a8e","name":"SOB","url":"https:\/\/www.socialismoobarbarie.org\/?author=8"}]}},"_links":{"self":[{"href":"https:\/\/www.socialismoobarbarie.org\/index.php?rest_route=\/wp\/v2\/posts\/9364","targetHints":{"allow":["GET"]}}],"collection":[{"href":"https:\/\/www.socialismoobarbarie.org\/index.php?rest_route=\/wp\/v2\/posts"}],"about":[{"href":"https:\/\/www.socialismoobarbarie.org\/index.php?rest_route=\/wp\/v2\/types\/post"}],"author":[{"embeddable":true,"href":"https:\/\/www.socialismoobarbarie.org\/index.php?rest_route=\/wp\/v2\/users\/8"}],"replies":[{"embeddable":true,"href":"https:\/\/www.socialismoobarbarie.org\/index.php?rest_route=%2Fwp%2Fv2%2Fcomments&post=9364"}],"version-history":[{"count":2,"href":"https:\/\/www.socialismoobarbarie.org\/index.php?rest_route=\/wp\/v2\/posts\/9364\/revisions"}],"predecessor-version":[{"id":9367,"href":"https:\/\/www.socialismoobarbarie.org\/index.php?rest_route=\/wp\/v2\/posts\/9364\/revisions\/9367"}],"wp:featuredmedia":[{"embeddable":true,"href":"https:\/\/www.socialismoobarbarie.org\/index.php?rest_route=\/wp\/v2\/media\/9365"}],"wp:attachment":[{"href":"https:\/\/www.socialismoobarbarie.org\/index.php?rest_route=%2Fwp%2Fv2%2Fmedia&parent=9364"}],"wp:term":[{"taxonomy":"category","embeddable":true,"href":"https:\/\/www.socialismoobarbarie.org\/index.php?rest_route=%2Fwp%2Fv2%2Fcategories&post=9364"},{"taxonomy":"post_tag","embeddable":true,"href":"https:\/\/www.socialismoobarbarie.org\/index.php?rest_route=%2Fwp%2Fv2%2Ftags&post=9364"}],"curies":[{"name":"wp","href":"https:\/\/api.w.org\/{rel}","templated":true}]}}