{"id":9386,"date":"2017-03-16T22:20:12","date_gmt":"2017-03-17T01:20:12","guid":{"rendered":"https:\/\/www.socialismoobarbarie.org\/?p=9386"},"modified":"2019-11-20T10:39:22","modified_gmt":"2019-11-20T13:39:22","slug":"europa-en-la-centrifugadora","status":"publish","type":"post","link":"https:\/\/www.socialismoobarbarie.org\/?p=9386","title":{"rendered":"Europa en la centrifugadora"},"content":{"rendered":"<p><strong>Bajo el signo del descontento<\/strong><\/p>\n<p>Desde principios de este a\u00f1o, el escenario mundial de las variadas crisis pol\u00edticas y geopol\u00edticas tiene su <strong>epicentro en los EEUU de Trump<\/strong>. Sin embargo, aunque eso sea de primordial importancia, <strong>tambi\u00e9n est\u00e1n pasando cosas <\/strong>en otras latitudes.<\/p>\n<p>En Am\u00e9rica Latina, las dos grandes experiencias de reacci\u00f3n neoliberal \u2013las de Temer en Brasil y la de Macri en Argentina\u2013 comienzan a <strong>enfrentar dificultades crecientes<\/strong>, aunque mucho m\u00e1s en el \u00faltimo caso. Pero simult\u00e1neamente la cat\u00e1strofe del chavismo se profundiza en Venezuela, alimentando las fuerzas de la derecha continental. Asimismo, la <strong>segunda vuelta de las presidenciales en Ecuador<\/strong> el 2 de abril ser\u00e1 reveladora de las tendencias presentes. M\u00e1s al norte, la abyecta sumisi\u00f3n del gobierno mexicano al amo de Washington ha puesto sordina en el conflicto con EEUU\u2026 pero esto puede acabar, en cuanto Trump pase a la acci\u00f3n con el muro, las deportaciones en masa y otras medidas anti-mexicanas que tiene en su agenda.<\/p>\n<p>En Medio Oriente, con el tel\u00f3n de fondo de la interminable guerra de Siria, el <strong>refer\u00e9ndum del 16 de abril en Turqu\u00eda<\/strong> es tambi\u00e9n otro hecho pol\u00edtico de trascendencia internacional. Mediante ese refer\u00e9ndum, Erdogan quiere <strong>legalizar su r\u00e9gimen presidencialista autoritario y represor<\/strong>, instaurado gracias el fracasado golpe del a\u00f1o pasado. Una secuela de este hecho pol\u00edtico, son los <strong>serios roces de Erdogan con los gobiernos de Alemania y Holanda<\/strong> al tratar de extender la campa\u00f1a electoral y la realizaci\u00f3n del plebiscito a las comunidades de origen turco que viven en esos pa\u00edses. Esto <strong>aviva el fuego<\/strong> de otra cuesti\u00f3n de fondo (y conflictiva) no resuelta: las relaciones de Turqu\u00eda y la Uni\u00f3n Europea. Al mismo tiempo, estimulada por Trump, que alienta la \u201climpieza \u00e9tnica\u201d del sionismo, <strong>vuelve al centro de la escena la cuesti\u00f3n palestina<\/strong>.<\/p>\n<p>El Asia-Pac\u00edfico, despu\u00e9s de la crisis de destituci\u00f3n presidencial en Corea de Sur, aparece como una regi\u00f3n m\u00e1s \u201ccalma\u201d. Pero esto puede ser enga\u00f1oso, tanto por las tensiones sociales y pol\u00edticas presentes en varios pa\u00edses, como porque a\u00fan Trump no ha desplegado medidas concretas de <strong>enfrentamiento a China<\/strong>.<\/p>\n<p>Por \u00faltimo, en Europa, <strong>se desarrollan y entrelazan varias crisis<\/strong>, con consecuencias potenciales muy serias. Aqu\u00ed veremos algunos aspectos de esa situaci\u00f3n.<\/p>\n<p><strong>A 60 a\u00f1os de la fundaci\u00f3n de la Uni\u00f3n Europea, un continente cada vez m\u00e1s agrietado<\/strong><\/p>\n<p>Sesenta a\u00f1os atr\u00e1s, el 25 de marzo de 1957, Alemania Federal, B\u00e9lgica, Francia, Holanda, Italia y Luxemburgo firmaron en la capital italiana los <strong>Tratados de Roma<\/strong>, que ser\u00edan el origen de la actual \u201cUni\u00f3n Europea\u201d[<sup>1<\/sup>].<\/p>\n<p>De seis miembros iniciales, la entidad europea lleg\u00f3 a incluir <strong>28 Estados<\/strong>. El Brexit, la ruptura brit\u00e1nica del a\u00f1o pasado, <strong>los baj\u00f3 a 27<\/strong>. Pero esta \u201cmarcha atr\u00e1s\u201d parece que no se detiene con en el Brexit.<\/p>\n<p>Hoy las grietas no pasan solamente por el Canal de la Mancha. Se extienden \u2013y se ampl\u00edan\u2013 a <strong>ambos lados<\/strong> del Canal. En la Uni\u00f3n Europea, se ha abierto un curso de crisis que <strong>esboza<\/strong> una <strong>partici\u00f3n por la mitad<\/strong>, en Europa <strong>occidental<\/strong> y <strong>oriental<\/strong>\u2026 un abismo de larga tradici\u00f3n hist\u00f3rica que evidentemente la UE ha sido incapaz de remontar.<\/p>\n<p>Por otro lado, en el Reino \u00bfUnido?, las cosas podr\u00edan ir en el mismo sentido. Escocia vuelve a ser candidata firme a la separaci\u00f3n. Pero tambi\u00e9n el fiel Ulster (Irlanda del Norte) podr\u00eda estar haciendo las valijas para marcharse.<\/p>\n<p>Por supuesto, mucho de eso est\u00e1 en esbozo, tanto en el continente como en las islas brit\u00e1nicas. Pero el s\u00f3lo hecho de que se hayan <strong>instalado como alternativas posibles<\/strong>, indica la profundidad de la crisis europea, y en primer lugar de la UE.<\/p>\n<p><strong>El Reino \u00bfUnido?&#8230; entre signos de interrogaci\u00f3n\u2026<\/strong><\/p>\n<p>En estos d\u00edas, la primera ministra brit\u00e1nica Theresa May logr\u00f3 finalmente el voto de la C\u00e1mara de los Comunes y de la C\u00e1mara de los Lores refrendando la decisi\u00f3n del refer\u00e9ndum de salida de la Uni\u00f3n Europea. A fines de este mes, la separaci\u00f3n comenzar\u00eda a ser \u201cactivada\u201d. Aunque habr\u00e1 negociaciones con la Uni\u00f3n Europea, lo que se prev\u00e9 es un <strong>Brexit \u201cduro\u201d<\/strong> y no un divorcio \u201camigable\u201d con la UE.<\/p>\n<p>Pero, simult\u00e1neamente, al inicio de la etapa final del Brexit, <strong>resurge la amenaza de ruptura <\/strong>del mismo Reino \u201cUnido\u201d. La primera ministra de Escocia, Nicola Sturgeon, proclama que Londres \u201cno ha tenido en cuenta las necesidades e intereses escoceses\u201d en la negociaci\u00f3n del Brexit. Por lo tanto, reclama un <strong>nuevo refer\u00e9ndum de separaci\u00f3n de Escocia del Reino Unido<\/strong>.<\/p>\n<p>El hecho es que la mayor\u00eda de los escoceses vot\u00f3 en contra del Brexit y a favor de seguir en la UE. Si ratificasen esto en un nuevo refer\u00e9ndum, el Reino \u201cUnido\u201d <strong>quedar\u00eda partido por el medio<\/strong>.<\/p>\n<p>Esto se agrava por un proceso relativamente inesperado en otro de sus componentes, el Ulster (Irlanda del Norte). Tradicionalmente, los \u201cunionistas\u201d \u2013el partido pro-brit\u00e1nico Democratic Unionist Party (DUP)\u2013 lograba amplia mayor\u00eda, garantizando la continuidad de la integraci\u00f3n en el Reino Unido.<\/p>\n<p>Pero las \u00faltimas elecciones realizadas el 3 de marzo pasado, dieron una <strong>gran sorpresa<\/strong>. El DUP probrit\u00e1nico se hundi\u00f3 y el Sinn Fein \u2013partidario de la ruptura con el Reino Unido y la uni\u00f3n con Irlanda\u2013 casi super\u00f3 al DUP. Por s\u00f3lo 1.000 votos sobre 800.000 no logr\u00f3 la mayor\u00eda en la Asamblea que gobierna el Ulster.<\/p>\n<p>Fue esencialmente un <strong>voto de protesta por el Brexit<\/strong>. Es que el Ulster hab\u00eda votado masivamente <strong>contra el Brexit<\/strong>. Esto borr\u00f3 parcialmente la delimitaci\u00f3n tradicional entre ciudadanos de origen irland\u00e9s que votan al Sinn Fein o brit\u00e1nicos que votan por el DUP.<\/p>\n<p>En conclusi\u00f3n: la unidad del Reino Unido <strong>est\u00e1 en cuesti\u00f3n<\/strong>\u2026 especialmente si con el Brexit <strong>se agrava la crisis social<\/strong> en vez de resolverla, como creyeron muchos.<\/p>\n<p><strong>La Uni\u00f3n Europea\u2026 \u00bfuna \u201ccrisis existencial\u201d?<\/strong><\/p>\n<p>Si \u00e9se es el panorama en la \u201ctriunfante\u201d Gran Breta\u00f1a del Brexit, la cosas no pintan mejor en continente y la Uni\u00f3n Europea.<\/p>\n<p>Un a\u00f1o atr\u00e1s, poco despu\u00e9s del Brexit, uno de los aut\u00f3cratas de la UE, el presidente de la Comisi\u00f3n Europea, Jean Claude Juncker, hab\u00eda diagnosticado que la Uni\u00f3n Europea sufr\u00eda una <strong>\u201ccrisis existencial\u201d<\/strong>. Desde entonces, este diagn\u00f3stico se ha vuelto un lugar com\u00fan.<\/p>\n<p>Por supuesto, es charlataner\u00eda aplicar categor\u00edas \u201cpsicol\u00f3gicas\u201d a una realidad que no lo es. No estamos frente a una \u201cneurosis\u201d que inexplicable haya contagiado a un continente.<\/p>\n<p>Efectivamente, la \u201cexistencia\u201d de la UE est\u00e1 en veremos. La Uni\u00f3n Europea <strong>se ve cada vez m\u00e1s cuestionada<\/strong>, porque bajo su imperio los pueblos del continente <strong>est\u00e1n cada vez peor<\/strong>, especialmente los trabajadores. Adem\u00e1s, esto <strong>se cruza<\/strong> con <strong>los intereses no siempre id\u00e9nticos <\/strong>de los 27 Estados restantes en la UE, y sus respectivas burgues\u00edas. Y la crisis econ\u00f3mica que se prolonga hace m\u00e1s tensas las contradicciones.<\/p>\n<p>Poco despu\u00e9s del Brexit, esto se expres\u00f3 por arriba en la <strong>Cumbre de la UE<\/strong> realizada en <strong>Bratislava<\/strong> en julio del a\u00f1o pasado. All\u00ed fue imposible votar nada importante. De esa manera \u2013no decidir nada\u2013 se logr\u00f3 mantener la \u201cunidad\u201d, aunque con fuertes protestas del entonces primer ministro italiano Mateo Renzi.[<sup>2<\/sup>]<\/p>\n<p>Ahora, en Bruselas, el 9 y 10 de marzo, volvieron a reunirse los 27 pa\u00edses que restan en la Uni\u00f3n Europea. Pero all\u00ed, a diferencia de Bratislava, las votaciones fueron <strong>motivo de duros enfrentamientos<\/strong>.<\/p>\n<p>Los \u201cpatrones\u201d de la UE, a saber <strong>Alemania<\/strong> y <strong>Francia<\/strong>, formaron previamente con <strong>Italia<\/strong> y <strong>Espa\u00f1a<\/strong> un \u201ccuarteto\u201d para <strong>\u201cdisciplinar\u201d al resto e imponer<\/strong> \u2013quieras que no\u2013 <strong>una \u201creorganizaci\u00f3n\u201d<\/strong> global, que establece miembros de primera, segunda o tercera categor\u00eda\u2026<\/p>\n<p>En una reuni\u00f3n previa realizada de ese cuarteto en Versalles, se tir\u00f3 abiertamente al tacho de basura el mito de la <strong>igualdad entre Estados miembros<\/strong>. En reemplazo de esa f\u00e1bula \u2013ya desmentida por hechos como el martirio de Grecia\u2013, se estableci\u00f3 el proyecto de la <strong>\u201cEuropa a varias velocidades\u201d<\/strong>.<\/p>\n<p>Habr\u00eda un \u201cn\u00facleo duro\u201d \u2013encabezado por esos cuatros Estados y secundados por otros pa\u00edses ricos de Occidente como Holanda, B\u00e9lgica, Luxemburgo, etc.\u2013 que tomar\u00edan mayores \u201ccompromisos\u201d de planes neoliberales\u2026 y por lo tanto mandar\u00edan en la UE. Y, detr\u00e1s de ellos, marchar\u00eda disciplinada la plebe de Europa oriental.<\/p>\n<p>Esto desat\u00f3 duros enfrentamientos entre el \u201cn\u00facleo duro\u201d y varias delegaciones del Este europeo, encabezadas por Polonia.<\/p>\n<p>La primera ministra polaca, Beata Szydlo, lo rechaz\u00f3 as\u00ed rotundamente: \u201c\u00abNo lo aceptaremos jam\u00e1s. La diferencia de velocidades abrir\u00eda la puerta a construir clubes de \u00e9lites y a dividir la Uni\u00f3n Europea\u00bb, denunci\u00f3. Temerosos de que este concepto sirva para castigar a Estados que desaf\u00edan a la mayor\u00eda, los socios del Este se oponen con fuerza a las velocidades m\u00faltiples. La gobernante polaca interpreta el debate como un intento de los miembros \u2018pata negra\u2019 de la UE de \u00abimponer soluciones\u00bb a los \u00faltimos en sumarse al proyecto. Con m\u00e1s o menos matices, esta visi\u00f3n es compartida por todo el bloque del Este\u2026\u201d[<sup>3<\/sup>] Esta confrontaci\u00f3n se prolong\u00f3 en el tema de la reelecci\u00f3n del polaco Donald Tusk en la Comisi\u00f3n Europea. La delegaci\u00f3n de su propio pa\u00eds lo rechaz\u00f3, por considerarlo un t\u00edtere de Berl\u00edn.<\/p>\n<p>Las fracturas en la UE se expresan asimismo en la \u201cactivaci\u00f3n\u201d de <strong>bloques y grupos regionales<\/strong> con pol\u00edticas y din\u00e1micas propias. En Oriente, el grupo de Visegrad (formado por Polonia, Hungr\u00eda, Rep\u00fablica Checa y Eslovaquia), en Occidente, se ha reactivado el tradicional Benelux (B\u00e9lgica, Pa\u00edses Bajos y Luxemburgo).<\/p>\n<p><strong>Aprovechar esta crisis para combatir a la Uni\u00f3n de los explotadores europeos<\/strong><\/p>\n<p>Europa y sus instituciones est\u00e1n viviendo una crisis de m\u00faltiples y desiguales aspectos. Las <strong>bases econ\u00f3micas<\/strong> de esta crisis se asientan en el <strong>ciclo de estancamiento<\/strong> que se inicia \u2013o, m\u00e1s correctamente, se profundiza\u2013 desde la crisis del 2008, y que ha golpeado particularmente all\u00ed.<\/p>\n<p>Sus <strong>bases sociales<\/strong> est\u00e1n centralmente en el <strong>inmenso y justificado descontento<\/strong> de los pueblos europeos, en un escenario en que la Uni\u00f3n Europea y sus anexos (eurozona, BCE, etc.) han sido el principal instrumento del gran capital para <strong>hacerle pagar a los trabajadores y las masas populares<\/strong> los costos de la crisis.<\/p>\n<p>Y es una crisis que <strong>no tiene final a la vista<\/strong>, pese a los recientes comunicados triunfalistas que festejan\u2026 un \u201cfabuloso\u201d <strong>1,5%<\/strong> de crecimiento!!! Sobre esta farsa estad\u00edstica (que se repite anualmente) un periodista comenta: \u201cA lo largo de los a\u00f1os, el crecimiento econ\u00f3mico de la eurozona ha sido un poco como el canto de las sirenas en la <em>Odisea<\/em>, de Homero: una canci\u00f3n llena de promesas que termina conduciendo hacia las rocas\u201d[<sup>4<\/sup>].<\/p>\n<p>El descontento y deslegitimaci\u00f3n de la Uni\u00f3n Europea no obedecen s\u00f3lo a la crisis, sino tambi\u00e9n a c\u00f3mo se la maneja desde las cumbres de Bruselas. Esta funciona como una <strong>autocracia elegida por nadie<\/strong>, que <strong>decide lo que se le da la gana<\/strong>, por encima y en contra de la opini\u00f3n y los intereses de los distintos pueblos que componen la UE.<\/p>\n<p>Un ejemplo reciente ha sido el \u201cAcuerdo de Libre Comercio con Canad\u00e1\u201d. La inmensa mayor\u00eda de la opini\u00f3n p\u00fablica europea estaba en contra. Las manifestaciones de repudio fueron enormes. Y en los lugares donde se someti\u00f3 a refer\u00e9ndum el rechazo fue aplastante, como en Valonia\u2026 Pero a los emperadores de Bruselas esto les import\u00f3 un pito\u2026 y firmaron el Tratado con Canad\u00e1.<\/p>\n<p>Este mecanismo facilita, adem\u00e1s, a los gobiernos nacionales c\u00f3mplices \u201clavarse las manos\u201d al aplicar las medidas de \u201causteridad\u201d m\u00e1s sanguinarias. \u201c\u00a1No se puede hacer nada!, porque fue decidido por la Comisi\u00f3n Europea, el BCE, etc.\u201d Esa es, por ejemplo, la eterna disculpa que utiliza el traidor Tsipras, para continuar con el genocidio que la Uni\u00f3n Europea ha decretado en Grecia.<\/p>\n<p>La Uni\u00f3n Europea <strong>no es \u201creformable\u201d<\/strong>. Ese mito, que estuvo detr\u00e1s de la tragedia de Grecia con la capitulaci\u00f3n de Syriza, ha tenido graves consecuencias a escala europea. Ha paralizado la lucha consecuente contra ese enemigo mortal y lubricado las peores traiciones, como la de Tsipras y Syriza.<\/p>\n<p>En Grecia, esto llev\u00f3 a una <strong>derrota de consecuencias continentales<\/strong>. Su traici\u00f3n, y la desmoralizaci\u00f3n que provoc\u00f3 en toda Europa, dej\u00f3 casi totalmente en manos de la extrema derecha (como el Front National franc\u00e9s o en Holanda el Partij voor de Vrijheid de Geert Wilders) la denuncia de la Uni\u00f3n Europea. No s\u00f3lo les permiti\u00f3 ganar fuerzas, sino que su \u201cenfrentamiento\u201d en el fondo fortalece a los can\u00edbales de Bruselas: permite a los genocidas del pueblo griego presentarse como \u201cdemocr\u00e1ticos\u201d.<\/p>\n<p>Hay que remontar esta situaci\u00f3n impulsando las luchas obreras y populares en toda Europa. Pero tambi\u00e9n, en cada una de ellas, es necesario marcar a fuego, sin concesi\u00f3n alguna, a los hambreadores de la UE, a los genocidas de Bruselas.<\/p>\n<p>La uni\u00f3n de los pueblos europeos no se lograr\u00e1 por medio de ese engendro del capital financiero. Por el contrario, hoy es un factor creciente de divisi\u00f3n, opresi\u00f3n y explotaci\u00f3n. S\u00f3lo una federaci\u00f3n socialista y de los trabajadores de Europa, podr\u00e1 construir una uni\u00f3n de los pueblos del continente sin explotadores ni explotados.<\/p>\n<p>\u2026\u2026\u2026\u2026\u2026\u2026\u2026\u2026\u2026\u2026\u2026\u2026\u2026<\/p>\n<p>1.- Su nombre inicial fue el de \u201cComunidad Econ\u00f3mica Europea (CEE)\u201d. Simult\u00e1neamente se establecieron la Comunidad Europea de la Energ\u00eda At\u00f3mica (CEEA o Euratom) y la Comunidad Europea del Carb\u00f3n y del Acero (CECA). La Uni\u00f3n Europea<\/p>\n<p>2.- Ver \u201cMerkel en el ojo del hurac\u00e1n que azota la UE\u201d, SoB n\u00ba 398, <a href=\"https:\/\/www.socialismoobarbarie.org\/?p=8656\">https:\/\/www.socialismoobarbarie.org\/?p=8656<\/a><\/p>\n<p>3.- Luc\u00eda Abell\u00e1n, \u201cPolonia encabeza el rechazo a la Europa con varias velocidades\u201d, <em>El Pa\u00eds<\/em>, 10\/03\/2017.<\/p>\n<p>4.- Jeremy Gaunt, \u00abEurozona, los giros pol\u00edticos hacen temblar todo\u00bb, <em>Agencia Reuters<\/em>, 27\/02\/2017.<\/p>\n","protected":false},"excerpt":{"rendered":"<p>Bajo el signo del descontento Desde principios de este a\u00f1o, el escenario mundial de las variadas crisis pol\u00edticas y geopol\u00edticas tiene su epicentro en los EEUU de Trump. Sin embargo, aunque eso sea de primordial importancia, tambi\u00e9n est\u00e1n pasando cosas en otras latitudes. En Am\u00e9rica Latina, las dos grandes experiencias de reacci\u00f3n neoliberal \u2013las de [&hellip;]<\/p>\n","protected":false},"author":8,"featured_media":9387,"comment_status":"closed","ping_status":"closed","sticky":false,"template":"","format":"standard","meta":{"footnotes":""},"categories":[1690],"tags":[165,1630],"class_list":{"0":"post-9386","1":"post","2":"type-post","3":"status-publish","4":"format-standard","5":"has-post-thumbnail","7":"category-europa","8":"tag-claudio-testa","9":"tag-edicion-67"},"yoast_head":"<!-- This site is optimized with the Yoast SEO plugin v27.4 - https:\/\/yoast.com\/product\/yoast-seo-wordpress\/ -->\n<title>Europa en la centrifugadora - Socialismo o Barbarie<\/title>\n<meta name=\"robots\" content=\"index, follow, max-snippet:-1, max-image-preview:large, max-video-preview:-1\" \/>\n<link rel=\"canonical\" href=\"https:\/\/www.socialismoobarbarie.org\/?p=9386\" \/>\n<meta property=\"og:locale\" content=\"es_ES\" \/>\n<meta property=\"og:type\" content=\"article\" \/>\n<meta property=\"og:title\" content=\"Europa en la centrifugadora - Socialismo o Barbarie\" \/>\n<meta property=\"og:description\" content=\"Bajo el signo del descontento Desde principios de este a\u00f1o, el escenario mundial de las variadas crisis pol\u00edticas y geopol\u00edticas tiene su epicentro en los EEUU de Trump. Sin embargo, aunque eso sea de primordial importancia, tambi\u00e9n est\u00e1n pasando cosas en otras latitudes. En Am\u00e9rica Latina, las dos grandes experiencias de reacci\u00f3n neoliberal \u2013las de [&hellip;]\" \/>\n<meta property=\"og:url\" content=\"https:\/\/www.socialismoobarbarie.org\/?p=9386\" \/>\n<meta property=\"og:site_name\" content=\"Socialismo o Barbarie\" \/>\n<meta property=\"article:published_time\" content=\"2017-03-17T01:20:12+00:00\" \/>\n<meta property=\"article:modified_time\" content=\"2019-11-20T13:39:22+00:00\" \/>\n<meta property=\"og:image\" content=\"https:\/\/www.socialismoobarbarie.org\/wp-content\/uploads\/2017\/03\/europaresquebraja.jpg\" \/>\n\t<meta property=\"og:image:width\" content=\"400\" \/>\n\t<meta property=\"og:image:height\" content=\"300\" \/>\n\t<meta property=\"og:image:type\" content=\"image\/jpeg\" \/>\n<meta name=\"author\" content=\"SOB\" \/>\n<meta name=\"twitter:card\" content=\"summary_large_image\" \/>\n<meta name=\"twitter:label1\" content=\"Escrito por\" \/>\n\t<meta name=\"twitter:data1\" content=\"SOB\" \/>\n\t<meta name=\"twitter:label2\" content=\"Tiempo de lectura\" \/>\n\t<meta name=\"twitter:data2\" content=\"12 minutos\" \/>\n<script type=\"application\/ld+json\" class=\"yoast-schema-graph\">{\"@context\":\"https:\\\/\\\/schema.org\",\"@graph\":[{\"@type\":\"Article\",\"@id\":\"https:\\\/\\\/www.socialismoobarbarie.org\\\/?p=9386#article\",\"isPartOf\":{\"@id\":\"https:\\\/\\\/www.socialismoobarbarie.org\\\/?p=9386\"},\"author\":{\"name\":\"SOB\",\"@id\":\"https:\\\/\\\/www.socialismoobarbarie.org\\\/#\\\/schema\\\/person\\\/bc1c3b321d47ed092405949c77e35a8e\"},\"headline\":\"Europa en la centrifugadora\",\"datePublished\":\"2017-03-17T01:20:12+00:00\",\"dateModified\":\"2019-11-20T13:39:22+00:00\",\"mainEntityOfPage\":{\"@id\":\"https:\\\/\\\/www.socialismoobarbarie.org\\\/?p=9386\"},\"wordCount\":2393,\"publisher\":{\"@id\":\"https:\\\/\\\/www.socialismoobarbarie.org\\\/#organization\"},\"image\":{\"@id\":\"https:\\\/\\\/www.socialismoobarbarie.org\\\/?p=9386#primaryimage\"},\"thumbnailUrl\":\"https:\\\/\\\/www.socialismoobarbarie.org\\\/wp-content\\\/uploads\\\/2017\\\/03\\\/europaresquebraja.jpg\",\"keywords\":[\"Claudio Testa\",\"Edicion 67\"],\"articleSection\":[\"Europa\"],\"inLanguage\":\"es\"},{\"@type\":\"WebPage\",\"@id\":\"https:\\\/\\\/www.socialismoobarbarie.org\\\/?p=9386\",\"url\":\"https:\\\/\\\/www.socialismoobarbarie.org\\\/?p=9386\",\"name\":\"Europa en la centrifugadora - Socialismo o Barbarie\",\"isPartOf\":{\"@id\":\"https:\\\/\\\/www.socialismoobarbarie.org\\\/#website\"},\"primaryImageOfPage\":{\"@id\":\"https:\\\/\\\/www.socialismoobarbarie.org\\\/?p=9386#primaryimage\"},\"image\":{\"@id\":\"https:\\\/\\\/www.socialismoobarbarie.org\\\/?p=9386#primaryimage\"},\"thumbnailUrl\":\"https:\\\/\\\/www.socialismoobarbarie.org\\\/wp-content\\\/uploads\\\/2017\\\/03\\\/europaresquebraja.jpg\",\"datePublished\":\"2017-03-17T01:20:12+00:00\",\"dateModified\":\"2019-11-20T13:39:22+00:00\",\"breadcrumb\":{\"@id\":\"https:\\\/\\\/www.socialismoobarbarie.org\\\/?p=9386#breadcrumb\"},\"inLanguage\":\"es\",\"potentialAction\":[{\"@type\":\"ReadAction\",\"target\":[\"https:\\\/\\\/www.socialismoobarbarie.org\\\/?p=9386\"]}]},{\"@type\":\"ImageObject\",\"inLanguage\":\"es\",\"@id\":\"https:\\\/\\\/www.socialismoobarbarie.org\\\/?p=9386#primaryimage\",\"url\":\"https:\\\/\\\/www.socialismoobarbarie.org\\\/wp-content\\\/uploads\\\/2017\\\/03\\\/europaresquebraja.jpg\",\"contentUrl\":\"https:\\\/\\\/www.socialismoobarbarie.org\\\/wp-content\\\/uploads\\\/2017\\\/03\\\/europaresquebraja.jpg\",\"width\":400,\"height\":300},{\"@type\":\"BreadcrumbList\",\"@id\":\"https:\\\/\\\/www.socialismoobarbarie.org\\\/?p=9386#breadcrumb\",\"itemListElement\":[{\"@type\":\"ListItem\",\"position\":1,\"name\":\"Portada\",\"item\":\"https:\\\/\\\/www.socialismoobarbarie.org\\\/\"},{\"@type\":\"ListItem\",\"position\":2,\"name\":\"Europa en la centrifugadora\"}]},{\"@type\":\"WebSite\",\"@id\":\"https:\\\/\\\/www.socialismoobarbarie.org\\\/#website\",\"url\":\"https:\\\/\\\/www.socialismoobarbarie.org\\\/\",\"name\":\"Socialismo o Barbarie\",\"description\":\"Sitio web de la corriente internacional Socialismo o Barbarie\",\"publisher\":{\"@id\":\"https:\\\/\\\/www.socialismoobarbarie.org\\\/#organization\"},\"potentialAction\":[{\"@type\":\"SearchAction\",\"target\":{\"@type\":\"EntryPoint\",\"urlTemplate\":\"https:\\\/\\\/www.socialismoobarbarie.org\\\/?s={search_term_string}\"},\"query-input\":{\"@type\":\"PropertyValueSpecification\",\"valueRequired\":true,\"valueName\":\"search_term_string\"}}],\"inLanguage\":\"es\"},{\"@type\":\"Organization\",\"@id\":\"https:\\\/\\\/www.socialismoobarbarie.org\\\/#organization\",\"name\":\"Socialismo o Barbarie\",\"url\":\"https:\\\/\\\/www.socialismoobarbarie.org\\\/\",\"logo\":{\"@type\":\"ImageObject\",\"inLanguage\":\"es\",\"@id\":\"https:\\\/\\\/www.socialismoobarbarie.org\\\/#\\\/schema\\\/logo\\\/image\\\/\",\"url\":\"https:\\\/\\\/www.socialismoobarbarie.org\\\/wp-content\\\/uploads\\\/2025\\\/02\\\/soblogoweb-2025.png\",\"contentUrl\":\"https:\\\/\\\/www.socialismoobarbarie.org\\\/wp-content\\\/uploads\\\/2025\\\/02\\\/soblogoweb-2025.png\",\"width\":450,\"height\":161,\"caption\":\"Socialismo o Barbarie\"},\"image\":{\"@id\":\"https:\\\/\\\/www.socialismoobarbarie.org\\\/#\\\/schema\\\/logo\\\/image\\\/\"}},{\"@type\":\"Person\",\"@id\":\"https:\\\/\\\/www.socialismoobarbarie.org\\\/#\\\/schema\\\/person\\\/bc1c3b321d47ed092405949c77e35a8e\",\"name\":\"SOB\",\"url\":\"https:\\\/\\\/www.socialismoobarbarie.org\\\/?author=8\"}]}<\/script>\n<!-- \/ Yoast SEO plugin. -->","yoast_head_json":{"title":"Europa en la centrifugadora - Socialismo o Barbarie","robots":{"index":"index","follow":"follow","max-snippet":"max-snippet:-1","max-image-preview":"max-image-preview:large","max-video-preview":"max-video-preview:-1"},"canonical":"https:\/\/www.socialismoobarbarie.org\/?p=9386","og_locale":"es_ES","og_type":"article","og_title":"Europa en la centrifugadora - Socialismo o Barbarie","og_description":"Bajo el signo del descontento Desde principios de este a\u00f1o, el escenario mundial de las variadas crisis pol\u00edticas y geopol\u00edticas tiene su epicentro en los EEUU de Trump. Sin embargo, aunque eso sea de primordial importancia, tambi\u00e9n est\u00e1n pasando cosas en otras latitudes. En Am\u00e9rica Latina, las dos grandes experiencias de reacci\u00f3n neoliberal \u2013las de [&hellip;]","og_url":"https:\/\/www.socialismoobarbarie.org\/?p=9386","og_site_name":"Socialismo o Barbarie","article_published_time":"2017-03-17T01:20:12+00:00","article_modified_time":"2019-11-20T13:39:22+00:00","og_image":[{"width":400,"height":300,"url":"https:\/\/www.socialismoobarbarie.org\/wp-content\/uploads\/2017\/03\/europaresquebraja.jpg","type":"image\/jpeg"}],"author":"SOB","twitter_card":"summary_large_image","twitter_misc":{"Escrito por":"SOB","Tiempo de lectura":"12 minutos"},"schema":{"@context":"https:\/\/schema.org","@graph":[{"@type":"Article","@id":"https:\/\/www.socialismoobarbarie.org\/?p=9386#article","isPartOf":{"@id":"https:\/\/www.socialismoobarbarie.org\/?p=9386"},"author":{"name":"SOB","@id":"https:\/\/www.socialismoobarbarie.org\/#\/schema\/person\/bc1c3b321d47ed092405949c77e35a8e"},"headline":"Europa en la centrifugadora","datePublished":"2017-03-17T01:20:12+00:00","dateModified":"2019-11-20T13:39:22+00:00","mainEntityOfPage":{"@id":"https:\/\/www.socialismoobarbarie.org\/?p=9386"},"wordCount":2393,"publisher":{"@id":"https:\/\/www.socialismoobarbarie.org\/#organization"},"image":{"@id":"https:\/\/www.socialismoobarbarie.org\/?p=9386#primaryimage"},"thumbnailUrl":"https:\/\/www.socialismoobarbarie.org\/wp-content\/uploads\/2017\/03\/europaresquebraja.jpg","keywords":["Claudio Testa","Edicion 67"],"articleSection":["Europa"],"inLanguage":"es"},{"@type":"WebPage","@id":"https:\/\/www.socialismoobarbarie.org\/?p=9386","url":"https:\/\/www.socialismoobarbarie.org\/?p=9386","name":"Europa en la centrifugadora - Socialismo o Barbarie","isPartOf":{"@id":"https:\/\/www.socialismoobarbarie.org\/#website"},"primaryImageOfPage":{"@id":"https:\/\/www.socialismoobarbarie.org\/?p=9386#primaryimage"},"image":{"@id":"https:\/\/www.socialismoobarbarie.org\/?p=9386#primaryimage"},"thumbnailUrl":"https:\/\/www.socialismoobarbarie.org\/wp-content\/uploads\/2017\/03\/europaresquebraja.jpg","datePublished":"2017-03-17T01:20:12+00:00","dateModified":"2019-11-20T13:39:22+00:00","breadcrumb":{"@id":"https:\/\/www.socialismoobarbarie.org\/?p=9386#breadcrumb"},"inLanguage":"es","potentialAction":[{"@type":"ReadAction","target":["https:\/\/www.socialismoobarbarie.org\/?p=9386"]}]},{"@type":"ImageObject","inLanguage":"es","@id":"https:\/\/www.socialismoobarbarie.org\/?p=9386#primaryimage","url":"https:\/\/www.socialismoobarbarie.org\/wp-content\/uploads\/2017\/03\/europaresquebraja.jpg","contentUrl":"https:\/\/www.socialismoobarbarie.org\/wp-content\/uploads\/2017\/03\/europaresquebraja.jpg","width":400,"height":300},{"@type":"BreadcrumbList","@id":"https:\/\/www.socialismoobarbarie.org\/?p=9386#breadcrumb","itemListElement":[{"@type":"ListItem","position":1,"name":"Portada","item":"https:\/\/www.socialismoobarbarie.org\/"},{"@type":"ListItem","position":2,"name":"Europa en la centrifugadora"}]},{"@type":"WebSite","@id":"https:\/\/www.socialismoobarbarie.org\/#website","url":"https:\/\/www.socialismoobarbarie.org\/","name":"Socialismo o Barbarie","description":"Sitio web de la corriente internacional Socialismo o Barbarie","publisher":{"@id":"https:\/\/www.socialismoobarbarie.org\/#organization"},"potentialAction":[{"@type":"SearchAction","target":{"@type":"EntryPoint","urlTemplate":"https:\/\/www.socialismoobarbarie.org\/?s={search_term_string}"},"query-input":{"@type":"PropertyValueSpecification","valueRequired":true,"valueName":"search_term_string"}}],"inLanguage":"es"},{"@type":"Organization","@id":"https:\/\/www.socialismoobarbarie.org\/#organization","name":"Socialismo o Barbarie","url":"https:\/\/www.socialismoobarbarie.org\/","logo":{"@type":"ImageObject","inLanguage":"es","@id":"https:\/\/www.socialismoobarbarie.org\/#\/schema\/logo\/image\/","url":"https:\/\/www.socialismoobarbarie.org\/wp-content\/uploads\/2025\/02\/soblogoweb-2025.png","contentUrl":"https:\/\/www.socialismoobarbarie.org\/wp-content\/uploads\/2025\/02\/soblogoweb-2025.png","width":450,"height":161,"caption":"Socialismo o Barbarie"},"image":{"@id":"https:\/\/www.socialismoobarbarie.org\/#\/schema\/logo\/image\/"}},{"@type":"Person","@id":"https:\/\/www.socialismoobarbarie.org\/#\/schema\/person\/bc1c3b321d47ed092405949c77e35a8e","name":"SOB","url":"https:\/\/www.socialismoobarbarie.org\/?author=8"}]}},"_links":{"self":[{"href":"https:\/\/www.socialismoobarbarie.org\/index.php?rest_route=\/wp\/v2\/posts\/9386","targetHints":{"allow":["GET"]}}],"collection":[{"href":"https:\/\/www.socialismoobarbarie.org\/index.php?rest_route=\/wp\/v2\/posts"}],"about":[{"href":"https:\/\/www.socialismoobarbarie.org\/index.php?rest_route=\/wp\/v2\/types\/post"}],"author":[{"embeddable":true,"href":"https:\/\/www.socialismoobarbarie.org\/index.php?rest_route=\/wp\/v2\/users\/8"}],"replies":[{"embeddable":true,"href":"https:\/\/www.socialismoobarbarie.org\/index.php?rest_route=%2Fwp%2Fv2%2Fcomments&post=9386"}],"version-history":[{"count":1,"href":"https:\/\/www.socialismoobarbarie.org\/index.php?rest_route=\/wp\/v2\/posts\/9386\/revisions"}],"predecessor-version":[{"id":9388,"href":"https:\/\/www.socialismoobarbarie.org\/index.php?rest_route=\/wp\/v2\/posts\/9386\/revisions\/9388"}],"wp:featuredmedia":[{"embeddable":true,"href":"https:\/\/www.socialismoobarbarie.org\/index.php?rest_route=\/wp\/v2\/media\/9387"}],"wp:attachment":[{"href":"https:\/\/www.socialismoobarbarie.org\/index.php?rest_route=%2Fwp%2Fv2%2Fmedia&parent=9386"}],"wp:term":[{"taxonomy":"category","embeddable":true,"href":"https:\/\/www.socialismoobarbarie.org\/index.php?rest_route=%2Fwp%2Fv2%2Fcategories&post=9386"},{"taxonomy":"post_tag","embeddable":true,"href":"https:\/\/www.socialismoobarbarie.org\/index.php?rest_route=%2Fwp%2Fv2%2Ftags&post=9386"}],"curies":[{"name":"wp","href":"https:\/\/api.w.org\/{rel}","templated":true}]}}