{"id":9419,"date":"2017-03-23T20:01:27","date_gmt":"2017-03-23T23:01:27","guid":{"rendered":"https:\/\/www.socialismoobarbarie.org\/?p=9419"},"modified":"2019-11-19T23:07:20","modified_gmt":"2019-11-20T02:07:20","slug":"historica-movilizacion-docente-a-plaza-de-mayo-macri-en-su-peor-momento","status":"publish","type":"post","link":"https:\/\/www.socialismoobarbarie.org\/?p=9419","title":{"rendered":"Hist\u00f3rica movilizaci\u00f3n docente a Plaza de Mayo &#8211; Macri en su peor momento"},"content":{"rendered":"<p><strong><em>\u201cLa mitad de los chicos que hoy comienza la escuela p\u00fablica en alg\u00fan lugar de la Argentina, no termina (\u2026) Cuatro de cada 10 del primario (\u2026) no comprende textos y en la escuela privada son 2 de cada 10. Marca otro problema de fondo, la terrible inequidad entre los que pueden ir a escuela privada y aquel que tiene que caer en la escuela p\u00fablica.<\/em><\/strong> (Mauricio Macri)<\/p>\n<p>Los docentes de todo el pa\u00eds acaban de concretar una marcha multitudinaria a Plaza de Mayo, la mayor que le ha tocado en su propia casa a Macri desde el inicio de su gesti\u00f3n.<\/p>\n<p>Con esta movilizaci\u00f3n ya son cuatro las jornadas hist\u00f3ricas que jalonan este mes de marzo, y se viene la seguramente tambi\u00e9n multitudinaria movilizaci\u00f3n del 24 de Marzo en el 41\u00b0 aniversario del golpe militar, y el paro general del 6 de abril.<\/p>\n<p>\u00bfCu\u00e1l es la significaci\u00f3n profunda de estas jornadas? La ruptura de un sector de las masas con Macri. Como dec\u00edamos en nuestro editorial anterior, las \u201cfichas\u201d les est\u00e1n cayendo todas juntas a cientos de miles de docentes y de trabajadores en general, <strong>que est\u00e1n rompiendo pol\u00edticamente con el gobierno al comprender su verdadera naturaleza patronal <\/strong>(antipopular): que lo repudian en todos los idiomas, que no se lo aguantan m\u00e1s y al que a muchos les gustar\u00eda verlo irse en helic\u00f3ptero&#8230;<\/p>\n<p>Esto no quiere decir que la pelea de los maestros (caso testigo de la coyuntura) sea sencilla. A pesar del car\u00e1cter multitudinario de estas jornadas, el gobierno sigue firme en su orientaci\u00f3n de quebrar la lucha de los docentes: hasta el momento no ha esbozado una sola concesi\u00f3n. Cuenta para esto con el apoyo de lo m\u00e1s granado de la patronal (que lo azuza a llevar delante \u201clas reformas pendientes\u201d) y de un sector de las clases medias altas que le hacen plaf\u00f3n a su discurso reaccionario contra la educaci\u00f3n p\u00fablica<a href=\"#_ftn1\" name=\"_ftnref1\">[1]<\/a>.<\/p>\n<p>Adem\u00e1s, por ahora el conflicto no ha desbordado a las direcciones tradicionales. A pesar de la \u201cpirotecnia verbal\u201d entre Macri y la Celeste (sobre todo la campa\u00f1a de desprestigio de Baradel), todo el mundo sabe que CTERA y SUTEBA son una garant\u00eda de que las cosas no se \u201csalgan de madre\u201d (sobradas pruebas han dado de su rol traidor a lo largo de los a\u00f1os); de ah\u00ed que por lo bajo se est\u00e9 hablando de una posible \u201ctregua\u201d hasta comienzos de abril; <strong>maniobra burocr\u00e1tica (esa o cualquier otra) que es el mayor peligro que deber\u00e1 enfrentar la base docente a partir de ahora. <\/strong><\/p>\n<p>Simult\u00e1neamente, est\u00e1 el hecho que si la CGT se vio obligada a convocar al paro general, lo hizo reci\u00e9n para que el 6 de abril (es decir, intentando evitar que confluya con la hist\u00f3rica lucha docente) y con una modalidad pasiva, dominguera: no vaya a ser que se vea nuevamente desbordada como el 7 de marzo.<\/p>\n<p>As\u00ed las cosas, marzo est\u00e1 marcando una pulseada dur\u00edsima para las perspectivas del gobierno macrista; pulseada en la cual seguimos inmersos y cuyo final est\u00e1 <strong>abierto<\/strong>. Pero eso s\u00ed: <strong>es un hecho que amplios sectores de las masas han roto con el gobierno y dif\u00edcilmente vuelvan a \u00e9l.<\/strong><\/p>\n<p>No se ven por ning\u00fan lado bases materiales para esto: la inflaci\u00f3n volvi\u00f3 a escalar y la econom\u00eda no se recupera; todo el mundo siente que las promesas de \u201cfelicidad\u201d de Macri fueron una estafa y muchos de los que lo votaron piensan ahora que hicieron una tonter\u00eda.<\/p>\n<p><strong>Los docentes llegan a la Plaza<\/strong><\/p>\n<p>Cuesta recordar una movilizaci\u00f3n docente de semejante magnitud. Lo que se neg\u00f3 a hacer la CGT, <strong>lo hicieron los maestros<\/strong>. Posiblemente haya que remontarse al <em>Maestrazo<\/em> de 1988 para encontrar una jornada similar; esto sin olvidarnos que dicho conflicto alcanz\u00f3 un grado de radicalidad y desborde incomparable con el que se aprecia hasta el momento.<\/p>\n<p>Pero eso en nada disminuye la hist\u00f3rica jornada vivida este mi\u00e9rcoles 22, subproducto de un conflicto cuya din\u00e1mica es por ahora <strong>ascendente<\/strong> (ver la multitud de actividades regionales, seccionales y por escuelas que se vienen desarrollando en todo el pa\u00eds).<\/p>\n<p>Una jornada que por su masividad le mete sin duda presi\u00f3n al gobierno (\u00a1el conflicto con los docentes le est\u00e1 costando car\u00edsimo en t\u00e9rminos de popularidad!), pero tambi\u00e9n a la propia Celeste, a la que se le har\u00e1 m\u00e1s dif\u00edcil levantar por migajas.<\/p>\n<p>El gremio docente es de masas. Cuando entra la base en la lucha como est\u00e1 ocurriendo hoy, se hace m\u00e1s dif\u00edcil parar su din\u00e1mica; en todo caso, pararla conlleva m\u00e1s costos para la burocracia \u2013recordemos que en el SUTEBA hay elecciones a mediados de mayo-.<\/p>\n<p>Aqu\u00ed ocurre algo que se\u00f1alamos en nuestro editorial anterior: hasta el momento hay poco margen para que retroceda alguna de las partes. El gobierno ha ratificado sus miserables n\u00fameros, lo mismo que su cerrada negativa a convocar a la paritaria nacional. Retroceder le significar\u00eda una derrota pol\u00edtica de magnitud; la confirmaci\u00f3n de que es incapaz de llevar el ajuste hasta el final.<\/p>\n<p>Por su parte, la Celeste estar\u00eda dispuesta a entregar el reclamo salarial (disfraz\u00e1ndolo un poco seguramente) a cambio de la convocatoria a la paritaria nacional (una formalidad, en definitiva); pero esto tendr\u00eda un elevado costo pol\u00edtico para Macri, am\u00e9n de dejar de todos modos, malherida a la propia burocracia.<\/p>\n<p>Nada de esto es \u00f3bice para que Baradel haya dado estas \u00faltimas horas gestos <strong>\u201ccontradictorios\u201d<\/strong>. SUTEBA present\u00f3 como \u201cun paso adelante\u201d que Vidal los haya convocado el lunes pasado por fuera de la conciliaci\u00f3n obligatoria; un \u201cgesto\u201d del cual no surgi\u00f3 nada.<\/p>\n<p>Adem\u00e1s, como se\u00f1alamos arriba, ha trascendido en las \u00faltimas horas que la direcci\u00f3n docente dar\u00eda una \u201ctregua\u201d al gobierno hasta el 6 de abril: <strong>\u00a1algo rid\u00edculo porque cuando se acuerda una \u201ctregua\u201d se concuerda en cesar los disparos de los dos lados, y en este caso Macri sigue dispar\u00e1ndoles a los docentes con munici\u00f3n gruesa! <\/strong><\/p>\n<p>No se convocar\u00eda a nuevas medias de fuerza hasta el paro general. Esto ser\u00eda grav\u00edsimo. Se enfriar\u00eda gratuitamente el conflicto frente a un gobierno que no ha dado se\u00f1ales de retroceder en nada: ni en la propuesta salarial, ni en los descuentos de los d\u00edas de lucha, ni en la convocatoria a la paritaria nacional, ni en la campa\u00f1a de desprestigio de la docencia y la educaci\u00f3n p\u00fablica.<\/p>\n<p>Sobre este \u00faltimo aspecto nos interesa abrir aqu\u00ed un peque\u00f1o cap\u00edtulo. Hace a la naturaleza espec\u00edfica del gobierno de Macri su car\u00e1cter no s\u00f3lo ajustador sino reaccionario (ambos aspectos las dos caras de una misma moneda). Macri dej\u00f3 deslizar ayer martes 21 esa infeliz declaraci\u00f3n de los estudiantes que \u201ccaen en la escuela p\u00fablica al no poder acceder a la privada\u201d.<\/p>\n<p>Habr\u00e1 sido un \u201cfurcio\u201d o un lapsus; pero no es ninguna casualidad. Macri es un privatista hecho y derecho y se mueve con la idea falsa de que por ser privada la educaci\u00f3n, ser\u00eda mejor que la p\u00fablica. Pero esto no tiene ninguna demostraci\u00f3n estad\u00edstica ni de ning\u00fan tipo cuando se sabe que las escuelas, colegios y universidades privadas son, en general, de mucho peor nivel que las p\u00fablicas. Instituciones p\u00fablicas a las que, por lo dem\u00e1s, se viene hundiendo y desfinanciando desde los gobiernos macristas, kirchneristas y de todo tipo desde hace d\u00e9cadas. De ah\u00ed las declaraciones recordando que los premios Nobel argentinos, todos se formaron en la escuela p\u00fablica.<\/p>\n<p>Existe un segundo elemento que caracteriza a la actual coyuntura y queremos subrayar: <strong>la ruptura de los docentes y de sectores de los trabajadores en general con el gobierno. <\/strong><\/p>\n<p>Se trata de un dato de primera magnitud. El gremio docente es uno de los sectores de trabajadores en el cual amplias porciones se volcaron al voto a Macri. Esto ahora se ha venido abajo. No por nada algunos analistas est\u00e1n hablando de que el conflicto con los docentes tendr\u00eda un aspecto similar aunque de signo pol\u00edtico inverso, al que tuvieron con el campo los K, cuando perdieron los favores de amplios sectores de las clases medias agrarias y urbanas.<\/p>\n<p>Aunque en ese momento el gobierno kirchnerista tuvo una crisis pol\u00edtica que hoy no se verifica con Macri (no hay divisi\u00f3n burguesa), la comparaci\u00f3n es justa en lo que hace al corrimiento pol\u00edtico de todo un sector de la sociedad, corrimiento que en vez de ser hacia la derecha como en aquella oportunidad, <strong>hoy se est\u00e1 procesando hacia la izquierda<\/strong>.<\/p>\n<p><strong>\u00bfUn paro contra nadie?<\/strong><\/p>\n<p>Las cosas no terminan aqu\u00ed; ni termina a\u00fan este mes incre\u00edble. Pasado ma\u00f1ana estaremos protagonizando la quinta movilizaci\u00f3n multitudinaria del mes a prop\u00f3sito del 41\u00b0 aniversario del golpe militar. Concluida dicha jornada (y redoblando la pelea por la continuidad del paro docente hasta quebrar la provocaci\u00f3n oficialista), <strong>la pr\u00f3xima gran parada de estas jornadas hist\u00f3ricas ser\u00e1 el paro general del 6 de abril.<\/strong><\/p>\n<p>Desde ya que la realizaci\u00f3n del mismo, que se descuenta exitoso, plantear\u00e1 blanco sobre negro una suerte de <strong>cristalizaci\u00f3n<\/strong> del pasaje a la oposici\u00f3n del grueso de los trabajadores del pa\u00eds; un dato nada menor.<\/p>\n<p>Partiendo de la simple contundencia de ese dato, el paro en s\u00ed mismo, como jornada de lucha, <strong>plantear\u00e1 un terreno de pelea con la burocracia cegetista<\/strong>.<\/p>\n<p>Repetimos. La convocatoria del paro plantea un terreno de pelea. Carlos Acu\u00f1a, uno de los repudiados triunviros de la CGT, confes\u00f3 d\u00edas atr\u00e1s la verdad de las cosas: declar\u00f3 que el paro \u201cno ser\u00eda contra nadie; simplemente un desahogo\u201d. Quiz\u00e1s nunca se podr\u00eda haber definido de mejor manera la intensi\u00f3n de la burocracia de hacer una jornada dominguera, pasiva y, en lo posible, apol\u00edtica.<\/p>\n<p>\u00bfQui\u00e9n podr\u00eda creer que el paro no ser\u00e1 contra nadie? Esto se ha hecho m\u00e1s dif\u00edcil de eludir en medio del estallido de la bronca contra Macri. S\u00ed es real que darle un car\u00e1cter activo a la jornada ser\u00e1 toda una pelea. Aunque contando a favor con que la bronca por abajo puede llegar a expresarse en sectores de trabajadores que quieran manifestarse de manera activa el 6 y no simplemente \u201cquedarse tomando mate en la casa\u201d, como tambi\u00e9n expres\u00f3 Acu\u00f1a.<\/p>\n<p>La direcci\u00f3n de la CGT no quer\u00eda el paro general el 7 de marzo (\u00a1por eso se neg\u00f3 rotundamente a ponerle fecha!) <strong>y tampoco lo quiere ahora<\/strong>. Simplemente se ha visto obligada a convocarlo porque ante el desborde del acto trasmitido en cadena nacional, el odio que despert\u00f3 por la base su negativa a ponerle fecha al paro y la bronca que crece contra Macri, no convocarlo ser\u00eda un incendio que llevar\u00eda de inmediato a la renuncia de los triunviros.<\/p>\n<p>As\u00ed y todo una cosa debe estar clara: convoca al paro. Pero de ninguna manera pretende romper pol\u00edticamente con el gobierno; y esto por una simple raz\u00f3n: el grueso de la CGT termin\u00f3 apostando a Macri y no tiene, por el momento, un proyecto burgu\u00e9s alternativo detr\u00e1s del cual encolumnarse (Massa es demasiado \u201cveleta\u201d y nadie sabe c\u00f3mo le puede ir; el peronismo en su conjunto \u2013K y no K-, todav\u00eda no se sabe qu\u00e9 direcci\u00f3n y rumbo tendr\u00e1).<\/p>\n<p>De ah\u00ed que su intenci\u00f3n sea convocar a una jornada pasiva (entre otras cosas, para no darle ning\u00fan lugar a la izquierda), \u201ccontra nadie\u201d, simplemente un \u201cdesahogo\u201d.<\/p>\n<p>Esto es lo que plantea el terreno de pelea para el 6A. Una pelea que hay que organizar desde ahora mismo para darle un car\u00e1cter activo a la jornada, pelea para la cual hay puntos de apoyo que podr\u00edan jugar a nuestro favor.<\/p>\n<p>En primer lugar, la enorme bronca que crece desde abajo contra Macri. En segundo, el repudio masivo y la justa desconfianza que existe con los bur\u00f3cratas sindicales. De ah\u00ed la posibilidad de realizar e imponer asambleas, de empujar para el lado de hacer del 6 una jornada con piquetes, cortes de rutas, movilizaciones, etc\u00e9tera.<\/p>\n<p>Una jornada que plantear\u00e1 seguramente un desaf\u00edo a la renovada pretensi\u00f3n represiva del gobierno, con un ala del oficialismo que exige la aplicaci\u00f3n del protocolo anti-piquete.<\/p>\n<p>Pues bien: las acciones que se realicen el 6 de abril significar\u00e1n seguramente un desaf\u00edo a este eventual giro represivo, raz\u00f3n por la cual deber\u00e1 buscarse que sean lo m\u00e1s masivas y organizadas posible.<\/p>\n<p>Aqu\u00ed caben, tambi\u00e9n, las recientes declaraciones de Michetti. Se interrog\u00f3 acerca de si no ser\u00eda bueno \u201csuspender por un tiempo las elecciones de mitad de t\u00e9rmino\u201d\u2026<\/p>\n<p>Se trata de una idea ultrareaccionariaria; un eventual manotazo dictatorial que no tiene ninguna posibilidad de llevarse adelante hoy, pero cuyas razones son evidentes. Macri es un gobierno de base electoral. Y aunque la democracia burguesa sea la forma por excelencia de la dominaci\u00f3n pol\u00edtica patronal, de todas maneras, por sus propias caracter\u00edsticas (se basa en el voto popular), <strong>impone l\u00edmites<\/strong>.<\/p>\n<p>L\u00edmites que se hacen muy concretos cuando cada dos a\u00f1os hay elecciones, y si un gobierno aplica un plan de ajuste brutal como pretende hacer Macri, <strong>quiz\u00e1s no logre imponerse en las elecciones.<\/strong> (Aqu\u00ed rige la paradoja de que Cambiemos haya llegado al gobierno sin una gran crisis que justifique duras medidas; recordemos que cuando Menem las mismas se vieron legitimadas por el trauma dejado por la hiperinflaci\u00f3n).<\/p>\n<p>Un poco lo que Michetti suscita es la idea de <strong>un gobierno de excepci\u00f3n para aplicar duras medidas.<\/strong> Algo como lo declarado por Michael Temer, presidente interino de Brasil, cuando dijo que \u201cno le importaba irse con un 5% de aprobaci\u00f3n si hab\u00eda tomado las medidas de ajuste que deb\u00eda tomar\u201d\u2026<\/p>\n<p>Pero est\u00e1 claro que como Temer es un presidente interino, pueda hasta cierto punto no importarle la popularidad; un gobierno normal como el de Macri, electo, <strong>no puede no contar con las elecciones para legitimarse. <\/strong><\/p>\n<p>De ah\u00ed que incluso los inversores est\u00e9n a la expectativa de que el gobierno gane las elecciones este a\u00f1o y ratifique el rumbo antes de decidirse a invertir (un dato es que el a\u00f1o pasado cayeron las inversiones; algo muy lejos de la \u201clluvia\u201d que esperaba Macri).<\/p>\n<p><strong>Vacancia pol\u00edtica e independencia de clase <\/strong><\/p>\n<p>Junto con el desarrollo de la lucha docente y de la bronca que crece en la sociedad, est\u00e1 el fen\u00f3meno de la vacancia pol\u00edtica. Vacancia que se ha recreado nuevamente al calor de esta nueva coyuntura. La situaci\u00f3n pol\u00edtica se ha dinamizado. Amplias porciones de trabajadores se est\u00e1n desplazando hacia la izquierda.<\/p>\n<p>Por otra parte, si bien el kirchnerismo es un \u201ccuco\u201d para la burgues\u00eda, dif\u00edcilmente logre acaparar todo el voto opositor a Macri; <strong>gobernaron 12 a\u00f1os, se ha hecho una experiencia con \u00e9l. <\/strong><\/p>\n<p>Esto coloca un enorme desaf\u00edo para la izquierda; ocurre que la izquierda es vista como una alternativa distinta por crecientes sectores: la que est\u00e1 junto a los trabajadores, las mujeres y la juventud en sus luchas.<\/p>\n<p>Pasa aqu\u00ed algo parad\u00f3jico que habla de las desigualdades que siempre existen en la realidad. En otros momentos hist\u00f3ricos, quiz\u00e1s, la izquierda argentina tuvo mayor peso org\u00e1nico (pero menos peso pol\u00edtico-electoral).<\/p>\n<p>Hoy su peso org\u00e1nico no es despreciable; pero sigue siendo de amplia vanguardia. Sin embargo, su ubicaci\u00f3n pol\u00edtica general, electoral, \u201cmedi\u00e1tica\u201d, es creciente, impactante, podr\u00edamos decir.<\/p>\n<p>Por lo dem\u00e1s, se trata de la izquierda revolucionaria propiamente dicha: de las organizaciones que defendemos la independencia de clase y no de la centro-izquierda, la \u201cizquierda popular\u201d o cualquier otro nombre que se le quiera poner a aquella izquierda que defiende la conciliaci\u00f3n de clases con los patrones, que configura hoy un fen\u00f3meno en decadencia.<\/p>\n<p>Este es otro dato de enorme importancia porque ata\u00f1e, de manera propiamente dicha, al trotskismo (al \u00e9xito creciente que est\u00e1 teniendo \u00e9ste hoy en nuestro pa\u00eds): al FIT y a la Izquierda al Frente por el Socialismo conformada entre nuestro partido y el MST.<\/p>\n<p>En este sentido, no pod\u00eda haber mejor momento para el lanzamiento formal de las principales candidaturas de nuestro frente que la reciente y exitosa conferencia de prensa; esto sobre la base pol\u00edtica de nuestro Manifiesto, Programa y declaraciones pol\u00edticas recientes.<\/p>\n<p>Hay que entender el actual momento pol\u00edtico; la palanca que podr\u00eda conformar el terreno electoral para ir desde la izquierda hacia m\u00e1s amplios sectores de masas que los habituales. La herramienta formidable que podr\u00eda ser la Izquierda al Frente por el Socialismo para las organizaciones que lo integramos siempre y cuando, claro est\u00e1, se sostenga de manera intransigente sus caracter\u00edsticas de un frente de independencia de clase; y un frente que ha dado muestras iniciales estos meses de una potencialidad de ir algo m\u00e1s all\u00e1 de una mera cooperativa electoral; todas estas una serie de conquistas que debemos defender y profundizar.<\/p>\n<p>En todo caso, las tareas inmediatas de nuestro partido y de la Izquierda al Frente como un todo (adem\u00e1s de conformar una enorme columna unificada ma\u00f1ana viernes 24), ser\u00e1n redoblar la pelea por el triunfo de la lucha de los docentes, organizar en frente \u00fanico de toda la izquierda clasista los piquetes para el paro del 6, y redoblar los esfuerzos para la instalaci\u00f3n de nuestro frente luego de la exitosa conferencia de prensa realizada.<\/p>\n<p><a href=\"#_ftnref1\" name=\"_ftn1\">[1]<\/a> Se\u00f1alemos la aversi\u00f3n de la burgues\u00eda a volver a nada parecido al kirchnerismo; factor de m\u00e1s para apoyar a Macri de manera <strong>unificada<\/strong>: \u201cNo ten\u00edamos ning\u00fan futuro de crecimiento y desarrollo con el r\u00e9gimen populista\u201d (Jaime Campos, presidente de la Asociaci\u00f3n Empresarial Argentina, <em>La Naci\u00f3n<\/em>, 12 de marzo 2017). Se entiende que si no se trata de un simple cambio de gobierno sino de todo un \u201cr\u00e9gimen\u201d pol\u00edtico, la cosa es m\u00e1s profunda; la elecci\u00f3n por Macri m\u00e1s \u201cexistencial\u201d.<\/p>\n","protected":false},"excerpt":{"rendered":"<p>\u201cLa mitad de los chicos que hoy comienza la escuela p\u00fablica en alg\u00fan lugar de la Argentina, no termina (\u2026) Cuatro de cada 10 del primario (\u2026) no comprende textos y en la escuela privada son 2 de cada 10. Marca otro problema de fondo, la terrible inequidad entre los que pueden ir a escuela [&hellip;]<\/p>\n","protected":false},"author":8,"featured_media":9420,"comment_status":"closed","ping_status":"closed","sticky":false,"template":"","format":"standard","meta":{"footnotes":""},"categories":[122,1656],"tags":[1634,1339,35],"class_list":{"0":"post-9419","1":"post","2":"type-post","3":"status-publish","4":"format-standard","5":"has-post-thumbnail","7":"category-america-latina-y-el-caribe","8":"category-argentina","9":"tag-edicion-68","10":"tag-editorial-sob-argentina","11":"tag-roberto-saenz"},"yoast_head":"<!-- This site is optimized with the Yoast SEO plugin v27.4 - https:\/\/yoast.com\/product\/yoast-seo-wordpress\/ -->\n<title>Hist\u00f3rica movilizaci\u00f3n docente a Plaza de Mayo - Macri en su peor momento - Socialismo o Barbarie<\/title>\n<meta name=\"robots\" content=\"index, follow, max-snippet:-1, max-image-preview:large, max-video-preview:-1\" \/>\n<link rel=\"canonical\" href=\"https:\/\/www.socialismoobarbarie.org\/?p=9419\" \/>\n<meta property=\"og:locale\" content=\"es_ES\" \/>\n<meta property=\"og:type\" content=\"article\" \/>\n<meta property=\"og:title\" content=\"Hist\u00f3rica movilizaci\u00f3n docente a Plaza de Mayo - Macri en su peor momento - Socialismo o Barbarie\" \/>\n<meta property=\"og:description\" content=\"\u201cLa mitad de los chicos que hoy comienza la escuela p\u00fablica en alg\u00fan lugar de la Argentina, no termina (\u2026) Cuatro de cada 10 del primario (\u2026) no comprende textos y en la escuela privada son 2 de cada 10. Marca otro problema de fondo, la terrible inequidad entre los que pueden ir a escuela [&hellip;]\" \/>\n<meta property=\"og:url\" content=\"https:\/\/www.socialismoobarbarie.org\/?p=9419\" \/>\n<meta property=\"og:site_name\" content=\"Socialismo o Barbarie\" \/>\n<meta property=\"article:published_time\" content=\"2017-03-23T23:01:27+00:00\" \/>\n<meta property=\"article:modified_time\" content=\"2019-11-20T02:07:20+00:00\" \/>\n<meta property=\"og:image\" content=\"https:\/\/www.socialismoobarbarie.org\/wp-content\/uploads\/2017\/03\/418.jpg\" \/>\n\t<meta property=\"og:image:width\" content=\"700\" \/>\n\t<meta property=\"og:image:height\" content=\"348\" \/>\n\t<meta property=\"og:image:type\" content=\"image\/jpeg\" \/>\n<meta name=\"author\" content=\"SOB\" \/>\n<meta name=\"twitter:card\" content=\"summary_large_image\" \/>\n<meta name=\"twitter:label1\" content=\"Escrito por\" \/>\n\t<meta name=\"twitter:data1\" content=\"SOB\" \/>\n\t<meta name=\"twitter:label2\" content=\"Tiempo de lectura\" \/>\n\t<meta name=\"twitter:data2\" content=\"15 minutos\" \/>\n<script type=\"application\/ld+json\" class=\"yoast-schema-graph\">{\"@context\":\"https:\\\/\\\/schema.org\",\"@graph\":[{\"@type\":\"Article\",\"@id\":\"https:\\\/\\\/www.socialismoobarbarie.org\\\/?p=9419#article\",\"isPartOf\":{\"@id\":\"https:\\\/\\\/www.socialismoobarbarie.org\\\/?p=9419\"},\"author\":{\"name\":\"SOB\",\"@id\":\"https:\\\/\\\/www.socialismoobarbarie.org\\\/#\\\/schema\\\/person\\\/bc1c3b321d47ed092405949c77e35a8e\"},\"headline\":\"Hist\u00f3rica movilizaci\u00f3n docente a Plaza de Mayo &#8211; Macri en su peor momento\",\"datePublished\":\"2017-03-23T23:01:27+00:00\",\"dateModified\":\"2019-11-20T02:07:20+00:00\",\"mainEntityOfPage\":{\"@id\":\"https:\\\/\\\/www.socialismoobarbarie.org\\\/?p=9419\"},\"wordCount\":3074,\"publisher\":{\"@id\":\"https:\\\/\\\/www.socialismoobarbarie.org\\\/#organization\"},\"image\":{\"@id\":\"https:\\\/\\\/www.socialismoobarbarie.org\\\/?p=9419#primaryimage\"},\"thumbnailUrl\":\"https:\\\/\\\/www.socialismoobarbarie.org\\\/wp-content\\\/uploads\\\/2017\\\/03\\\/418.jpg\",\"keywords\":[\"Edicion 68\",\"Editorial SoB Argentina\",\"Roberto S\u00e1enz\"],\"articleSection\":[\"Am\u00e9rica Latina\",\"Argentina\"],\"inLanguage\":\"es\"},{\"@type\":\"WebPage\",\"@id\":\"https:\\\/\\\/www.socialismoobarbarie.org\\\/?p=9419\",\"url\":\"https:\\\/\\\/www.socialismoobarbarie.org\\\/?p=9419\",\"name\":\"Hist\u00f3rica movilizaci\u00f3n docente a Plaza de Mayo - Macri en su peor momento - Socialismo o Barbarie\",\"isPartOf\":{\"@id\":\"https:\\\/\\\/www.socialismoobarbarie.org\\\/#website\"},\"primaryImageOfPage\":{\"@id\":\"https:\\\/\\\/www.socialismoobarbarie.org\\\/?p=9419#primaryimage\"},\"image\":{\"@id\":\"https:\\\/\\\/www.socialismoobarbarie.org\\\/?p=9419#primaryimage\"},\"thumbnailUrl\":\"https:\\\/\\\/www.socialismoobarbarie.org\\\/wp-content\\\/uploads\\\/2017\\\/03\\\/418.jpg\",\"datePublished\":\"2017-03-23T23:01:27+00:00\",\"dateModified\":\"2019-11-20T02:07:20+00:00\",\"breadcrumb\":{\"@id\":\"https:\\\/\\\/www.socialismoobarbarie.org\\\/?p=9419#breadcrumb\"},\"inLanguage\":\"es\",\"potentialAction\":[{\"@type\":\"ReadAction\",\"target\":[\"https:\\\/\\\/www.socialismoobarbarie.org\\\/?p=9419\"]}]},{\"@type\":\"ImageObject\",\"inLanguage\":\"es\",\"@id\":\"https:\\\/\\\/www.socialismoobarbarie.org\\\/?p=9419#primaryimage\",\"url\":\"https:\\\/\\\/www.socialismoobarbarie.org\\\/wp-content\\\/uploads\\\/2017\\\/03\\\/418.jpg\",\"contentUrl\":\"https:\\\/\\\/www.socialismoobarbarie.org\\\/wp-content\\\/uploads\\\/2017\\\/03\\\/418.jpg\",\"width\":700,\"height\":348},{\"@type\":\"BreadcrumbList\",\"@id\":\"https:\\\/\\\/www.socialismoobarbarie.org\\\/?p=9419#breadcrumb\",\"itemListElement\":[{\"@type\":\"ListItem\",\"position\":1,\"name\":\"Portada\",\"item\":\"https:\\\/\\\/www.socialismoobarbarie.org\\\/\"},{\"@type\":\"ListItem\",\"position\":2,\"name\":\"Hist\u00f3rica movilizaci\u00f3n docente a Plaza de Mayo &#8211; Macri en su peor momento\"}]},{\"@type\":\"WebSite\",\"@id\":\"https:\\\/\\\/www.socialismoobarbarie.org\\\/#website\",\"url\":\"https:\\\/\\\/www.socialismoobarbarie.org\\\/\",\"name\":\"Socialismo o Barbarie\",\"description\":\"Sitio web de la corriente internacional Socialismo o Barbarie\",\"publisher\":{\"@id\":\"https:\\\/\\\/www.socialismoobarbarie.org\\\/#organization\"},\"potentialAction\":[{\"@type\":\"SearchAction\",\"target\":{\"@type\":\"EntryPoint\",\"urlTemplate\":\"https:\\\/\\\/www.socialismoobarbarie.org\\\/?s={search_term_string}\"},\"query-input\":{\"@type\":\"PropertyValueSpecification\",\"valueRequired\":true,\"valueName\":\"search_term_string\"}}],\"inLanguage\":\"es\"},{\"@type\":\"Organization\",\"@id\":\"https:\\\/\\\/www.socialismoobarbarie.org\\\/#organization\",\"name\":\"Socialismo o Barbarie\",\"url\":\"https:\\\/\\\/www.socialismoobarbarie.org\\\/\",\"logo\":{\"@type\":\"ImageObject\",\"inLanguage\":\"es\",\"@id\":\"https:\\\/\\\/www.socialismoobarbarie.org\\\/#\\\/schema\\\/logo\\\/image\\\/\",\"url\":\"https:\\\/\\\/www.socialismoobarbarie.org\\\/wp-content\\\/uploads\\\/2025\\\/02\\\/soblogoweb-2025.png\",\"contentUrl\":\"https:\\\/\\\/www.socialismoobarbarie.org\\\/wp-content\\\/uploads\\\/2025\\\/02\\\/soblogoweb-2025.png\",\"width\":450,\"height\":161,\"caption\":\"Socialismo o Barbarie\"},\"image\":{\"@id\":\"https:\\\/\\\/www.socialismoobarbarie.org\\\/#\\\/schema\\\/logo\\\/image\\\/\"}},{\"@type\":\"Person\",\"@id\":\"https:\\\/\\\/www.socialismoobarbarie.org\\\/#\\\/schema\\\/person\\\/bc1c3b321d47ed092405949c77e35a8e\",\"name\":\"SOB\",\"url\":\"https:\\\/\\\/www.socialismoobarbarie.org\\\/?author=8\"}]}<\/script>\n<!-- \/ Yoast SEO plugin. -->","yoast_head_json":{"title":"Hist\u00f3rica movilizaci\u00f3n docente a Plaza de Mayo - Macri en su peor momento - Socialismo o Barbarie","robots":{"index":"index","follow":"follow","max-snippet":"max-snippet:-1","max-image-preview":"max-image-preview:large","max-video-preview":"max-video-preview:-1"},"canonical":"https:\/\/www.socialismoobarbarie.org\/?p=9419","og_locale":"es_ES","og_type":"article","og_title":"Hist\u00f3rica movilizaci\u00f3n docente a Plaza de Mayo - Macri en su peor momento - Socialismo o Barbarie","og_description":"\u201cLa mitad de los chicos que hoy comienza la escuela p\u00fablica en alg\u00fan lugar de la Argentina, no termina (\u2026) Cuatro de cada 10 del primario (\u2026) no comprende textos y en la escuela privada son 2 de cada 10. Marca otro problema de fondo, la terrible inequidad entre los que pueden ir a escuela [&hellip;]","og_url":"https:\/\/www.socialismoobarbarie.org\/?p=9419","og_site_name":"Socialismo o Barbarie","article_published_time":"2017-03-23T23:01:27+00:00","article_modified_time":"2019-11-20T02:07:20+00:00","og_image":[{"width":700,"height":348,"url":"https:\/\/www.socialismoobarbarie.org\/wp-content\/uploads\/2017\/03\/418.jpg","type":"image\/jpeg"}],"author":"SOB","twitter_card":"summary_large_image","twitter_misc":{"Escrito por":"SOB","Tiempo de lectura":"15 minutos"},"schema":{"@context":"https:\/\/schema.org","@graph":[{"@type":"Article","@id":"https:\/\/www.socialismoobarbarie.org\/?p=9419#article","isPartOf":{"@id":"https:\/\/www.socialismoobarbarie.org\/?p=9419"},"author":{"name":"SOB","@id":"https:\/\/www.socialismoobarbarie.org\/#\/schema\/person\/bc1c3b321d47ed092405949c77e35a8e"},"headline":"Hist\u00f3rica movilizaci\u00f3n docente a Plaza de Mayo &#8211; Macri en su peor momento","datePublished":"2017-03-23T23:01:27+00:00","dateModified":"2019-11-20T02:07:20+00:00","mainEntityOfPage":{"@id":"https:\/\/www.socialismoobarbarie.org\/?p=9419"},"wordCount":3074,"publisher":{"@id":"https:\/\/www.socialismoobarbarie.org\/#organization"},"image":{"@id":"https:\/\/www.socialismoobarbarie.org\/?p=9419#primaryimage"},"thumbnailUrl":"https:\/\/www.socialismoobarbarie.org\/wp-content\/uploads\/2017\/03\/418.jpg","keywords":["Edicion 68","Editorial SoB Argentina","Roberto S\u00e1enz"],"articleSection":["Am\u00e9rica Latina","Argentina"],"inLanguage":"es"},{"@type":"WebPage","@id":"https:\/\/www.socialismoobarbarie.org\/?p=9419","url":"https:\/\/www.socialismoobarbarie.org\/?p=9419","name":"Hist\u00f3rica movilizaci\u00f3n docente a Plaza de Mayo - Macri en su peor momento - Socialismo o Barbarie","isPartOf":{"@id":"https:\/\/www.socialismoobarbarie.org\/#website"},"primaryImageOfPage":{"@id":"https:\/\/www.socialismoobarbarie.org\/?p=9419#primaryimage"},"image":{"@id":"https:\/\/www.socialismoobarbarie.org\/?p=9419#primaryimage"},"thumbnailUrl":"https:\/\/www.socialismoobarbarie.org\/wp-content\/uploads\/2017\/03\/418.jpg","datePublished":"2017-03-23T23:01:27+00:00","dateModified":"2019-11-20T02:07:20+00:00","breadcrumb":{"@id":"https:\/\/www.socialismoobarbarie.org\/?p=9419#breadcrumb"},"inLanguage":"es","potentialAction":[{"@type":"ReadAction","target":["https:\/\/www.socialismoobarbarie.org\/?p=9419"]}]},{"@type":"ImageObject","inLanguage":"es","@id":"https:\/\/www.socialismoobarbarie.org\/?p=9419#primaryimage","url":"https:\/\/www.socialismoobarbarie.org\/wp-content\/uploads\/2017\/03\/418.jpg","contentUrl":"https:\/\/www.socialismoobarbarie.org\/wp-content\/uploads\/2017\/03\/418.jpg","width":700,"height":348},{"@type":"BreadcrumbList","@id":"https:\/\/www.socialismoobarbarie.org\/?p=9419#breadcrumb","itemListElement":[{"@type":"ListItem","position":1,"name":"Portada","item":"https:\/\/www.socialismoobarbarie.org\/"},{"@type":"ListItem","position":2,"name":"Hist\u00f3rica movilizaci\u00f3n docente a Plaza de Mayo &#8211; Macri en su peor momento"}]},{"@type":"WebSite","@id":"https:\/\/www.socialismoobarbarie.org\/#website","url":"https:\/\/www.socialismoobarbarie.org\/","name":"Socialismo o Barbarie","description":"Sitio web de la corriente internacional Socialismo o Barbarie","publisher":{"@id":"https:\/\/www.socialismoobarbarie.org\/#organization"},"potentialAction":[{"@type":"SearchAction","target":{"@type":"EntryPoint","urlTemplate":"https:\/\/www.socialismoobarbarie.org\/?s={search_term_string}"},"query-input":{"@type":"PropertyValueSpecification","valueRequired":true,"valueName":"search_term_string"}}],"inLanguage":"es"},{"@type":"Organization","@id":"https:\/\/www.socialismoobarbarie.org\/#organization","name":"Socialismo o Barbarie","url":"https:\/\/www.socialismoobarbarie.org\/","logo":{"@type":"ImageObject","inLanguage":"es","@id":"https:\/\/www.socialismoobarbarie.org\/#\/schema\/logo\/image\/","url":"https:\/\/www.socialismoobarbarie.org\/wp-content\/uploads\/2025\/02\/soblogoweb-2025.png","contentUrl":"https:\/\/www.socialismoobarbarie.org\/wp-content\/uploads\/2025\/02\/soblogoweb-2025.png","width":450,"height":161,"caption":"Socialismo o Barbarie"},"image":{"@id":"https:\/\/www.socialismoobarbarie.org\/#\/schema\/logo\/image\/"}},{"@type":"Person","@id":"https:\/\/www.socialismoobarbarie.org\/#\/schema\/person\/bc1c3b321d47ed092405949c77e35a8e","name":"SOB","url":"https:\/\/www.socialismoobarbarie.org\/?author=8"}]}},"_links":{"self":[{"href":"https:\/\/www.socialismoobarbarie.org\/index.php?rest_route=\/wp\/v2\/posts\/9419","targetHints":{"allow":["GET"]}}],"collection":[{"href":"https:\/\/www.socialismoobarbarie.org\/index.php?rest_route=\/wp\/v2\/posts"}],"about":[{"href":"https:\/\/www.socialismoobarbarie.org\/index.php?rest_route=\/wp\/v2\/types\/post"}],"author":[{"embeddable":true,"href":"https:\/\/www.socialismoobarbarie.org\/index.php?rest_route=\/wp\/v2\/users\/8"}],"replies":[{"embeddable":true,"href":"https:\/\/www.socialismoobarbarie.org\/index.php?rest_route=%2Fwp%2Fv2%2Fcomments&post=9419"}],"version-history":[{"count":1,"href":"https:\/\/www.socialismoobarbarie.org\/index.php?rest_route=\/wp\/v2\/posts\/9419\/revisions"}],"predecessor-version":[{"id":9421,"href":"https:\/\/www.socialismoobarbarie.org\/index.php?rest_route=\/wp\/v2\/posts\/9419\/revisions\/9421"}],"wp:featuredmedia":[{"embeddable":true,"href":"https:\/\/www.socialismoobarbarie.org\/index.php?rest_route=\/wp\/v2\/media\/9420"}],"wp:attachment":[{"href":"https:\/\/www.socialismoobarbarie.org\/index.php?rest_route=%2Fwp%2Fv2%2Fmedia&parent=9419"}],"wp:term":[{"taxonomy":"category","embeddable":true,"href":"https:\/\/www.socialismoobarbarie.org\/index.php?rest_route=%2Fwp%2Fv2%2Fcategories&post=9419"},{"taxonomy":"post_tag","embeddable":true,"href":"https:\/\/www.socialismoobarbarie.org\/index.php?rest_route=%2Fwp%2Fv2%2Ftags&post=9419"}],"curies":[{"name":"wp","href":"https:\/\/api.w.org\/{rel}","templated":true}]}}