{"id":9636,"date":"2017-04-27T23:26:35","date_gmt":"2017-04-28T02:26:35","guid":{"rendered":"https:\/\/www.socialismoobarbarie.org\/?p=9636"},"modified":"2019-11-20T11:22:53","modified_gmt":"2019-11-20T14:22:53","slug":"elecciones-presidenciales-en-francia-cambiar-algo-para-que-no-cambie-nada","status":"publish","type":"post","link":"https:\/\/www.socialismoobarbarie.org\/?p=9636","title":{"rendered":"Elecciones presidenciales en Francia &#8211; \u00bfCambiar algo para que no cambie nada?"},"content":{"rendered":"<p>Las elecciones presidenciales del pasado 23 de Abril han significado un terremoto pol\u00edtico en Francia. Por primera vez desde la instauraci\u00f3n de la V Rep\u00fablica por el General De Gaulle, los dos partidos que han estructurado la vida pol\u00edtica francesa de los \u00faltimos cuarenta a\u00f1os fueron eliminados desde la primera vuelta. Se trata de una crisis de gravedad de la representaci\u00f3n pol\u00edtica, y tambi\u00e9n del r\u00e9gimen en su conjunto, ya que plantea problemas de gobernabilidad en el futuro o en todo caso la acentuaci\u00f3n de las tendencias a la deslegitimaci\u00f3n del r\u00e9gimen actual.<\/p>\n<p>La votaci\u00f3n del domingo es tan s\u00f3lo el puntapi\u00e9 inicial de esta tormenta. El terremoto continuar\u00e1 de cara a la segunda vuelta, que ver\u00e1 enfrentados a dos \u201coutsiders\u201d del r\u00e9gimen actual, Emmanuel Macron y Marine Le Pen, redoblando las presiones sobre los partidos tradicionales y tambi\u00e9n sobre la izquierda. Adem\u00e1s, luego vendr\u00e1n las elecciones legislativas que podr\u00edan cristalizar a\u00fan m\u00e1s la fragmentaci\u00f3n actual.<\/p>\n<p><strong>La crisis de la V Rep\u00fablica y de sus partidos<\/strong><\/p>\n<p>Uno de los elementos determinantes de la elecci\u00f3n es que las mismas constituyen un quiebre hist\u00f3rico respecto al r\u00e9gimen de dominaci\u00f3n cl\u00e1sico que permiti\u00f3 una fuerte estabilidad pol\u00edtica en las \u00faltimas d\u00e9cadas. La irrupci\u00f3n de la crisis de 2008 y los subsiguientes planes de ajuste y de austeridad que fueron desatados han ido mellando la legitimidad de los grandes aparatos pol\u00edticos, que vienen destruyendo conquistas hist\u00f3ricas de los trabajadores contra la posici\u00f3n mayoritaria de la poblaci\u00f3n, acentuando en el caso de Francia el car\u00e1cter autoritario del r\u00e9gimen.<\/p>\n<p>Si ambos partidos cl\u00e1sicos han sido eliminados, es precisamente porque han sido identificados por la gran mayor\u00eda de la poblaci\u00f3n como la continuidad de estas pol\u00edticas antisociales de los \u00faltimos a\u00f1os: frente a la degradaci\u00f3n constante de las condiciones de vidas de las amplias masas, es la necesidad de un \u201ccambio\u201d la que ha prevalecido, incluso si el mismo se expresa de manera contradictoria en candidaturas como la de Le Pen (que ha logrado hacerse pasar por \u201cantisistema\u201d) o por Macron (que ha logrado aparecer como una \u201crenovaci\u00f3n\u201d). La voluntad de una ruptura con el ciclo pol\u00edtico previo, con el discurso de profundizar las pol\u00edticas llevadas adelante como \u00fanica manera de salir de la crisis (cuando ya hace casi diez a\u00f1os que estamos sumidas en la misma sin que se avizore una salida\u2026) es la que explica este deterioro de los partidos tradicionales.<\/p>\n<p>En el caso de la derecha, los esc\u00e1ndalos de corrupci\u00f3n que embarraron a Fillon aparecieron ante los ojos de amplios sectores como la prueba m\u00e1s cabal de la \u00edntima dependencia del personal pol\u00edtico de los favores de la burgues\u00eda y del enriquecimiento al calor de la pol\u00edtica profesional y del Estado. Pero su campa\u00f1a tambi\u00e9n se hundi\u00f3 a causa de su discurso brutalmente antisocial: el desmantelamiento de la seguridad social, el despido de cientos de miles de trabajadores estatales, que permitieron a Macron aparecer como un \u201cliberal moderado\u201d y a Le Pen posar como defensora del \u201cpueblo\u201d. El \u201ctatcherista\u201d Fillon fue incapaz de leer precisamente la relaci\u00f3n de fuerzas actual, se pas\u00f3 de la raya con sus proyectos ultraliberales y adem\u00e1s se convirti\u00f3 en la expresi\u00f3n m\u00e1s acabada de la podredumbre de los pol\u00edticos profesionales.<\/p>\n<p>De parte del Partido Socialista, paga la factura de cinco a\u00f1os de gobierno que implicaron los ataques m\u00e1s profundos contra la clase trabajadora y los sectores populares, la profundizaci\u00f3n del car\u00e1cter represivo y autoritario del r\u00e9gimen, la utilizaci\u00f3n de un discurso cada vez m\u00e1s a la derecha contra el \u201cpeligro terrorista\u201d, las intervenciones militares imperialistas. Beno\u00eet Hamon, del ala \u201ccr\u00edtica\u201d de PS, fue incapaz de desvincularse del balance de un gobierno con el que rompieron sus bases electorales hist\u00f3ricas a causa de esta pol\u00edtica social-liberal. Tambi\u00e9n sufri\u00f3 el abandono de su propio partido, ya que el grueso del aparato partidario y de los principales dirigentes se pronunci\u00f3 p\u00fablicamente, incluso antes de la primera vuelta, por Macron, ya que era el \u201c\u00fanico freno a Le Pen\u201d y que Hamon hab\u00eda llevado adelante una campa\u00f1a \u201cultraizquierdista\u201d.<\/p>\n<p>Pero adem\u00e1s del cachetazo electoral que ambos partidos vienen de sufrir, el problema es que las presiones a derecha e izquierda sobre los mismos van a redoblarse, poniendo en tela de juicio su capacidad de mantener la unidad. Aunque por ahora parece primar el llamado un\u00e1nime al \u201cFrente Republicano\u201d contra Le Pen, la realidad es que ambos partidos est\u00e1n cruzados por fuertes contradicciones internas. En ese sentido, un sector de Los Republicanos llama abiertamente a votar por Macron, plantea incluso la posibilidad de participar a su pr\u00f3ximo gobierno, mientras que otro se encuentra cada vez m\u00e1s seducido por el Front National, como dirigentes del Partido Dem\u00f3crata Cristiano que llaman a votar por Le Pen o los sectores que organizaron las manifestaciones contra el matrimonio homosexual que llaman a \u201coponerse a Macron\u201d. Las mismas tensiones atraviesan al PS, presionado por la izquierda por la muy buena elecci\u00f3n de Jean Luc Melenchon, pero cuya mayor\u00eda apoya abiertamente a Macron y podr\u00eda ver en \u00e9l la posibilidad de ver realizado su proyecto (como defend\u00eda el ex Primer Ministro Manuel Valls) de abandonar toda referencia socialdem\u00f3crata construyendo una especie de Partido Dem\u00f3crata estadounidense con una delimitaci\u00f3n \u00fanicamente \u201cprogresista\u201d.<\/p>\n<p><strong>Alcances y l\u00edmites de la elecci\u00f3n del Front National<\/strong><\/p>\n<p>El segundo elemento determinante de la elecci\u00f3n del domingo es el pase a segunda vuelta de Marine Le Pen, candidata del Front National. Los sondeos anunciaban este resultado desde hace meses, incluso augurando una votaci\u00f3n mayor que la finalmente obtenida, lo cual ha contribuido en cierta medida a \u201cnaturalizar\u201d esta situaci\u00f3n. Sin embargo, no hay que perder de vista que se trata de una victoria de importancia para este partido, que logra as\u00ed aumentar a\u00fan m\u00e1s su legitimaci\u00f3n institucional, pudiendo lograr eventualmente m\u00e1s representaci\u00f3n parlamentaria, cristalizando alrededor de un programa una base electoral que en otras ocasiones pod\u00eda ser m\u00e1s el reflejo de un \u201cvoto castigo\u201d.<\/p>\n<p>El Front National se ha convertido as\u00ed en un actor pol\u00edtico central de la vida pol\u00edtica francesa, lo cual objetivamente contribuye a girar hacia la derecha el conjunto de la situaci\u00f3n pol\u00edtica. Por un lado, porque le da una tribuna fenomenal para desarrollar su discurso xen\u00f3fobo y racista, para destilar su veneno entre los trabajadores y los sectores populares, para dividir a nuestra clase social y hacer pasar sus ideas reaccionarias. Por otro lado, porque la perspectiva de su victoria le da un sustento a un discurso de \u201cunidad republicana\u201d en torno a Macron, legitimando as\u00ed las pol\u00edticas antisociales que el mismo llevar\u00e1 adelante.<\/p>\n<p>Este ascenso del Front National es particularmente preocupante cuando miramos de cerca la composici\u00f3n social de su voto. Seg\u00fan estudios realizados luego de las elecciones, Le Pen cosech\u00f3 el voto del 32% de los empleados, del 37% de los obreros, de 27% de los trabajadores p\u00fablicos, alz\u00e1ndose como la principal candidata en estos sectores. Cuando vemos la distribuci\u00f3n geogr\u00e1fica del voto, el FN es el partido m\u00e1s votado en las regiones del norte de Francia, regiones hist\u00f3ricamente obreras fuertemente golpeadas por la crisis en los \u00faltimos a\u00f1os, sufriendo un proceso de desindustrializaci\u00f3n y de pauperizaci\u00f3n.<\/p>\n<p>Es significativo que el FN ha logrado hacerse hegem\u00f3nico en lo que hist\u00f3ricamente eran los bastiones del Partido Comunista y de la izquierda. Por un lado, a causa de la pol\u00edtica cada vez m\u00e1s derechista del mismo, que durante los \u00faltimos a\u00f1os fue furg\u00f3n de cola del Partido Socialista, presentando listas comunes para las legislativas; es m\u00e1s, el PCF se ha pronunciado inmediatamente por el voto a favor de Macron en segunda vuelta. Por otro lado, porque son precisamente las pol\u00edticas antisociales llevadas adelante tanto por la derecha como por la izquierda, las que han llevado a la destrucci\u00f3n del tejido industrial de estas regiones, a la descomposici\u00f3n social creciente y a una falta de perspectivas que es el caldo de cultivo de las ideas reaccionarias. Por eso, no es de extra\u00f1ar que Marine Le Pen haya multiplicado los llamados a la base electoral de Melenchon a votar por ella, como la verdadera candidata de la ruptura, de los trabajadores y los sectores populares, que haya profundizado el costado \u201csocial\u201d de su discurso.<\/p>\n<p>Sin embargo, no puede dejar de se\u00f1alarse que, contrariamente a los pron\u00f3sticos y a lo que \u00e9l mismo esperaba, el Front National no ha logrado el primer puesto en la primera vuelta: es por esto que el resultado del domingo, aunque haya sido hist\u00f3rico, le deja un sabor amargo. Esto es un reflejo del grado de rechazo que a\u00fan genera el Front National en amplios sectores de la poblaci\u00f3n, particularmente en los grandes centros urbanos: en Paris, por ejemplo, obtuvo menos del 5%. Pero en la medida en que las clases dirigentes francesas sigan adelante con sus proyectos de destrucci\u00f3n social, la audiencia potencial del Front National seguir\u00e1 aumentando.<\/p>\n<p><strong>Un candidato de la gran patronal apoyado en la crisis del r\u00e9gimen y en el \u201ctodos menos Le Pen\u201d<\/strong><\/p>\n<p>Quiz\u00e1s el elemento m\u00e1s contradictorio de la elecci\u00f3n haya sido el pase a segunda vuelta de Emmanuel Macron. Ex banquero y Ministro del gobierno de Hollande, figura casi desconocida hace un a\u00f1o, lanzado a la carrera electoral casi sin aparato, el mismo parece dirigirse de manera casi segura a devenir el presidente de Francia.<\/p>\n<p>La primera explicaci\u00f3n de este fen\u00f3meno es la profunda crisis de los partidos tradicionales. Frente a la descomposici\u00f3n del personal pol\u00edtico que viene gestionando la crisis desde el 2008 con medidas antisociales y sin lograr relanzar seriamente una din\u00e1mica econ\u00f3mica positiva, Macron ha aparecido como un candidato \u201cnuevo\u201d, que representar\u00eda una \u201crenovaci\u00f3n\u201d frente a la \u201cvieja pol\u00edtica\u201d. El hecho de presentarse como candidato por fuera de los grandes aparatos tradicionales se convirti\u00f3 en un punto fuerte en el marco del grave desprestigio de los mismos, y le permiti\u00f3 adem\u00e1s abrirse paso en el \u201ccentro pol\u00edtico\u201d recibiendo apoyos por izquierda y derecha, desde las grandes figuras del PS hasta el de Fran\u00e7ois Bayrou, presidente del centrista \u201cMovimiento Democr\u00e1tico\u201d.<\/p>\n<p>El segundo elemento a se\u00f1alar es el enorme peso que jug\u00f3 la perspectiva de una segunda vuelta con Marine Le Pen. Desde semanas antes de la primera vuelta, los sondeos evaluaban todas las posibilidades de enfrentamientos, y una parte importante de la discusi\u00f3n pol\u00edtica se estructur\u00f3 en torno a qui\u00e9n tendr\u00eda mayores posibilidades de vencer a la candidata del Front National. As\u00ed, la din\u00e1mica del voto \u00fatil oper\u00f3 fuertemente, y Macron fue capaz de aglutinar una parte importante de votantes que tanto desde la izquierda como de la derecha se movilizaron para frenar el avance del FN.<\/p>\n<p>La gran contradicci\u00f3n es que la \u201crenovaci\u00f3n\u201d, el \u201ccambio\u201d que encarna Macron no es m\u00e1s que la continuidad m\u00e1s acabada de la pol\u00edtica social-liberal del gobierno de Hollande, ampliamente repudiado por amplios sectores de la poblaci\u00f3n. Sobre la base de la crisis de los partidos tradicionales, de la voluntad de \u201cdar vuelta la p\u00e1gina\u201d de la pol\u00edtica de los mismos, lo que termina reafirm\u00e1ndose es una alternativa que continuar\u00e1 con la misma receta neoliberal aplicada tanto por la derecha como por la \u201cizquierda\u201d: se trata de cambiar algo para que no cambie nada. Es interesante se\u00f1alar a este respecto que, frente a opciones como el \u201ctatcherista\u201d Fillon que hubieran marcado una ruptura m\u00e1s profunda, m\u00e1s cualitativa con la situaci\u00f3n anterior, el gobierno de Macron parece marcar m\u00e1s bien una \u201ccontinuidad\u201d: no termina de implicar un giro reaccionario en regla que modifique profundamente las relaciones de fuerza.<\/p>\n<p>Sin embargo, no se puede perder de vista que Macron llegar\u00e1 al gobierno con el proyecto de profundizar a\u00fan m\u00e1s los ataques de los \u00faltimos a\u00f1os: flexibilizaci\u00f3n cada vez mayor del mercado laboral, supresi\u00f3n de 120.000 puestos de trabajo en el Estado, reforma del sistema de jubilaciones. Incluso en las \u00faltimas semanas subray\u00f3 su voluntad de avanzar en la reforma laboral por decreto para poder \u201cir r\u00e1pidamente\u201d: apoyado en un gran consenso burgu\u00e9s detr\u00e1s suyo (las Bolsas tuvieron una jornada de fiesta el lunes luego del resultado electoral), se trata de llevar adelante las reformas estructurales necesarias para recuperar competitividad sobre la base de destruir las conquistas de los trabajadores. Es por esto que lejos de constituir un \u201cfreno\u201d al Front National, Macron s\u00f3lo reforzar\u00e1 la situaci\u00f3n de regresi\u00f3n social que constituye su caldo de cultivo.<\/p>\n<p><strong>\u00bfHacia un gobierno de gran coalici\u00f3n?<\/strong><\/p>\n<p>El problema que se plantea luego de las elecciones presidenciales, que por el momento todo indica que las ganar\u00eda Macron con relativo margen, es el de c\u00f3mo formar una mayor\u00eda de gobierno estable que le permita a un candidato sin aparato pol\u00edtico propio llevar adelante su programa. Frente a una dispersi\u00f3n del electorado tan grande, las elecciones legislativas se anuncian tan fragmentadas como las presidenciales y podr\u00edan dar lugar a un parlamento sin una mayor\u00eda pol\u00edtica clara.<\/p>\n<p>En este marco, hay que destacar que precisamente la apuesta de Macron, y al parecer de sectores crecientes del personal pol\u00edtico, es la de apoyarse en el car\u00e1cter centrista de este movimiento, en el hecho de que est\u00e9 \u201cpor fuera de los partidos\u201d, para lograr constituir una mayor\u00eda transversal que vaya \u201cdesde la derecha de la izquierda hasta la izquierda de la derecha\u201d. Esto es lo que parecen reflejar las declaraciones de dirigentes de peso tanto del PS como de Los Republicanos respecto a la posibilidad de participar de un gobierno de Macron. En el caso del PS, del cual proviene Macron, Manuel Valls ha declarado expl\u00edcitamente la voluntad de formar parte de la pr\u00f3xima mayor\u00eda gubernamental; los dirigentes de Los Republicanos son por el momento m\u00e1s cautos y hablan de la posibilidad de \u201ctrabajar en com\u00fan\u201d o en todo caso de \u201capoyar las medidas que vayan en el buen sentido\u201d.<\/p>\n<p>Se tratar\u00eda de una modificaci\u00f3n profunda en el funcionamiento pol\u00edtico-institucional del r\u00e9gimen, que se apoy\u00f3 hist\u00f3ricamente en uno de los dos partidos tradicionales que una vez ganada la presidencia obten\u00edan el envi\u00f3n necesario para constituir una mayor\u00eda estable en las legislativas. Una modificaci\u00f3n en l\u00ednea con la que representar\u00eda la victoria de Macron: una presi\u00f3n redoblada hacia el centro pol\u00edtico, atrayendo a los sectores m\u00e1s moderados de ambas formaciones cl\u00e1sicas que, con el argumento de la \u201cgobernabilidad\u201d o de la \u201cuni\u00f3n republicana\u201d contra el Front National, podr\u00edan aliarse para llevar adelante las reformas que exige la burgues\u00eda. Un modelo directamente inspirado del caso alem\u00e1n, que ha visto la alternancia de la socialdemocracia y los conservadores pero donde la \u201cgran coalici\u00f3n\u201d ha sido la norma de gobierno, algo que es visto por sectores de la burgues\u00eda y de su personal pol\u00edtico franc\u00e9s como una de las fuentes de la estabilidad y el desarrollo econ\u00f3micos alemanes.<\/p>\n<p>Esto podr\u00eda a su vez acelerar el proceso que se\u00f1alamos previamente de delimitaci\u00f3n interna e incluso de explosi\u00f3n de esos partidos, que se reflejaron en las divergencias no menores expresadas en las primarias de ambos. La necesidad de otorgarle una mayor\u00eda parlamentaria a Macron implicar\u00eda una determinada decantaci\u00f3n de las diferencias entre las alas m\u00e1s moderadas y las m\u00e1s duras de estas formaciones, proceso que ya comienza a expresarse, principalmente en Los Republicanos, en torno a la consigna de voto de cara a la segunda vuelta.<\/p>\n<p>Pero esta soluci\u00f3n que podr\u00eda dar una cierta estabilidad al gobierno de Macron, no resolver\u00eda los problemas de fondo del r\u00e9gimen pol\u00edtico: al contrario, podr\u00eda profundizar a\u00fan m\u00e1s sus tendencias a la descomposici\u00f3n. Elegido sobre la base del desprestigio de los partidos tradicionales y del temor de una victoria del Front National, Macron se dedicar\u00eda a gobernar de la mano de estos mismos partidos tradicionales, y a llevar adelante las mismas pol\u00edticas antisociales que alimentan al FN. Adem\u00e1s, la presi\u00f3n hacia el centro pol\u00edtico de las alas moderadas de ambos partidos tambi\u00e9n provocar\u00eda un efecto centr\u00edfugo: arrojar en manos del Front National por derecha, y de Jean Luc Melenchon por izquierda, a los sectores que rechacen esta colaboraci\u00f3n con Macron.<\/p>\n<p>Esto reforzar\u00eda a\u00fan m\u00e1s las tendencias a la polarizaci\u00f3n que ya se expresaron en esta elecci\u00f3n, con dos candidatos exteriores al establishment tradicional y en particular a las pol\u00edticas pro-europeas, Le Pen y Melenchon, que obtuvieron alrededor del 20% de los votos cada uno. La perspectiva de una segunda vuelta entre ambos, que le puso los pelos de punta a los grandes medios y a los sectores industriales y financieros pro-europeos (como lo demostr\u00f3 en su momento el retroceso de las Bolsas) podr\u00eda volverse una realidad en 2022, si la respuesta del r\u00e9gimen pol\u00edtico a su crisis es la de una fuga hacia adelante organizada alrededor de los partidos y de las pol\u00edticas que fueron masivamente rechazadas en las urnas.<\/p>\n<p><strong>Construir la movilizaci\u00f3n contra Le Pen y Macron<\/strong><\/p>\n<p>De cara a la segunda vuelta, la presi\u00f3n hacia el \u201ctodo menos Le Pen\u201d aumenta, presentando al ultraliberal Macron como el mal menor frente a la candidata racista y xen\u00f3foba. La gran mayor\u00eda de los dirigentes pol\u00edticos tradicionales, los grandes medios, diversas personales llaman a votar por Macron o contra Le Pen, que sin duda es vista por amplios sectores como la expresi\u00f3n m\u00e1s concentrada de lo peor que tiene para ofrecernos esta sociedad y que votar\u00e1n tap\u00e1ndose la nariz por su opositor, tambi\u00e9n ampliamente detestados.<\/p>\n<p>Pero, como se\u00f1alamos, la victoria de Macron no puede ser un freno durable al Front National: al contrario, las pol\u00edticas que llevar\u00e1 adelante son la mejor garant\u00eda de que el partido de extrema derecha siga ganando terreno, en particular si es de la mano del conjunto del sistema partidario decadente que millones rechazan y que Le Pen denuncia hip\u00f3crita y demag\u00f3gicamente como la \u201celite pol\u00edtica\u201d. La \u00fanica manera de combatir al Front National verdaderamente es con la organizaci\u00f3n y la movilizaci\u00f3n independientes, apoyando la lucha de los inmigrantes, los refugiados, de las mujeres, de todos aquellos que son el blanco del discurso reaccionario del Front National; defendiendo nuestros derechos sociales y obteniendo nuevas conquistas que permitan hacer retroceder la situaci\u00f3n de desesperaci\u00f3n social que abre paso a este discurso reaccionario.<\/p>\n<p>Aunque la presi\u00f3n del \u201cfrente republicano\u201d sea enorme, entre aquellos que se movilizaron los \u00faltimos meses y a\u00f1os contra las pol\u00edticas antisociales de Hollande, entre aquellos que sufrieron en carne propia la represi\u00f3n y el giro autoritario impuesto para aprobarlas, entre los que de una u otra manera expresaron con su voto (a Melenchon o a Poutou) o por la abstenci\u00f3n la voluntad de romper con este sistema en descomposici\u00f3n, la posici\u00f3n de rechazar la imposici\u00f3n de elegir \u201centre la peste y el c\u00f3lera\u201d se hace fuerte y se cristaliza. \u201cNi patria ni patr\u00f3n; ni Le Pen ni Macron\u201d se hace eco entre amplios sectores de la vanguardia que se niegan a contribuir a legitimar como \u201cmal menor\u201d una nueva ofensiva contra los trabajadores y las clases populares.<\/p>\n<p>La primera tarea, entonces, es la de construir las movilizaciones no solamente contra el Front National, sino tambi\u00e9n para preparar la resistencia contra los futuros ataques de Macron. Cristalizar esta pol\u00edtica independiente que se expresa entre sectores sindicales, de la extrema izquierda organizada o autonomista e incluso de una parte importante de la base de Melenchon, en las pr\u00f3ximas movilizaciones como la del Primero de Mayo, constituyendo bloques de independencia de clase que se planten por igual contra ambas alternativas burguesas.<\/p>\n<p>Adem\u00e1s de esta respuesta en el plano social y de las movilizaciones, hay que construir una alternativa independiente en el plano pol\u00edtico. Mientras Jean Luc Melenchon no da una consigna de voto clara sino que hace una \u201cconsulta a sus adherentes\u201d y se reserva de \u201cdar su opini\u00f3n personal\u201d (aunque hay que se\u00f1alar el dato no menor de que por el momento resiste a la presi\u00f3n de apoyar a Macron), es esencial que desde el NPA se realice un claro llamado a la abstenci\u00f3n en la segunda vuelta, para darle una expresi\u00f3n a esta posici\u00f3n independiente.<\/p>\n<p>Por otra parte, aunque la tarea inmediata sea la de tomar las calles contra ambas alternativas, hay que plantearse desde ahora la necesidad de una intervenci\u00f3n electoral independiente en las legislativas. La campa\u00f1a de Philippe Poutou, a pesar de su modesto resultado, demostr\u00f3 la posibilidad de construir una alternativa pol\u00edtica de ruptura con el sistema, independiente de todos los candidatos burgueses, pero tambi\u00e9n del reformismo institucional de Melenchon y de su peligrosa deriva chauvinista. En el marco de una profundizaci\u00f3n de los ataques contra los trabajadores, de una posible agudizaci\u00f3n de la crisis del r\u00e9gimen pol\u00edtico y una mayor polarizaci\u00f3n, las oportunidades para la izquierda revolucionaria pueden verse redobladas: es nuestra responsabilidad aprovecharlas para construir una fuerte organizaci\u00f3n revolucionaria y evitar que sea la derecha reaccionaria la que capitalice la crisis del sistema.<\/p>\n","protected":false},"excerpt":{"rendered":"<p>Las elecciones presidenciales del pasado 23 de Abril han significado un terremoto pol\u00edtico en Francia. Por primera vez desde la instauraci\u00f3n de la V Rep\u00fablica por el General De Gaulle, los dos partidos que han estructurado la vida pol\u00edtica francesa de los \u00faltimos cuarenta a\u00f1os fueron eliminados desde la primera vuelta. Se trata de una [&hellip;]<\/p>\n","protected":false},"author":8,"featured_media":9637,"comment_status":"closed","ping_status":"closed","sticky":false,"template":"","format":"standard","meta":{"footnotes":""},"categories":[1690,1665],"tags":[1146,1705],"class_list":{"0":"post-9636","1":"post","2":"type-post","3":"status-publish","4":"format-standard","5":"has-post-thumbnail","7":"category-europa","8":"category-francia","9":"tag-ale-vinet","10":"tag-edicion-73"},"yoast_head":"<!-- This site is optimized with the Yoast SEO plugin v27.5 - https:\/\/yoast.com\/product\/yoast-seo-wordpress\/ -->\n<title>Elecciones presidenciales en Francia - \u00bfCambiar algo para que no cambie nada? - Socialismo o Barbarie<\/title>\n<meta name=\"robots\" content=\"index, follow, max-snippet:-1, max-image-preview:large, max-video-preview:-1\" \/>\n<link rel=\"canonical\" href=\"https:\/\/www.socialismoobarbarie.org\/?p=9636\" \/>\n<meta property=\"og:locale\" content=\"es_ES\" \/>\n<meta property=\"og:type\" content=\"article\" \/>\n<meta property=\"og:title\" content=\"Elecciones presidenciales en Francia - \u00bfCambiar algo para que no cambie nada? - Socialismo o Barbarie\" \/>\n<meta property=\"og:description\" content=\"Las elecciones presidenciales del pasado 23 de Abril han significado un terremoto pol\u00edtico en Francia. Por primera vez desde la instauraci\u00f3n de la V Rep\u00fablica por el General De Gaulle, los dos partidos que han estructurado la vida pol\u00edtica francesa de los \u00faltimos cuarenta a\u00f1os fueron eliminados desde la primera vuelta. Se trata de una [&hellip;]\" \/>\n<meta property=\"og:url\" content=\"https:\/\/www.socialismoobarbarie.org\/?p=9636\" \/>\n<meta property=\"og:site_name\" content=\"Socialismo o Barbarie\" \/>\n<meta property=\"article:published_time\" content=\"2017-04-28T02:26:35+00:00\" \/>\n<meta property=\"article:modified_time\" content=\"2019-11-20T14:22:53+00:00\" \/>\n<meta property=\"og:image\" content=\"https:\/\/www.socialismoobarbarie.org\/wp-content\/uploads\/2017\/04\/cnn-francia-macron-le-pen-e1493346373886.jpg\" \/>\n\t<meta property=\"og:image:width\" content=\"700\" \/>\n\t<meta property=\"og:image:height\" content=\"393\" \/>\n\t<meta property=\"og:image:type\" content=\"image\/jpeg\" \/>\n<meta name=\"author\" content=\"SOB\" \/>\n<meta name=\"twitter:card\" content=\"summary_large_image\" \/>\n<meta name=\"twitter:label1\" content=\"Escrito por\" \/>\n\t<meta name=\"twitter:data1\" content=\"SOB\" \/>\n\t<meta name=\"twitter:label2\" content=\"Tiempo de lectura\" \/>\n\t<meta name=\"twitter:data2\" content=\"19 minutos\" \/>\n<script type=\"application\/ld+json\" class=\"yoast-schema-graph\">{\"@context\":\"https:\\\/\\\/schema.org\",\"@graph\":[{\"@type\":\"Article\",\"@id\":\"https:\\\/\\\/www.socialismoobarbarie.org\\\/?p=9636#article\",\"isPartOf\":{\"@id\":\"https:\\\/\\\/www.socialismoobarbarie.org\\\/?p=9636\"},\"author\":{\"name\":\"SOB\",\"@id\":\"https:\\\/\\\/www.socialismoobarbarie.org\\\/#\\\/schema\\\/person\\\/bc1c3b321d47ed092405949c77e35a8e\"},\"headline\":\"Elecciones presidenciales en Francia &#8211; \u00bfCambiar algo para que no cambie nada?\",\"datePublished\":\"2017-04-28T02:26:35+00:00\",\"dateModified\":\"2019-11-20T14:22:53+00:00\",\"mainEntityOfPage\":{\"@id\":\"https:\\\/\\\/www.socialismoobarbarie.org\\\/?p=9636\"},\"wordCount\":3714,\"publisher\":{\"@id\":\"https:\\\/\\\/www.socialismoobarbarie.org\\\/#organization\"},\"image\":{\"@id\":\"https:\\\/\\\/www.socialismoobarbarie.org\\\/?p=9636#primaryimage\"},\"thumbnailUrl\":\"https:\\\/\\\/www.socialismoobarbarie.org\\\/wp-content\\\/uploads\\\/2017\\\/04\\\/cnn-francia-macron-le-pen-e1493346373886.jpg\",\"keywords\":[\"Ale Vinet\",\"Edicion 73\"],\"articleSection\":[\"Europa\",\"Francia\"],\"inLanguage\":\"es\"},{\"@type\":\"WebPage\",\"@id\":\"https:\\\/\\\/www.socialismoobarbarie.org\\\/?p=9636\",\"url\":\"https:\\\/\\\/www.socialismoobarbarie.org\\\/?p=9636\",\"name\":\"Elecciones presidenciales en Francia - \u00bfCambiar algo para que no cambie nada? - Socialismo o Barbarie\",\"isPartOf\":{\"@id\":\"https:\\\/\\\/www.socialismoobarbarie.org\\\/#website\"},\"primaryImageOfPage\":{\"@id\":\"https:\\\/\\\/www.socialismoobarbarie.org\\\/?p=9636#primaryimage\"},\"image\":{\"@id\":\"https:\\\/\\\/www.socialismoobarbarie.org\\\/?p=9636#primaryimage\"},\"thumbnailUrl\":\"https:\\\/\\\/www.socialismoobarbarie.org\\\/wp-content\\\/uploads\\\/2017\\\/04\\\/cnn-francia-macron-le-pen-e1493346373886.jpg\",\"datePublished\":\"2017-04-28T02:26:35+00:00\",\"dateModified\":\"2019-11-20T14:22:53+00:00\",\"breadcrumb\":{\"@id\":\"https:\\\/\\\/www.socialismoobarbarie.org\\\/?p=9636#breadcrumb\"},\"inLanguage\":\"es\",\"potentialAction\":[{\"@type\":\"ReadAction\",\"target\":[\"https:\\\/\\\/www.socialismoobarbarie.org\\\/?p=9636\"]}]},{\"@type\":\"ImageObject\",\"inLanguage\":\"es\",\"@id\":\"https:\\\/\\\/www.socialismoobarbarie.org\\\/?p=9636#primaryimage\",\"url\":\"https:\\\/\\\/www.socialismoobarbarie.org\\\/wp-content\\\/uploads\\\/2017\\\/04\\\/cnn-francia-macron-le-pen-e1493346373886.jpg\",\"contentUrl\":\"https:\\\/\\\/www.socialismoobarbarie.org\\\/wp-content\\\/uploads\\\/2017\\\/04\\\/cnn-francia-macron-le-pen-e1493346373886.jpg\",\"width\":700,\"height\":393},{\"@type\":\"BreadcrumbList\",\"@id\":\"https:\\\/\\\/www.socialismoobarbarie.org\\\/?p=9636#breadcrumb\",\"itemListElement\":[{\"@type\":\"ListItem\",\"position\":1,\"name\":\"Portada\",\"item\":\"https:\\\/\\\/www.socialismoobarbarie.org\\\/\"},{\"@type\":\"ListItem\",\"position\":2,\"name\":\"Elecciones presidenciales en Francia &#8211; \u00bfCambiar algo para que no cambie nada?\"}]},{\"@type\":\"WebSite\",\"@id\":\"https:\\\/\\\/www.socialismoobarbarie.org\\\/#website\",\"url\":\"https:\\\/\\\/www.socialismoobarbarie.org\\\/\",\"name\":\"Socialismo o Barbarie\",\"description\":\"Sitio web de la corriente internacional Socialismo o Barbarie\",\"publisher\":{\"@id\":\"https:\\\/\\\/www.socialismoobarbarie.org\\\/#organization\"},\"potentialAction\":[{\"@type\":\"SearchAction\",\"target\":{\"@type\":\"EntryPoint\",\"urlTemplate\":\"https:\\\/\\\/www.socialismoobarbarie.org\\\/?s={search_term_string}\"},\"query-input\":{\"@type\":\"PropertyValueSpecification\",\"valueRequired\":true,\"valueName\":\"search_term_string\"}}],\"inLanguage\":\"es\"},{\"@type\":\"Organization\",\"@id\":\"https:\\\/\\\/www.socialismoobarbarie.org\\\/#organization\",\"name\":\"Socialismo o Barbarie\",\"url\":\"https:\\\/\\\/www.socialismoobarbarie.org\\\/\",\"logo\":{\"@type\":\"ImageObject\",\"inLanguage\":\"es\",\"@id\":\"https:\\\/\\\/www.socialismoobarbarie.org\\\/#\\\/schema\\\/logo\\\/image\\\/\",\"url\":\"https:\\\/\\\/www.socialismoobarbarie.org\\\/wp-content\\\/uploads\\\/2025\\\/02\\\/soblogoweb-2025.png\",\"contentUrl\":\"https:\\\/\\\/www.socialismoobarbarie.org\\\/wp-content\\\/uploads\\\/2025\\\/02\\\/soblogoweb-2025.png\",\"width\":450,\"height\":161,\"caption\":\"Socialismo o Barbarie\"},\"image\":{\"@id\":\"https:\\\/\\\/www.socialismoobarbarie.org\\\/#\\\/schema\\\/logo\\\/image\\\/\"}},{\"@type\":\"Person\",\"@id\":\"https:\\\/\\\/www.socialismoobarbarie.org\\\/#\\\/schema\\\/person\\\/bc1c3b321d47ed092405949c77e35a8e\",\"name\":\"SOB\",\"url\":\"https:\\\/\\\/www.socialismoobarbarie.org\\\/?author=8\"}]}<\/script>\n<!-- \/ Yoast SEO plugin. -->","yoast_head_json":{"title":"Elecciones presidenciales en Francia - \u00bfCambiar algo para que no cambie nada? - Socialismo o Barbarie","robots":{"index":"index","follow":"follow","max-snippet":"max-snippet:-1","max-image-preview":"max-image-preview:large","max-video-preview":"max-video-preview:-1"},"canonical":"https:\/\/www.socialismoobarbarie.org\/?p=9636","og_locale":"es_ES","og_type":"article","og_title":"Elecciones presidenciales en Francia - \u00bfCambiar algo para que no cambie nada? - Socialismo o Barbarie","og_description":"Las elecciones presidenciales del pasado 23 de Abril han significado un terremoto pol\u00edtico en Francia. Por primera vez desde la instauraci\u00f3n de la V Rep\u00fablica por el General De Gaulle, los dos partidos que han estructurado la vida pol\u00edtica francesa de los \u00faltimos cuarenta a\u00f1os fueron eliminados desde la primera vuelta. Se trata de una [&hellip;]","og_url":"https:\/\/www.socialismoobarbarie.org\/?p=9636","og_site_name":"Socialismo o Barbarie","article_published_time":"2017-04-28T02:26:35+00:00","article_modified_time":"2019-11-20T14:22:53+00:00","og_image":[{"width":700,"height":393,"url":"https:\/\/www.socialismoobarbarie.org\/wp-content\/uploads\/2017\/04\/cnn-francia-macron-le-pen-e1493346373886.jpg","type":"image\/jpeg"}],"author":"SOB","twitter_card":"summary_large_image","twitter_misc":{"Escrito por":"SOB","Tiempo de lectura":"19 minutos"},"schema":{"@context":"https:\/\/schema.org","@graph":[{"@type":"Article","@id":"https:\/\/www.socialismoobarbarie.org\/?p=9636#article","isPartOf":{"@id":"https:\/\/www.socialismoobarbarie.org\/?p=9636"},"author":{"name":"SOB","@id":"https:\/\/www.socialismoobarbarie.org\/#\/schema\/person\/bc1c3b321d47ed092405949c77e35a8e"},"headline":"Elecciones presidenciales en Francia &#8211; \u00bfCambiar algo para que no cambie nada?","datePublished":"2017-04-28T02:26:35+00:00","dateModified":"2019-11-20T14:22:53+00:00","mainEntityOfPage":{"@id":"https:\/\/www.socialismoobarbarie.org\/?p=9636"},"wordCount":3714,"publisher":{"@id":"https:\/\/www.socialismoobarbarie.org\/#organization"},"image":{"@id":"https:\/\/www.socialismoobarbarie.org\/?p=9636#primaryimage"},"thumbnailUrl":"https:\/\/www.socialismoobarbarie.org\/wp-content\/uploads\/2017\/04\/cnn-francia-macron-le-pen-e1493346373886.jpg","keywords":["Ale Vinet","Edicion 73"],"articleSection":["Europa","Francia"],"inLanguage":"es"},{"@type":"WebPage","@id":"https:\/\/www.socialismoobarbarie.org\/?p=9636","url":"https:\/\/www.socialismoobarbarie.org\/?p=9636","name":"Elecciones presidenciales en Francia - \u00bfCambiar algo para que no cambie nada? - Socialismo o Barbarie","isPartOf":{"@id":"https:\/\/www.socialismoobarbarie.org\/#website"},"primaryImageOfPage":{"@id":"https:\/\/www.socialismoobarbarie.org\/?p=9636#primaryimage"},"image":{"@id":"https:\/\/www.socialismoobarbarie.org\/?p=9636#primaryimage"},"thumbnailUrl":"https:\/\/www.socialismoobarbarie.org\/wp-content\/uploads\/2017\/04\/cnn-francia-macron-le-pen-e1493346373886.jpg","datePublished":"2017-04-28T02:26:35+00:00","dateModified":"2019-11-20T14:22:53+00:00","breadcrumb":{"@id":"https:\/\/www.socialismoobarbarie.org\/?p=9636#breadcrumb"},"inLanguage":"es","potentialAction":[{"@type":"ReadAction","target":["https:\/\/www.socialismoobarbarie.org\/?p=9636"]}]},{"@type":"ImageObject","inLanguage":"es","@id":"https:\/\/www.socialismoobarbarie.org\/?p=9636#primaryimage","url":"https:\/\/www.socialismoobarbarie.org\/wp-content\/uploads\/2017\/04\/cnn-francia-macron-le-pen-e1493346373886.jpg","contentUrl":"https:\/\/www.socialismoobarbarie.org\/wp-content\/uploads\/2017\/04\/cnn-francia-macron-le-pen-e1493346373886.jpg","width":700,"height":393},{"@type":"BreadcrumbList","@id":"https:\/\/www.socialismoobarbarie.org\/?p=9636#breadcrumb","itemListElement":[{"@type":"ListItem","position":1,"name":"Portada","item":"https:\/\/www.socialismoobarbarie.org\/"},{"@type":"ListItem","position":2,"name":"Elecciones presidenciales en Francia &#8211; \u00bfCambiar algo para que no cambie nada?"}]},{"@type":"WebSite","@id":"https:\/\/www.socialismoobarbarie.org\/#website","url":"https:\/\/www.socialismoobarbarie.org\/","name":"Socialismo o Barbarie","description":"Sitio web de la corriente internacional Socialismo o Barbarie","publisher":{"@id":"https:\/\/www.socialismoobarbarie.org\/#organization"},"potentialAction":[{"@type":"SearchAction","target":{"@type":"EntryPoint","urlTemplate":"https:\/\/www.socialismoobarbarie.org\/?s={search_term_string}"},"query-input":{"@type":"PropertyValueSpecification","valueRequired":true,"valueName":"search_term_string"}}],"inLanguage":"es"},{"@type":"Organization","@id":"https:\/\/www.socialismoobarbarie.org\/#organization","name":"Socialismo o Barbarie","url":"https:\/\/www.socialismoobarbarie.org\/","logo":{"@type":"ImageObject","inLanguage":"es","@id":"https:\/\/www.socialismoobarbarie.org\/#\/schema\/logo\/image\/","url":"https:\/\/www.socialismoobarbarie.org\/wp-content\/uploads\/2025\/02\/soblogoweb-2025.png","contentUrl":"https:\/\/www.socialismoobarbarie.org\/wp-content\/uploads\/2025\/02\/soblogoweb-2025.png","width":450,"height":161,"caption":"Socialismo o Barbarie"},"image":{"@id":"https:\/\/www.socialismoobarbarie.org\/#\/schema\/logo\/image\/"}},{"@type":"Person","@id":"https:\/\/www.socialismoobarbarie.org\/#\/schema\/person\/bc1c3b321d47ed092405949c77e35a8e","name":"SOB","url":"https:\/\/www.socialismoobarbarie.org\/?author=8"}]}},"_links":{"self":[{"href":"https:\/\/www.socialismoobarbarie.org\/index.php?rest_route=\/wp\/v2\/posts\/9636","targetHints":{"allow":["GET"]}}],"collection":[{"href":"https:\/\/www.socialismoobarbarie.org\/index.php?rest_route=\/wp\/v2\/posts"}],"about":[{"href":"https:\/\/www.socialismoobarbarie.org\/index.php?rest_route=\/wp\/v2\/types\/post"}],"author":[{"embeddable":true,"href":"https:\/\/www.socialismoobarbarie.org\/index.php?rest_route=\/wp\/v2\/users\/8"}],"replies":[{"embeddable":true,"href":"https:\/\/www.socialismoobarbarie.org\/index.php?rest_route=%2Fwp%2Fv2%2Fcomments&post=9636"}],"version-history":[{"count":1,"href":"https:\/\/www.socialismoobarbarie.org\/index.php?rest_route=\/wp\/v2\/posts\/9636\/revisions"}],"predecessor-version":[{"id":9638,"href":"https:\/\/www.socialismoobarbarie.org\/index.php?rest_route=\/wp\/v2\/posts\/9636\/revisions\/9638"}],"wp:featuredmedia":[{"embeddable":true,"href":"https:\/\/www.socialismoobarbarie.org\/index.php?rest_route=\/wp\/v2\/media\/9637"}],"wp:attachment":[{"href":"https:\/\/www.socialismoobarbarie.org\/index.php?rest_route=%2Fwp%2Fv2%2Fmedia&parent=9636"}],"wp:term":[{"taxonomy":"category","embeddable":true,"href":"https:\/\/www.socialismoobarbarie.org\/index.php?rest_route=%2Fwp%2Fv2%2Fcategories&post=9636"},{"taxonomy":"post_tag","embeddable":true,"href":"https:\/\/www.socialismoobarbarie.org\/index.php?rest_route=%2Fwp%2Fv2%2Ftags&post=9636"}],"curies":[{"name":"wp","href":"https:\/\/api.w.org\/{rel}","templated":true}]}}