{"id":9699,"date":"2017-05-10T17:31:48","date_gmt":"2017-05-10T20:31:48","guid":{"rendered":"https:\/\/www.socialismoobarbarie.org\/?p=9699"},"modified":"2018-07-12T19:18:41","modified_gmt":"2018-07-12T22:18:41","slug":"argentina-el-10m-todos-a-las-calles-contra-el-2x1-de-macri","status":"publish","type":"post","link":"https:\/\/www.socialismoobarbarie.org\/?p=9699","title":{"rendered":"Argentina &#8211; El 10M, todos a las calles contra el 2\u00d71 de Macri"},"content":{"rendered":"<h2><strong>FUERA HIGHTON, ROSENKRANTZ Y ROSATTI<\/strong><\/h2>\n<h3><strong>QUE SE VAYAN TODOS LOS JUECES Y FUNCIONARIOS QUE AMPARAN GENOCIDAS<\/strong><\/h3>\n<p>En sinton\u00eda con la pol\u00edtica de negaci\u00f3n del genocidio del gobierno de Macri, la Corte Suprema de Justicia sancion\u00f3 una suerte de indulto encubierto con su fallo del 3 de mayo pasado que, bajo el \u201c2\u00d71\u201d, dej\u00f3 en libertad al represor Luis Mui\u00f1a y abri\u00f3 la puerta para que salgan Astiz, el Tigre Acosta y los centenares de responsables de la desaparici\u00f3n y asesinato de 30 mil compa\u00f1eros detenidos-desaparecidos, encarcelados por la lucha de tantos a\u00f1os.<\/p>\n<p>Hay que derrotar ya este zarpazo reaccionario, que pretende consagrar la impunidad de los genocidas e imponer un balance hist\u00f3rico en el que se justifica el rol de las fuerzas armadas en los \u201970: garantizar, a costa de un genocidio, el orden capitalista amenazado por los obreros y estudiantes en el proceso abierto con el Cordobazo.<\/p>\n<p>Esta relectura del pasado es funcional a un gobierno que vino a barrer con las conquistas que los trabajadores y los sectores populares conseguimos estos a\u00f1os como producto de la rebeli\u00f3n del 19 y 20 de diciembre del 2001. Esa es la relaci\u00f3n entre este fallo provocador y los despidos, las paritarias a la baja, los ataques a los convenios de trabajo, la represi\u00f3n a los luchadores y la criminalizaci\u00f3n de la protesta social de estos d\u00edas. <strong>Busca infringir una derrota en la memoria hist\u00f3rica de los trabajadores, la juventud y los organismos de derechos humanos, para volcar la relaci\u00f3n de fuerzas del pa\u00eds actual a favor de la clase capitalista y el imperialismo<\/strong>.<\/p>\n<p>Para frenar este ataque hay que construir una enorme marcha a Plaza de Mayo este mi\u00e9rcoles 10, y todas las acciones de lucha necesarias hasta que caiga el 2\u00d71 para los genocidas, se frene la domiciliaria a represores como Etchecolatz y se vayan Highton, Rosenkrantz y Rosatti, as\u00ed como todo juez o funcionario que ampare las violaciones a los derechos humanos, empezando por G\u00f3mez Centuri\u00f3n y Lop\u00e9rfido, que siguen con cargos en el gobierno de Macri pese a su negaci\u00f3n abierta y provocadora de los 30 mil detenidos-desaparecidos. Cualquier pol\u00edtica sectaria ser\u00eda una dificultad para las tareas planteadas.<\/p>\n<p><strong>EL KIRCHNERISMO TAMBI\u00c9N ES RESPONSABLE<\/strong><\/p>\n<p>Pero tan necesario como impulsar la unidad de acci\u00f3n para el 10\/5 es establecer una clara delimitaci\u00f3n del kirchnerismo, <strong>que se niega a derrotar en las calles las ofensivas de Macri porque est\u00e1 comprometido con la \u201cgobernabilidad\u201d capitalista.<\/strong> Los dos jueces puestos por el macrismo, Rozenkrantz y Rosatti, que dictaron el fallo junto a Highton, fueron votados en el senado por el kirchnerismo y el peronismo. M\u00e1s a\u00fan, Rosatti fue \u00a1ministro de Justicia y Derechos Humanos de N\u00e9stor Kirchner!<\/p>\n<p>El kirchnerismo fue el que puso al represor Milani como jefe del Ej\u00e9rcito; el que permiti\u00f3 que los juicios no sean por centro de detenci\u00f3n sino a cuentagotas y fragmentados, lo que deriv\u00f3 en que a 41 a\u00f1os muchos represores a\u00fan no hayan sido juzgados; el que volvi\u00f3 a hacer desfilar al ej\u00e9rcito lav\u00e1ndole la cara en la \u201cFiesta del Bicentenario\u201d; el que deslig\u00f3 la lucha por la justicia de ayer de la de hoy, evitando que cayeran en la c\u00e1rcel los presidentes De la R\u00faa y Duhalde por los compa\u00f1eros asesinados el 20 de diciembre de 2001 y en el Puente Pueyrred\u00f3n en el 2002.<\/p>\n<p>El papel del kirchnerismo en el conflicto docente es una muestra de ad\u00f3nde lleva su pol\u00edtica: su negativa a profundizar la lucha desde abajo despu\u00e9s de jornadas multitudinarias en Plaza de Mayo, desgast\u00f3 la pelea y dej\u00f3 al gobierno con la iniciativa. Con sus alas izquierdas y derechas, todos los partidos patronales de oposici\u00f3n y el conjunto de la burocracia sindical,<strong> juran respetar la gobernabilidad y entonces desv\u00edan todas las luchas al camino institucional<\/strong>. As\u00ed se disip\u00f3 \u2013moment\u00e1neamente\u2013 la fuerza de los trabajadores, la juventud y las mujeres mostradas en las jornadas del 6, 7 y 8 de marzo y en el paro general del 6 de abril. Desde la burocracia traidora de la CGT a la \u201cprogre\u201d de la CTERA, desde el Frente Renovador hasta el kirchnerismo, <strong>todos ellos le hacen el juego a Macri impidiendo su derrota. <\/strong><\/p>\n<p><strong>HAY QUE ECHARLOS CON LA MOVILIZACI\u00d3N<\/strong><\/p>\n<p>La enorme indignaci\u00f3n que provoc\u00f3 el fallo de la Corte hizo que el gobierno intentara deslindar responsabilidades. Primero el ministro de Justicia Garavano dijo estar en contra del fallo \u201cporque est\u00e1 en contra del 2\u00d71 en cualquier caso\u201d, igualando a los genocidas con los ladrones de gallinas y pobres que purgan en las c\u00e1rceles sin siquiera tener condena. Luego Marcos Pe\u00f1a fue m\u00e1s all\u00e1 y dijo que est\u00e1 en contra del 2\u00d71 en todos los casos pero \u201cespecialmente en los de delitos de lesa humanidad\u201d\u2026 Recordemos que Avruj, secretario de Derechos Humanos, hab\u00eda reconocido, apurado por un periodista<strong>, que estaba a favor del fallo.<\/strong><\/p>\n<p>Los dos jueces puestos por el macrismo votaron a favor, sus funcionarios abiertamente niegan la cantidad de desaparecidos, intentaron meter presa a Hebe de Bonafini, Macri en persona habla de \u201cacabar con el curro de los derechos humanos\u201d\u2026 \u00a1y el gobierno nos quiere hacer creer que no tiene nada que ver con el fallo!<\/p>\n<p>La lucha por derrotar el 2\u00d71, echar a los jueces de la Corte que lo votaron y a todo juez o funcionario que ampare genocidas <strong>es una lucha contra el gobierno de Macri<\/strong>, que mientras intenta p\u00fablicamente pagar menor costo pol\u00edtico, va a sostener con todas sus fuerzas este paso que dieron. Recordemos que d\u00edas antes del fallo fue la propia Iglesia Cat\u00f3lica la que breg\u00f3 por la impunidad de los genocidas bajo el eufemismo de la \u201creconciliaci\u00f3n\u201d.<\/p>\n<p>La pelea por derrotar la impunidad tiene tambi\u00e9n un cap\u00edtulo de importancia en la lucha por encarcelar a los cuatro militares que abusaron de nuestra compa\u00f1era de Las Rojas y el Nuevo MAS, Laura Lescano, estudiante y docente, a la salida de la Universidad de General Sarmiento.<\/p>\n<p><strong>MARCH\u00c1 CON EL NUEVO MAS Y LA IZQUIERDA AL FRENTE POR EL SOCIALISMO<\/strong><\/p>\n<p>La pelea est\u00e1 abierta y la tenemos que ganar. Te invitamos a sumarte a la columna del Nuevo MAS y de la Izquierda al Frente por el Socialismo, que integramos con el MST, que nuevamente estar\u00e1 en las calles el 10 de mayo en la lucha contra el gobierno de Macri, luego de lanzarnos p\u00fablicamente el 1\u00ba de Mayo en un entusiasta acto que fue parte de la escena pol\u00edtica nacional. Sumate a nuestro partido y al nuevo frente, que es una herramienta de lucha para derrotar la impunidad y por una alternativa de los trabajadores, los j\u00f3venes y las mujeres.<\/p>\n<p>&nbsp;<\/p>\n<p><strong>EL 10\/5, TODOS A LAS CALLES, 17 HS. EN AVENIDA DE MAYO Y 9 DE JULIO<\/strong><\/p>\n<p><strong>ABAJO EL 2X1 DE MACRI<\/strong><\/p>\n<p><strong>FUERA HIGHTON, ROSENKRANTZ Y ROSATTI<\/strong><\/p>\n<p><strong>QUE SE VAYAN TODOS LOS JUECES Y FUNCIONARIOS QUE AMPARAN GENOCIDAS<\/strong><\/p>\n<p><strong>FUE GENOCIDIO, SON 30 MIL<\/strong><\/p>\n<p><strong>CONTRA LA REPRESI\u00d3N DE AYER Y DE HOY<\/strong><\/p>\n<p><strong>JUSTICIA PARA LAURA LESCANO<\/strong><\/p>\n","protected":false},"excerpt":{"rendered":"<p>FUERA HIGHTON, ROSENKRANTZ Y ROSATTI QUE SE VAYAN TODOS LOS JUECES Y FUNCIONARIOS QUE AMPARAN GENOCIDAS En sinton\u00eda con la pol\u00edtica de negaci\u00f3n del genocidio del gobierno de Macri, la Corte Suprema de Justicia sancion\u00f3 una suerte de indulto encubierto con su fallo del 3 de mayo pasado que, bajo el \u201c2\u00d71\u201d, dej\u00f3 en libertad [&hellip;]<\/p>\n","protected":false},"author":8,"featured_media":9700,"comment_status":"closed","ping_status":"closed","sticky":false,"template":"","format":"standard","meta":{"footnotes":""},"categories":[122,1656],"tags":[1710],"class_list":{"0":"post-9699","1":"post","2":"type-post","3":"status-publish","4":"format-standard","5":"has-post-thumbnail","7":"category-america-latina-y-el-caribe","8":"category-argentina","9":"tag-edicion-75"},"yoast_head":"<!-- This site is optimized with the Yoast SEO plugin v28.2 - https:\/\/yoast.com\/product\/yoast-seo-wordpress\/ -->\n<title>Argentina - El 10M, todos a las calles contra el 2\u00d71 de Macri - Socialismo o Barbarie<\/title>\n<meta name=\"robots\" content=\"index, follow, max-snippet:-1, max-image-preview:large, max-video-preview:-1\" \/>\n<link rel=\"canonical\" href=\"https:\/\/www.socialismoobarbarie.org\/?p=9699\" \/>\n<meta property=\"og:locale\" content=\"es_ES\" \/>\n<meta property=\"og:type\" content=\"article\" \/>\n<meta property=\"og:title\" content=\"Argentina - El 10M, todos a las calles contra el 2\u00d71 de Macri - Socialismo o Barbarie\" \/>\n<meta property=\"og:description\" content=\"FUERA HIGHTON, ROSENKRANTZ Y ROSATTI QUE SE VAYAN TODOS LOS JUECES Y FUNCIONARIOS QUE AMPARAN GENOCIDAS En sinton\u00eda con la pol\u00edtica de negaci\u00f3n del genocidio del gobierno de Macri, la Corte Suprema de Justicia sancion\u00f3 una suerte de indulto encubierto con su fallo del 3 de mayo pasado que, bajo el \u201c2\u00d71\u201d, dej\u00f3 en libertad [&hellip;]\" \/>\n<meta property=\"og:url\" content=\"https:\/\/www.socialismoobarbarie.org\/?p=9699\" \/>\n<meta property=\"og:site_name\" content=\"Socialismo o Barbarie\" \/>\n<meta property=\"article:published_time\" content=\"2017-05-10T20:31:48+00:00\" \/>\n<meta property=\"article:modified_time\" content=\"2018-07-12T22:18:41+00:00\" \/>\n<meta property=\"og:image\" content=\"https:\/\/www.socialismoobarbarie.org\/wp-content\/uploads\/2017\/05\/FLYER-e1494207942974.jpg\" \/>\n\t<meta property=\"og:image:width\" content=\"700\" \/>\n\t<meta property=\"og:image:height\" content=\"525\" \/>\n\t<meta property=\"og:image:type\" content=\"image\/jpeg\" \/>\n<meta name=\"author\" content=\"SOB\" \/>\n<meta name=\"twitter:card\" content=\"summary_large_image\" \/>\n<meta name=\"twitter:label1\" content=\"Escrito por\" \/>\n\t<meta name=\"twitter:data1\" content=\"SOB\" \/>\n\t<meta name=\"twitter:label2\" content=\"Tiempo de lectura\" \/>\n\t<meta name=\"twitter:data2\" content=\"6 minutos\" \/>\n<script type=\"application\/ld+json\" class=\"yoast-schema-graph\">{\"@context\":\"https:\\\/\\\/schema.org\",\"@graph\":[{\"@type\":\"Article\",\"@id\":\"https:\\\/\\\/www.socialismoobarbarie.org\\\/?p=9699#article\",\"isPartOf\":{\"@id\":\"https:\\\/\\\/www.socialismoobarbarie.org\\\/?p=9699\"},\"author\":{\"name\":\"SOB\",\"@id\":\"https:\\\/\\\/www.socialismoobarbarie.org\\\/#\\\/schema\\\/person\\\/bc1c3b321d47ed092405949c77e35a8e\"},\"headline\":\"Argentina &#8211; El 10M, todos a las calles contra el 2\u00d71 de Macri\",\"datePublished\":\"2017-05-10T20:31:48+00:00\",\"dateModified\":\"2018-07-12T22:18:41+00:00\",\"mainEntityOfPage\":{\"@id\":\"https:\\\/\\\/www.socialismoobarbarie.org\\\/?p=9699\"},\"wordCount\":1195,\"publisher\":{\"@id\":\"https:\\\/\\\/www.socialismoobarbarie.org\\\/#organization\"},\"image\":{\"@id\":\"https:\\\/\\\/www.socialismoobarbarie.org\\\/?p=9699#primaryimage\"},\"thumbnailUrl\":\"https:\\\/\\\/www.socialismoobarbarie.org\\\/wp-content\\\/uploads\\\/2017\\\/05\\\/FLYER-e1494207942974.jpg\",\"keywords\":[\"Edicion 75\"],\"articleSection\":[\"Am\u00e9rica Latina\",\"Argentina\"],\"inLanguage\":\"es\"},{\"@type\":\"WebPage\",\"@id\":\"https:\\\/\\\/www.socialismoobarbarie.org\\\/?p=9699\",\"url\":\"https:\\\/\\\/www.socialismoobarbarie.org\\\/?p=9699\",\"name\":\"Argentina - El 10M, todos a las calles contra el 2\u00d71 de Macri - Socialismo o Barbarie\",\"isPartOf\":{\"@id\":\"https:\\\/\\\/www.socialismoobarbarie.org\\\/#website\"},\"primaryImageOfPage\":{\"@id\":\"https:\\\/\\\/www.socialismoobarbarie.org\\\/?p=9699#primaryimage\"},\"image\":{\"@id\":\"https:\\\/\\\/www.socialismoobarbarie.org\\\/?p=9699#primaryimage\"},\"thumbnailUrl\":\"https:\\\/\\\/www.socialismoobarbarie.org\\\/wp-content\\\/uploads\\\/2017\\\/05\\\/FLYER-e1494207942974.jpg\",\"datePublished\":\"2017-05-10T20:31:48+00:00\",\"dateModified\":\"2018-07-12T22:18:41+00:00\",\"breadcrumb\":{\"@id\":\"https:\\\/\\\/www.socialismoobarbarie.org\\\/?p=9699#breadcrumb\"},\"inLanguage\":\"es\",\"potentialAction\":[{\"@type\":\"ReadAction\",\"target\":[\"https:\\\/\\\/www.socialismoobarbarie.org\\\/?p=9699\"]}]},{\"@type\":\"ImageObject\",\"inLanguage\":\"es\",\"@id\":\"https:\\\/\\\/www.socialismoobarbarie.org\\\/?p=9699#primaryimage\",\"url\":\"https:\\\/\\\/www.socialismoobarbarie.org\\\/wp-content\\\/uploads\\\/2017\\\/05\\\/FLYER-e1494207942974.jpg\",\"contentUrl\":\"https:\\\/\\\/www.socialismoobarbarie.org\\\/wp-content\\\/uploads\\\/2017\\\/05\\\/FLYER-e1494207942974.jpg\",\"width\":700,\"height\":525},{\"@type\":\"BreadcrumbList\",\"@id\":\"https:\\\/\\\/www.socialismoobarbarie.org\\\/?p=9699#breadcrumb\",\"itemListElement\":[{\"@type\":\"ListItem\",\"position\":1,\"name\":\"Portada\",\"item\":\"https:\\\/\\\/www.socialismoobarbarie.org\\\/\"},{\"@type\":\"ListItem\",\"position\":2,\"name\":\"Argentina &#8211; El 10M, todos a las calles contra el 2\u00d71 de Macri\"}]},{\"@type\":\"WebSite\",\"@id\":\"https:\\\/\\\/www.socialismoobarbarie.org\\\/#website\",\"url\":\"https:\\\/\\\/www.socialismoobarbarie.org\\\/\",\"name\":\"Socialismo o Barbarie\",\"description\":\"Sitio web de la corriente internacional Socialismo o Barbarie\",\"publisher\":{\"@id\":\"https:\\\/\\\/www.socialismoobarbarie.org\\\/#organization\"},\"potentialAction\":[{\"@type\":\"SearchAction\",\"target\":{\"@type\":\"EntryPoint\",\"urlTemplate\":\"https:\\\/\\\/www.socialismoobarbarie.org\\\/?s={search_term_string}\"},\"query-input\":{\"@type\":\"PropertyValueSpecification\",\"valueRequired\":true,\"valueName\":\"search_term_string\"}}],\"inLanguage\":\"es\"},{\"@type\":\"Organization\",\"@id\":\"https:\\\/\\\/www.socialismoobarbarie.org\\\/#organization\",\"name\":\"Socialismo o Barbarie\",\"url\":\"https:\\\/\\\/www.socialismoobarbarie.org\\\/\",\"logo\":{\"@type\":\"ImageObject\",\"inLanguage\":\"es\",\"@id\":\"https:\\\/\\\/www.socialismoobarbarie.org\\\/#\\\/schema\\\/logo\\\/image\\\/\",\"url\":\"https:\\\/\\\/www.socialismoobarbarie.org\\\/wp-content\\\/uploads\\\/2025\\\/02\\\/soblogoweb-2025.png\",\"contentUrl\":\"https:\\\/\\\/www.socialismoobarbarie.org\\\/wp-content\\\/uploads\\\/2025\\\/02\\\/soblogoweb-2025.png\",\"width\":450,\"height\":161,\"caption\":\"Socialismo o Barbarie\"},\"image\":{\"@id\":\"https:\\\/\\\/www.socialismoobarbarie.org\\\/#\\\/schema\\\/logo\\\/image\\\/\"}},{\"@type\":\"Person\",\"@id\":\"https:\\\/\\\/www.socialismoobarbarie.org\\\/#\\\/schema\\\/person\\\/bc1c3b321d47ed092405949c77e35a8e\",\"name\":\"SOB\",\"url\":\"https:\\\/\\\/www.socialismoobarbarie.org\\\/?author=8\"}]}<\/script>\n<!-- \/ Yoast SEO plugin. -->","yoast_head_json":{"title":"Argentina - El 10M, todos a las calles contra el 2\u00d71 de Macri - Socialismo o Barbarie","robots":{"index":"index","follow":"follow","max-snippet":"max-snippet:-1","max-image-preview":"max-image-preview:large","max-video-preview":"max-video-preview:-1"},"canonical":"https:\/\/www.socialismoobarbarie.org\/?p=9699","og_locale":"es_ES","og_type":"article","og_title":"Argentina - El 10M, todos a las calles contra el 2\u00d71 de Macri - Socialismo o Barbarie","og_description":"FUERA HIGHTON, ROSENKRANTZ Y ROSATTI QUE SE VAYAN TODOS LOS JUECES Y FUNCIONARIOS QUE AMPARAN GENOCIDAS En sinton\u00eda con la pol\u00edtica de negaci\u00f3n del genocidio del gobierno de Macri, la Corte Suprema de Justicia sancion\u00f3 una suerte de indulto encubierto con su fallo del 3 de mayo pasado que, bajo el \u201c2\u00d71\u201d, dej\u00f3 en libertad [&hellip;]","og_url":"https:\/\/www.socialismoobarbarie.org\/?p=9699","og_site_name":"Socialismo o Barbarie","article_published_time":"2017-05-10T20:31:48+00:00","article_modified_time":"2018-07-12T22:18:41+00:00","og_image":[{"width":700,"height":525,"url":"https:\/\/www.socialismoobarbarie.org\/wp-content\/uploads\/2017\/05\/FLYER-e1494207942974.jpg","type":"image\/jpeg"}],"author":"SOB","twitter_card":"summary_large_image","twitter_misc":{"Escrito por":"SOB","Tiempo de lectura":"6 minutos"},"schema":{"@context":"https:\/\/schema.org","@graph":[{"@type":"Article","@id":"https:\/\/www.socialismoobarbarie.org\/?p=9699#article","isPartOf":{"@id":"https:\/\/www.socialismoobarbarie.org\/?p=9699"},"author":{"name":"SOB","@id":"https:\/\/www.socialismoobarbarie.org\/#\/schema\/person\/bc1c3b321d47ed092405949c77e35a8e"},"headline":"Argentina &#8211; El 10M, todos a las calles contra el 2\u00d71 de Macri","datePublished":"2017-05-10T20:31:48+00:00","dateModified":"2018-07-12T22:18:41+00:00","mainEntityOfPage":{"@id":"https:\/\/www.socialismoobarbarie.org\/?p=9699"},"wordCount":1195,"publisher":{"@id":"https:\/\/www.socialismoobarbarie.org\/#organization"},"image":{"@id":"https:\/\/www.socialismoobarbarie.org\/?p=9699#primaryimage"},"thumbnailUrl":"https:\/\/www.socialismoobarbarie.org\/wp-content\/uploads\/2017\/05\/FLYER-e1494207942974.jpg","keywords":["Edicion 75"],"articleSection":["Am\u00e9rica Latina","Argentina"],"inLanguage":"es"},{"@type":"WebPage","@id":"https:\/\/www.socialismoobarbarie.org\/?p=9699","url":"https:\/\/www.socialismoobarbarie.org\/?p=9699","name":"Argentina - El 10M, todos a las calles contra el 2\u00d71 de Macri - Socialismo o Barbarie","isPartOf":{"@id":"https:\/\/www.socialismoobarbarie.org\/#website"},"primaryImageOfPage":{"@id":"https:\/\/www.socialismoobarbarie.org\/?p=9699#primaryimage"},"image":{"@id":"https:\/\/www.socialismoobarbarie.org\/?p=9699#primaryimage"},"thumbnailUrl":"https:\/\/www.socialismoobarbarie.org\/wp-content\/uploads\/2017\/05\/FLYER-e1494207942974.jpg","datePublished":"2017-05-10T20:31:48+00:00","dateModified":"2018-07-12T22:18:41+00:00","breadcrumb":{"@id":"https:\/\/www.socialismoobarbarie.org\/?p=9699#breadcrumb"},"inLanguage":"es","potentialAction":[{"@type":"ReadAction","target":["https:\/\/www.socialismoobarbarie.org\/?p=9699"]}]},{"@type":"ImageObject","inLanguage":"es","@id":"https:\/\/www.socialismoobarbarie.org\/?p=9699#primaryimage","url":"https:\/\/www.socialismoobarbarie.org\/wp-content\/uploads\/2017\/05\/FLYER-e1494207942974.jpg","contentUrl":"https:\/\/www.socialismoobarbarie.org\/wp-content\/uploads\/2017\/05\/FLYER-e1494207942974.jpg","width":700,"height":525},{"@type":"BreadcrumbList","@id":"https:\/\/www.socialismoobarbarie.org\/?p=9699#breadcrumb","itemListElement":[{"@type":"ListItem","position":1,"name":"Portada","item":"https:\/\/www.socialismoobarbarie.org\/"},{"@type":"ListItem","position":2,"name":"Argentina &#8211; El 10M, todos a las calles contra el 2\u00d71 de Macri"}]},{"@type":"WebSite","@id":"https:\/\/www.socialismoobarbarie.org\/#website","url":"https:\/\/www.socialismoobarbarie.org\/","name":"Socialismo o Barbarie","description":"Sitio web de la corriente internacional Socialismo o Barbarie","publisher":{"@id":"https:\/\/www.socialismoobarbarie.org\/#organization"},"potentialAction":[{"@type":"SearchAction","target":{"@type":"EntryPoint","urlTemplate":"https:\/\/www.socialismoobarbarie.org\/?s={search_term_string}"},"query-input":{"@type":"PropertyValueSpecification","valueRequired":true,"valueName":"search_term_string"}}],"inLanguage":"es"},{"@type":"Organization","@id":"https:\/\/www.socialismoobarbarie.org\/#organization","name":"Socialismo o Barbarie","url":"https:\/\/www.socialismoobarbarie.org\/","logo":{"@type":"ImageObject","inLanguage":"es","@id":"https:\/\/www.socialismoobarbarie.org\/#\/schema\/logo\/image\/","url":"https:\/\/www.socialismoobarbarie.org\/wp-content\/uploads\/2025\/02\/soblogoweb-2025.png","contentUrl":"https:\/\/www.socialismoobarbarie.org\/wp-content\/uploads\/2025\/02\/soblogoweb-2025.png","width":450,"height":161,"caption":"Socialismo o Barbarie"},"image":{"@id":"https:\/\/www.socialismoobarbarie.org\/#\/schema\/logo\/image\/"}},{"@type":"Person","@id":"https:\/\/www.socialismoobarbarie.org\/#\/schema\/person\/bc1c3b321d47ed092405949c77e35a8e","name":"SOB","url":"https:\/\/www.socialismoobarbarie.org\/?author=8"}]}},"_links":{"self":[{"href":"https:\/\/www.socialismoobarbarie.org\/index.php?rest_route=\/wp\/v2\/posts\/9699","targetHints":{"allow":["GET"]}}],"collection":[{"href":"https:\/\/www.socialismoobarbarie.org\/index.php?rest_route=\/wp\/v2\/posts"}],"about":[{"href":"https:\/\/www.socialismoobarbarie.org\/index.php?rest_route=\/wp\/v2\/types\/post"}],"author":[{"embeddable":true,"href":"https:\/\/www.socialismoobarbarie.org\/index.php?rest_route=\/wp\/v2\/users\/8"}],"replies":[{"embeddable":true,"href":"https:\/\/www.socialismoobarbarie.org\/index.php?rest_route=%2Fwp%2Fv2%2Fcomments&post=9699"}],"version-history":[{"count":1,"href":"https:\/\/www.socialismoobarbarie.org\/index.php?rest_route=\/wp\/v2\/posts\/9699\/revisions"}],"predecessor-version":[{"id":9701,"href":"https:\/\/www.socialismoobarbarie.org\/index.php?rest_route=\/wp\/v2\/posts\/9699\/revisions\/9701"}],"wp:featuredmedia":[{"embeddable":true,"href":"https:\/\/www.socialismoobarbarie.org\/index.php?rest_route=\/wp\/v2\/media\/9700"}],"wp:attachment":[{"href":"https:\/\/www.socialismoobarbarie.org\/index.php?rest_route=%2Fwp%2Fv2%2Fmedia&parent=9699"}],"wp:term":[{"taxonomy":"category","embeddable":true,"href":"https:\/\/www.socialismoobarbarie.org\/index.php?rest_route=%2Fwp%2Fv2%2Fcategories&post=9699"},{"taxonomy":"post_tag","embeddable":true,"href":"https:\/\/www.socialismoobarbarie.org\/index.php?rest_route=%2Fwp%2Fv2%2Ftags&post=9699"}],"curies":[{"name":"wp","href":"https:\/\/api.w.org\/{rel}","templated":true}]}}