{"id":9764,"date":"2017-05-18T18:15:22","date_gmt":"2017-05-18T21:15:22","guid":{"rendered":"https:\/\/www.socialismoobarbarie.org\/?p=9764"},"modified":"2019-11-20T11:22:53","modified_gmt":"2019-11-20T14:22:53","slug":"francia-macron-nombra-un-primer-ministro-de-derecha-para-avanzar-contra-los-trabajadores","status":"publish","type":"post","link":"https:\/\/www.socialismoobarbarie.org\/?p=9764","title":{"rendered":"Francia &#8211; Macron nombra un Primer Ministro de derecha para avanzar contra los trabajadores"},"content":{"rendered":"<h2>\u00bfHacia un gobierno de unidad nacional?<\/h2>\n<p>Luego de su amplia victoria en la segunda vuelta de las elecciones presidenciales francesas el 7 de mayo, donde venci\u00f3 con el 61% de los votos a la candidata del Front National Marine Le Pen, Emmanuel Macron tom\u00f3 posesi\u00f3n del cargo de presidente el domingo 14 y ya ha anunciado a su Primer Ministro, que a su vez anunci\u00f3 al conjunto de su gobierno. Contrariamente a otros reg\u00edmenes m\u00e1s parlamentarios, como el espa\u00f1ol, el r\u00e9gimen \u201cmixto\u201d pero con fuerte coloraci\u00f3n presidencialista de Francia permite al gobierno nombrar al Primer Ministro antes de las elecciones legislativas, y el mismo no est\u00e1 obligado a someterse a un voto de confianza frente al parlamento.<\/p>\n<p>Con el anuncio de su Primer Ministro, Macron demuestra claramente a la vez sobre qu\u00e9 recomposici\u00f3n pol\u00edtica pretender\u00e1 gobernar, y qu\u00e9 pol\u00edtica se plantea llevar adelante (lo cual fue reafirmado por la composici\u00f3n del nuevo gobierno). Se trata de Edouard Philippe, alcalde de la ciudad de Le Havre, miembro del partido de derecha Los Republicanos. Macron intenta as\u00ed darle una estocada a la formaci\u00f3n de derecha y acelerar sus fricciones internas, adem\u00e1s de dotarse de un gobierno de combate contra los trabajadores y todos los explotados.<\/p>\n<p><strong>Atraer a la derecha y construir la \u201cuni\u00f3n nacional\u201d<\/strong><\/p>\n<p>Desde el punto de vista pol\u00edtico, el movimiento de Emmanuel Macron se hab\u00eda nutrido esencialmente del Partido Socialista (del cual hab\u00eda sido parte): su ala m\u00e1s abiertamente social-liberal encontr\u00f3 en Macron la posibilidad de sobrevivir al naufragio del PS y de continuar adem\u00e1s su pol\u00edtica de reformas anti-obreras impulsada por el gobierno de Fran\u00e7ois Hollande. Es por eso que algunas figuras importantes del partido se hab\u00edan unido lisa y llanamente al movimiento de Macron y que, sin sumarse abiertamente, otros dirigentes hab\u00edan llamado incluso antes de la primera vuelta a votar a Macron, boicoteando abiertamente al propio candidato del PS. Adem\u00e1s del PS, Macron logr\u00f3 recabar el apoyo de un partido centrista hist\u00f3rico, el MoDem (Movimiento Dem\u00f3crata), una victoria importante para apuntalar su base electoral e institucional.<\/p>\n<p>Sin embargo, una de las grandes inc\u00f3gnitas luego de la elecci\u00f3n presidencial era sobre qu\u00e9 composici\u00f3n parlamentaria iba a ser posible gobernar: el importante puntaje de Macron en segunda vuelta no nos debe hacer olvidar que la primera vuelta estuvo marcada por una fuerte fragmentaci\u00f3n, lo cual podr\u00eda dejar prever una Asamblea Nacional igual de heterog\u00e9nea. Macron ya lanz\u00f3 candidatos a diputados en la gran mayor\u00eda de las m\u00e1s de 500 circunscripciones, incluyendo una centena de candidatos del MoDem, y la decisi\u00f3n de no presentar candidatos en algunas circunscripciones contra ciertos pesos pesados del PS, como el ex Primer Ministro Manuel Valls o la ex Ministra de Trabajo Myriam El Khomri. Pero esto a\u00fan no alcanzaba para asegurarse una gobernabilidad s\u00f3lida: es arriesgado pensar que tal escenario estar\u00eda garantizado s\u00f3lo con un partido muy joven con un d\u00e9bil anclaje territorial (que cuenta much\u00edsimo m\u00e1s en un sistema de legislativas tan fragmentado que en las presidenciales) sumado a los restos de un partido en crisis como el PS.<\/p>\n<p>Es en ese sentido que la nominaci\u00f3n de Edouard Philippe parece tener como uno de los objetivos principales lograr atraer a un sector de la derecha moderada, y poder formar as\u00ed un gran gobierno de uni\u00f3n nacional con el ala derecha del PS y el ala moderada de Los Republicanos, abiertos a colaborar en nombre del \u201cinter\u00e9s superior de Francia\u201d y del nuevo escenario pol\u00edtico abierto con la victoria de Macron. En efecto, Philippe es la mano derecha de Alain Jupp\u00e9, ya que fue director de campa\u00f1a del mismo en las primarias de Los Republicanos, que Jupp\u00e9, representante de un ala m\u00e1s moderada, menos reaccionaria y m\u00e1s centrista, perdi\u00f3 contra Fran\u00e7ois Fillon. El mismo d\u00eda de la nominaci\u00f3n de Philippe, se public\u00f3 en la prensa un llamado de unos veinte diputados de Los Republicanos, incluyendo a varios dirigentes de peso, en los afirmaban que hab\u00eda que responder a la \u201cmano tendida\u201d por Macron.<\/p>\n<p>Luego de haber fagocitado una parte del PS y de haberlo hundido en la primera vuelta de las elecciones presidenciales, Macron prosigue su proyecto centrista y \u201cni de izquierda ni de derecha\u201d abri\u00e9ndose paso en el ala moderada de Los Republicanos. Aunque por ahora la mayor\u00eda de los parlamentarios de ese partido concurrir\u00e1n a las legislativas bajo sus listas, lo cierto es que ya se empiezan a preparar las condiciones para que muchos de los mismos se sumen al gobierno luego de las mismas, o en todo caso a una \u201coposici\u00f3n constructiva\u201d. Esto profundiza adem\u00e1s la crisis de los partidos tradicionales: la cat\u00e1strofe total del PS (con tan solo 6% de votos en las presidenciales) no puede ocultar que Los Republicanos tambi\u00e9n atraviesan una crisis importante, luego de haber perdido una elecci\u00f3n presidencial que consideraban \u201cimposible de perder\u201d, y que ya hab\u00eda sido el escenario de enfrentamientos entre los moderados y el ala m\u00e1s reaccionaria y \u201ctatcheriana\u201d encarnada por Fillon, enfrentamientos y tensiones que la estrategia de Macron pone al rojo vivo.<\/p>\n<p><strong>Un gobierno liberal y liberticida<\/strong><\/p>\n<p>El camino emprendido con la nominaci\u00f3n de Edouard Philippe no pod\u00eda sino continuar con la conformaci\u00f3n de su gobierno. En el mismo, dos carteras centrales fueron atribuidas a otros miembros de Los Republicanos: el Ministerio de Econom\u00eda estar\u00e1 entre las manos de Bruno Le Maire, y el Ministerio de Hacienda (encargado centralmente del presupuesto) a Gerald Darmanin, antiguo consejero de Nicol\u00e1s Sarkozy. Macron demuestra as\u00ed la fuerza de su ofensiva sobre la derecha: Le Maire es un dirigente importante, candidato a la primaria presidencial del partido, y Darmanin, alcalde con tan s\u00f3lo 34 a\u00f1os, era una de las \u201cpromesas\u201d de la formaci\u00f3n de derecha.<\/p>\n<p>Adem\u00e1s de estas nominaciones pol\u00edticas que demuestra la clara coloraci\u00f3n liberal y derechista del gobierno de Macron, aquellas que vienen de la \u201csociedad civil\u201d (una expresi\u00f3n clave del marketing pol\u00edtico del gobierno que hace de la \u201crenovaci\u00f3n\u201d uno de sus ejes centrales) van en el mismo sentido. En ese sentido, la Ministra de Trabajo, Muriel Penicaud, es la directora de <em>Business France<\/em>, una agencia que trabaja para las empresas privadas atrayendo inversores, y ex Directora de Recursos Humanos del gigante de la agroalimentaci\u00f3n Danone, es decir una representante directa de los intereses patronales. La \u201csociedad civil\u201d de Macron est\u00e1 compuesta, como los demuestran sus candidatos a las legislativas, de abogados, de gerentes de empresas, nunca de trabajadores. Una curiosa \u201crenovaci\u00f3n\u201d de la pol\u00edtica\u2026<\/p>\n<p>Junto a esto, el gobierno anunciado es un reflejo de la voluntad de unir detr\u00e1s de Macron a varios sectores del espectro pol\u00edtico. El Ministro del Interior, Gerard Collomb, es un ex miembro del PS, que abandon\u00f3 para sumarse a Macron; el de Asuntos Exteriores, Jean-Yves Le Drian, es el ex Ministro de la Defensa del gobierno de Fran\u00e7ois Hollande; el de Justicia, Fran\u00e7ois Bayrou, es dirigente del MoDem con el que Macron lleg\u00f3 a un acuerdo. A su vez, Macron logr\u00f3 integrar a su gobierno a Nicolas Hulot, un \u201cactivista ambientalista\u201d ex presentador televisivo, \u201capol\u00edtico\u201d, pero muy reconocido por los franceses, que ser\u00e1 sin embargo un puro \u201cadorno\u201d en un gobierno encabezado por un ex alto dirigente de la empresa Areva, l\u00edder mundial de la energ\u00eda nuclear.<\/p>\n<p>Pero m\u00e1s all\u00e1 de estos s\u00edmbolos de \u201capertura pol\u00edtica\u201d que apuntan a construir una amplia mayor\u00eda alrededor suyo que se apoye tanto en sus propios diputados como en los del PS y Los Republicanos, lo que queda claro con la composici\u00f3n del nuevo gobierno es la pol\u00edtica profundamente liberal que Macron pondr\u00e1 en marcha. Los dos principales ministerios en materia econ\u00f3mica y fiscal fueron confiados a la derecha y el Ministerio de Trabajo a una representante directa de la patronal: lo que nos espera es una serie de ataques contra las conquistas hist\u00f3ricas en t\u00e9rminos de derechos laborales, apoyados en el antidemocr\u00e1tico mecanismo de los decretos.<\/p>\n<p>Para hacer pasar esta pol\u00edtica, Macron tambi\u00e9n ha dado se\u00f1ales en torno a una continuidad de la pol\u00edtica represiva llevada adelante por Hollande, que aprob\u00f3 su reforma laboral sobre la base de una brutal represi\u00f3n de las movilizaciones. En ese sentido, es significativo que en el orden en que fueron anunciados los ministerios (un orden protocolar, no alfab\u00e9tico, que es utilizado simb\u00f3licamente para mandar un mensaje sobre las prioridades del gobierno), el primero ministerio haya sido el Ministerio del Interior. Adem\u00e1s, durante la ceremonia de investidura, Macron decidi\u00f3 realizar una parte del trayecto en un veh\u00edculo militar, cuando todos sus predecesores lo hab\u00edan realizado en veh\u00edculos civiles, y la misma noche fue a visitar un hospital militar para dirigirse a los soldados \u201cheridos en la tarea de defender Francia\u201d, es decir de defender sus intereses imperialistas en el extranjero. Junto a esto, Macron anunci\u00f3 durante la campa\u00f1a la creaci\u00f3n de 10.000 nuevos puestos de polic\u00eda, y un aumento del presupuesto militar; el ministerio pas\u00f3 a llamarse \u201cMinisterio de la Defensa\u201d a \u201cMinisterio de los Ej\u00e9rcitos\u201d, otra muestra simb\u00f3lica del car\u00e1cter militarista de Macron.<\/p>\n<p>El gobierno de Macron ya anunci\u00f3 sus planes, destruir las conquistas sociales y continuar flexibilizando las condiciones de trabajo, y constituy\u00f3 su Estado Mayor para llevarlos adelante por decreto en este verano. De lo que se trata, entonces, es de oponerle nuestro propio plan, el de la resistencia y la lucha colectiva en las calles, lejos de toda ilusi\u00f3n institucionalista y de los \u201ccantos de sirena\u201d al \u201cdialogo social\u201d que solo sirven para hacer pasar las reformas antisociales. Tenemos que seguir por el camino de las movilizaciones que al d\u00eda siguiente de la victoria de Macron reunieron a decenas de miles de personas para dejar en claro que no le va a ser tan f\u00e1cil avanzar sobre nuestros derechos, y construir una herramienta pol\u00edtica que nos permita oponer al proyecto neoliberal y liberticida de Macron una alternativa desde los intereses de los trabajadores y de todos los explotados, de medidas de urgencia social contra la grave crisis econ\u00f3mica y social que sufrimos desde hace a\u00f1os, de ruptura profunda con este sistema capitalista y su l\u00f3gica de explotaci\u00f3n. Este fue el sentido de la campa\u00f1a independiente de Philippe Poutou, candidato obrero y anticapitalista del Nuevo Partido Anticapitalista, cuyo eco y simpat\u00eda debemos continuar desarrollando durante las elecciones legislativas que vienen, haciendo o\u00edr en las mismas una voz independiente y al servicio de los de abajo.<\/p>\n","protected":false},"excerpt":{"rendered":"<p>\u00bfHacia un gobierno de unidad nacional? Luego de su amplia victoria en la segunda vuelta de las elecciones presidenciales francesas el 7 de mayo, donde venci\u00f3 con el 61% de los votos a la candidata del Front National Marine Le Pen, Emmanuel Macron tom\u00f3 posesi\u00f3n del cargo de presidente el domingo 14 y ya ha [&hellip;]<\/p>\n","protected":false},"author":8,"featured_media":9765,"comment_status":"closed","ping_status":"closed","sticky":false,"template":"","format":"standard","meta":{"footnotes":""},"categories":[1690,1665],"tags":[1146,1711],"class_list":{"0":"post-9764","1":"post","2":"type-post","3":"status-publish","4":"format-standard","5":"has-post-thumbnail","7":"category-europa","8":"category-francia","9":"tag-ale-vinet","10":"tag-edicion-76"},"yoast_head":"<!-- This site is optimized with the Yoast SEO plugin v28.2 - https:\/\/yoast.com\/product\/yoast-seo-wordpress\/ -->\n<title>Francia - Macron nombra un Primer Ministro de derecha para avanzar contra los trabajadores - Socialismo o Barbarie<\/title>\n<meta name=\"robots\" content=\"index, follow, max-snippet:-1, max-image-preview:large, max-video-preview:-1\" \/>\n<link rel=\"canonical\" href=\"https:\/\/www.socialismoobarbarie.org\/?p=9764\" \/>\n<meta property=\"og:locale\" content=\"es_ES\" \/>\n<meta property=\"og:type\" content=\"article\" \/>\n<meta property=\"og:title\" content=\"Francia - Macron nombra un Primer Ministro de derecha para avanzar contra los trabajadores - Socialismo o Barbarie\" \/>\n<meta property=\"og:description\" content=\"\u00bfHacia un gobierno de unidad nacional? Luego de su amplia victoria en la segunda vuelta de las elecciones presidenciales francesas el 7 de mayo, donde venci\u00f3 con el 61% de los votos a la candidata del Front National Marine Le Pen, Emmanuel Macron tom\u00f3 posesi\u00f3n del cargo de presidente el domingo 14 y ya ha [&hellip;]\" \/>\n<meta property=\"og:url\" content=\"https:\/\/www.socialismoobarbarie.org\/?p=9764\" \/>\n<meta property=\"og:site_name\" content=\"Socialismo o Barbarie\" \/>\n<meta property=\"article:published_time\" content=\"2017-05-18T21:15:22+00:00\" \/>\n<meta property=\"article:modified_time\" content=\"2019-11-20T14:22:53+00:00\" \/>\n<meta property=\"og:image\" content=\"https:\/\/www.socialismoobarbarie.org\/wp-content\/uploads\/2017\/05\/9-macrom-francia.jpg\" \/>\n\t<meta property=\"og:image:width\" content=\"700\" \/>\n\t<meta property=\"og:image:height\" content=\"396\" \/>\n\t<meta property=\"og:image:type\" content=\"image\/jpeg\" \/>\n<meta name=\"author\" content=\"SOB\" \/>\n<meta name=\"twitter:card\" content=\"summary_large_image\" \/>\n<meta name=\"twitter:label1\" content=\"Escrito por\" \/>\n\t<meta name=\"twitter:data1\" content=\"SOB\" \/>\n\t<meta name=\"twitter:label2\" content=\"Tiempo de lectura\" \/>\n\t<meta name=\"twitter:data2\" content=\"9 minutos\" \/>\n<script type=\"application\/ld+json\" class=\"yoast-schema-graph\">{\"@context\":\"https:\\\/\\\/schema.org\",\"@graph\":[{\"@type\":\"Article\",\"@id\":\"https:\\\/\\\/www.socialismoobarbarie.org\\\/?p=9764#article\",\"isPartOf\":{\"@id\":\"https:\\\/\\\/www.socialismoobarbarie.org\\\/?p=9764\"},\"author\":{\"name\":\"SOB\",\"@id\":\"https:\\\/\\\/www.socialismoobarbarie.org\\\/#\\\/schema\\\/person\\\/bc1c3b321d47ed092405949c77e35a8e\"},\"headline\":\"Francia &#8211; Macron nombra un Primer Ministro de derecha para avanzar contra los trabajadores\",\"datePublished\":\"2017-05-18T21:15:22+00:00\",\"dateModified\":\"2019-11-20T14:22:53+00:00\",\"mainEntityOfPage\":{\"@id\":\"https:\\\/\\\/www.socialismoobarbarie.org\\\/?p=9764\"},\"wordCount\":1835,\"publisher\":{\"@id\":\"https:\\\/\\\/www.socialismoobarbarie.org\\\/#organization\"},\"image\":{\"@id\":\"https:\\\/\\\/www.socialismoobarbarie.org\\\/?p=9764#primaryimage\"},\"thumbnailUrl\":\"https:\\\/\\\/www.socialismoobarbarie.org\\\/wp-content\\\/uploads\\\/2017\\\/05\\\/9-macrom-francia.jpg\",\"keywords\":[\"Ale Vinet\",\"Edicion 76\"],\"articleSection\":[\"Europa\",\"Francia\"],\"inLanguage\":\"es\"},{\"@type\":\"WebPage\",\"@id\":\"https:\\\/\\\/www.socialismoobarbarie.org\\\/?p=9764\",\"url\":\"https:\\\/\\\/www.socialismoobarbarie.org\\\/?p=9764\",\"name\":\"Francia - Macron nombra un Primer Ministro de derecha para avanzar contra los trabajadores - Socialismo o Barbarie\",\"isPartOf\":{\"@id\":\"https:\\\/\\\/www.socialismoobarbarie.org\\\/#website\"},\"primaryImageOfPage\":{\"@id\":\"https:\\\/\\\/www.socialismoobarbarie.org\\\/?p=9764#primaryimage\"},\"image\":{\"@id\":\"https:\\\/\\\/www.socialismoobarbarie.org\\\/?p=9764#primaryimage\"},\"thumbnailUrl\":\"https:\\\/\\\/www.socialismoobarbarie.org\\\/wp-content\\\/uploads\\\/2017\\\/05\\\/9-macrom-francia.jpg\",\"datePublished\":\"2017-05-18T21:15:22+00:00\",\"dateModified\":\"2019-11-20T14:22:53+00:00\",\"breadcrumb\":{\"@id\":\"https:\\\/\\\/www.socialismoobarbarie.org\\\/?p=9764#breadcrumb\"},\"inLanguage\":\"es\",\"potentialAction\":[{\"@type\":\"ReadAction\",\"target\":[\"https:\\\/\\\/www.socialismoobarbarie.org\\\/?p=9764\"]}]},{\"@type\":\"ImageObject\",\"inLanguage\":\"es\",\"@id\":\"https:\\\/\\\/www.socialismoobarbarie.org\\\/?p=9764#primaryimage\",\"url\":\"https:\\\/\\\/www.socialismoobarbarie.org\\\/wp-content\\\/uploads\\\/2017\\\/05\\\/9-macrom-francia.jpg\",\"contentUrl\":\"https:\\\/\\\/www.socialismoobarbarie.org\\\/wp-content\\\/uploads\\\/2017\\\/05\\\/9-macrom-francia.jpg\",\"width\":700,\"height\":396},{\"@type\":\"BreadcrumbList\",\"@id\":\"https:\\\/\\\/www.socialismoobarbarie.org\\\/?p=9764#breadcrumb\",\"itemListElement\":[{\"@type\":\"ListItem\",\"position\":1,\"name\":\"Portada\",\"item\":\"https:\\\/\\\/www.socialismoobarbarie.org\\\/\"},{\"@type\":\"ListItem\",\"position\":2,\"name\":\"Francia &#8211; Macron nombra un Primer Ministro de derecha para avanzar contra los trabajadores\"}]},{\"@type\":\"WebSite\",\"@id\":\"https:\\\/\\\/www.socialismoobarbarie.org\\\/#website\",\"url\":\"https:\\\/\\\/www.socialismoobarbarie.org\\\/\",\"name\":\"Socialismo o Barbarie\",\"description\":\"Sitio web de la corriente internacional Socialismo o Barbarie\",\"publisher\":{\"@id\":\"https:\\\/\\\/www.socialismoobarbarie.org\\\/#organization\"},\"potentialAction\":[{\"@type\":\"SearchAction\",\"target\":{\"@type\":\"EntryPoint\",\"urlTemplate\":\"https:\\\/\\\/www.socialismoobarbarie.org\\\/?s={search_term_string}\"},\"query-input\":{\"@type\":\"PropertyValueSpecification\",\"valueRequired\":true,\"valueName\":\"search_term_string\"}}],\"inLanguage\":\"es\"},{\"@type\":\"Organization\",\"@id\":\"https:\\\/\\\/www.socialismoobarbarie.org\\\/#organization\",\"name\":\"Socialismo o Barbarie\",\"url\":\"https:\\\/\\\/www.socialismoobarbarie.org\\\/\",\"logo\":{\"@type\":\"ImageObject\",\"inLanguage\":\"es\",\"@id\":\"https:\\\/\\\/www.socialismoobarbarie.org\\\/#\\\/schema\\\/logo\\\/image\\\/\",\"url\":\"https:\\\/\\\/www.socialismoobarbarie.org\\\/wp-content\\\/uploads\\\/2025\\\/02\\\/soblogoweb-2025.png\",\"contentUrl\":\"https:\\\/\\\/www.socialismoobarbarie.org\\\/wp-content\\\/uploads\\\/2025\\\/02\\\/soblogoweb-2025.png\",\"width\":450,\"height\":161,\"caption\":\"Socialismo o Barbarie\"},\"image\":{\"@id\":\"https:\\\/\\\/www.socialismoobarbarie.org\\\/#\\\/schema\\\/logo\\\/image\\\/\"}},{\"@type\":\"Person\",\"@id\":\"https:\\\/\\\/www.socialismoobarbarie.org\\\/#\\\/schema\\\/person\\\/bc1c3b321d47ed092405949c77e35a8e\",\"name\":\"SOB\",\"url\":\"https:\\\/\\\/www.socialismoobarbarie.org\\\/?author=8\"}]}<\/script>\n<!-- \/ Yoast SEO plugin. -->","yoast_head_json":{"title":"Francia - Macron nombra un Primer Ministro de derecha para avanzar contra los trabajadores - Socialismo o Barbarie","robots":{"index":"index","follow":"follow","max-snippet":"max-snippet:-1","max-image-preview":"max-image-preview:large","max-video-preview":"max-video-preview:-1"},"canonical":"https:\/\/www.socialismoobarbarie.org\/?p=9764","og_locale":"es_ES","og_type":"article","og_title":"Francia - Macron nombra un Primer Ministro de derecha para avanzar contra los trabajadores - Socialismo o Barbarie","og_description":"\u00bfHacia un gobierno de unidad nacional? Luego de su amplia victoria en la segunda vuelta de las elecciones presidenciales francesas el 7 de mayo, donde venci\u00f3 con el 61% de los votos a la candidata del Front National Marine Le Pen, Emmanuel Macron tom\u00f3 posesi\u00f3n del cargo de presidente el domingo 14 y ya ha [&hellip;]","og_url":"https:\/\/www.socialismoobarbarie.org\/?p=9764","og_site_name":"Socialismo o Barbarie","article_published_time":"2017-05-18T21:15:22+00:00","article_modified_time":"2019-11-20T14:22:53+00:00","og_image":[{"width":700,"height":396,"url":"https:\/\/www.socialismoobarbarie.org\/wp-content\/uploads\/2017\/05\/9-macrom-francia.jpg","type":"image\/jpeg"}],"author":"SOB","twitter_card":"summary_large_image","twitter_misc":{"Escrito por":"SOB","Tiempo de lectura":"9 minutos"},"schema":{"@context":"https:\/\/schema.org","@graph":[{"@type":"Article","@id":"https:\/\/www.socialismoobarbarie.org\/?p=9764#article","isPartOf":{"@id":"https:\/\/www.socialismoobarbarie.org\/?p=9764"},"author":{"name":"SOB","@id":"https:\/\/www.socialismoobarbarie.org\/#\/schema\/person\/bc1c3b321d47ed092405949c77e35a8e"},"headline":"Francia &#8211; Macron nombra un Primer Ministro de derecha para avanzar contra los trabajadores","datePublished":"2017-05-18T21:15:22+00:00","dateModified":"2019-11-20T14:22:53+00:00","mainEntityOfPage":{"@id":"https:\/\/www.socialismoobarbarie.org\/?p=9764"},"wordCount":1835,"publisher":{"@id":"https:\/\/www.socialismoobarbarie.org\/#organization"},"image":{"@id":"https:\/\/www.socialismoobarbarie.org\/?p=9764#primaryimage"},"thumbnailUrl":"https:\/\/www.socialismoobarbarie.org\/wp-content\/uploads\/2017\/05\/9-macrom-francia.jpg","keywords":["Ale Vinet","Edicion 76"],"articleSection":["Europa","Francia"],"inLanguage":"es"},{"@type":"WebPage","@id":"https:\/\/www.socialismoobarbarie.org\/?p=9764","url":"https:\/\/www.socialismoobarbarie.org\/?p=9764","name":"Francia - Macron nombra un Primer Ministro de derecha para avanzar contra los trabajadores - Socialismo o Barbarie","isPartOf":{"@id":"https:\/\/www.socialismoobarbarie.org\/#website"},"primaryImageOfPage":{"@id":"https:\/\/www.socialismoobarbarie.org\/?p=9764#primaryimage"},"image":{"@id":"https:\/\/www.socialismoobarbarie.org\/?p=9764#primaryimage"},"thumbnailUrl":"https:\/\/www.socialismoobarbarie.org\/wp-content\/uploads\/2017\/05\/9-macrom-francia.jpg","datePublished":"2017-05-18T21:15:22+00:00","dateModified":"2019-11-20T14:22:53+00:00","breadcrumb":{"@id":"https:\/\/www.socialismoobarbarie.org\/?p=9764#breadcrumb"},"inLanguage":"es","potentialAction":[{"@type":"ReadAction","target":["https:\/\/www.socialismoobarbarie.org\/?p=9764"]}]},{"@type":"ImageObject","inLanguage":"es","@id":"https:\/\/www.socialismoobarbarie.org\/?p=9764#primaryimage","url":"https:\/\/www.socialismoobarbarie.org\/wp-content\/uploads\/2017\/05\/9-macrom-francia.jpg","contentUrl":"https:\/\/www.socialismoobarbarie.org\/wp-content\/uploads\/2017\/05\/9-macrom-francia.jpg","width":700,"height":396},{"@type":"BreadcrumbList","@id":"https:\/\/www.socialismoobarbarie.org\/?p=9764#breadcrumb","itemListElement":[{"@type":"ListItem","position":1,"name":"Portada","item":"https:\/\/www.socialismoobarbarie.org\/"},{"@type":"ListItem","position":2,"name":"Francia &#8211; Macron nombra un Primer Ministro de derecha para avanzar contra los trabajadores"}]},{"@type":"WebSite","@id":"https:\/\/www.socialismoobarbarie.org\/#website","url":"https:\/\/www.socialismoobarbarie.org\/","name":"Socialismo o Barbarie","description":"Sitio web de la corriente internacional Socialismo o Barbarie","publisher":{"@id":"https:\/\/www.socialismoobarbarie.org\/#organization"},"potentialAction":[{"@type":"SearchAction","target":{"@type":"EntryPoint","urlTemplate":"https:\/\/www.socialismoobarbarie.org\/?s={search_term_string}"},"query-input":{"@type":"PropertyValueSpecification","valueRequired":true,"valueName":"search_term_string"}}],"inLanguage":"es"},{"@type":"Organization","@id":"https:\/\/www.socialismoobarbarie.org\/#organization","name":"Socialismo o Barbarie","url":"https:\/\/www.socialismoobarbarie.org\/","logo":{"@type":"ImageObject","inLanguage":"es","@id":"https:\/\/www.socialismoobarbarie.org\/#\/schema\/logo\/image\/","url":"https:\/\/www.socialismoobarbarie.org\/wp-content\/uploads\/2025\/02\/soblogoweb-2025.png","contentUrl":"https:\/\/www.socialismoobarbarie.org\/wp-content\/uploads\/2025\/02\/soblogoweb-2025.png","width":450,"height":161,"caption":"Socialismo o Barbarie"},"image":{"@id":"https:\/\/www.socialismoobarbarie.org\/#\/schema\/logo\/image\/"}},{"@type":"Person","@id":"https:\/\/www.socialismoobarbarie.org\/#\/schema\/person\/bc1c3b321d47ed092405949c77e35a8e","name":"SOB","url":"https:\/\/www.socialismoobarbarie.org\/?author=8"}]}},"_links":{"self":[{"href":"https:\/\/www.socialismoobarbarie.org\/index.php?rest_route=\/wp\/v2\/posts\/9764","targetHints":{"allow":["GET"]}}],"collection":[{"href":"https:\/\/www.socialismoobarbarie.org\/index.php?rest_route=\/wp\/v2\/posts"}],"about":[{"href":"https:\/\/www.socialismoobarbarie.org\/index.php?rest_route=\/wp\/v2\/types\/post"}],"author":[{"embeddable":true,"href":"https:\/\/www.socialismoobarbarie.org\/index.php?rest_route=\/wp\/v2\/users\/8"}],"replies":[{"embeddable":true,"href":"https:\/\/www.socialismoobarbarie.org\/index.php?rest_route=%2Fwp%2Fv2%2Fcomments&post=9764"}],"version-history":[{"count":1,"href":"https:\/\/www.socialismoobarbarie.org\/index.php?rest_route=\/wp\/v2\/posts\/9764\/revisions"}],"predecessor-version":[{"id":9766,"href":"https:\/\/www.socialismoobarbarie.org\/index.php?rest_route=\/wp\/v2\/posts\/9764\/revisions\/9766"}],"wp:featuredmedia":[{"embeddable":true,"href":"https:\/\/www.socialismoobarbarie.org\/index.php?rest_route=\/wp\/v2\/media\/9765"}],"wp:attachment":[{"href":"https:\/\/www.socialismoobarbarie.org\/index.php?rest_route=%2Fwp%2Fv2%2Fmedia&parent=9764"}],"wp:term":[{"taxonomy":"category","embeddable":true,"href":"https:\/\/www.socialismoobarbarie.org\/index.php?rest_route=%2Fwp%2Fv2%2Fcategories&post=9764"},{"taxonomy":"post_tag","embeddable":true,"href":"https:\/\/www.socialismoobarbarie.org\/index.php?rest_route=%2Fwp%2Fv2%2Ftags&post=9764"}],"curies":[{"name":"wp","href":"https:\/\/api.w.org\/{rel}","templated":true}]}}