{"id":9872,"date":"2017-06-15T22:34:02","date_gmt":"2017-06-16T01:34:02","guid":{"rendered":"https:\/\/www.socialismoobarbarie.org\/?p=9872"},"modified":"2019-11-20T10:34:34","modified_gmt":"2019-11-20T13:34:34","slug":"argentina-comienza-la-carrera-electoral","status":"publish","type":"post","link":"https:\/\/www.socialismoobarbarie.org\/?p=9872","title":{"rendered":"Argentina &#8211; Comienza la carrera electoral"},"content":{"rendered":"<h2>Con Manuela Casta\u00f1eira y la Izquierda al Frente a quebrar la proscripci\u00f3n<\/h2>\n<p>En el momento que cerramos este editorial se est\u00e1n presentando los frentes que competir\u00e1n en las pr\u00f3ximas elecciones. Como se ha podido apreciar en los \u00faltimos d\u00edas con los conflictos de los colectiveros en C\u00f3rdoba y el paro docente provincial en Buenos Aires, la coyuntura no est\u00e1 marcada solamente por las elecciones. Sin embargo, lo m\u00e1s probable es que las mismas se vayan imponiendo como el factor dominante de aqu\u00ed a agosto.<\/p>\n<p><strong>Hacia duros enfrentamientos de clase<\/strong><\/p>\n<p>El contexto m\u00e1s general es el de un creciente malestar por la situaci\u00f3n econ\u00f3mica. Ninguna de las promesas de Macri se han cumplido: el salario cae, los precios suben, la preocupaci\u00f3n por el empleo es creciente entre los trabajadores (atenci\u00f3n que este es un dato nuevo a tener en cuenta).<\/p>\n<p>Sobre todo es mala la situaci\u00f3n de la industria, que no logra levantar cabeza. Brasil sigue en el tembladeral \u2013aunque Temer continuar\u00eda al frente del Ejecutivo del pa\u00eds hermano-. Mientras Brasil no se recupere, la industria argentina seguir\u00e1 a los tumbos: tengamos presente que el grueso de las exportaciones industriales del pa\u00eds van hacia el gigante latinoamericano.<\/p>\n<p>Esta adversa situaci\u00f3n econ\u00f3mica es la que alimenta el <strong>malestar popular<\/strong> con el gobierno, malestar que parece crecer cada d\u00eda que pasa. La gota que rebals\u00f3 el vaso de la indignaci\u00f3n por estas horas es la quita de beneficios para personas discapacitadas, un vergonzoso esc\u00e1ndalo por donde se lo mire. El desastre se emparenta al esc\u00e1ndalo de la Primera Ministra inglesa, Theresa May, que pr\u00e1cticamente perdi\u00f3 la reciente elecci\u00f3n en Gran Breta\u00f1a por haber impulsado un impuesto a los enfermos psiqui\u00e1tricos\u2026<\/p>\n<p>Medidas de este tipo como el intento macrista de quitarle beneficios a los discapacitados, crean el <strong>repudio popular<\/strong> porque la sociedad no est\u00e1 corrida a la derecha \u2013o tan a la derecha- como el gobierno de Cambiemos querr\u00eda: <strong>repudia la falta de solidaridad del capitalismo en su versi\u00f3n m\u00e1s salvaje<\/strong>.<\/p>\n<p>De ah\u00ed que no sea casual que la mayor\u00eda de la poblaci\u00f3n trabajadora identifique a Macri como un gobierno exclusivamente para los ricos. Es una percepci\u00f3n absolutamente correcta que lo condena \u2013dadas las actuales relaciones de fuerzas- a ser un gobierno <strong>minoritario<\/strong>: una franja de algo en torno al 30% del electorado pudiente de clases medias altas y clases burguesas, al tiempo que va cosechando el creciente repudio de las dem\u00e1s.<\/p>\n<p>Esto podr\u00eda modificarse si lograra cambiar las relaciones de fuerzas; batalla para la que quiere ganar \u201cvolumen\u201d imponi\u00e9ndose en las pr\u00f3ximas elecciones. De ah\u00ed que est\u00e9 postergando el grueso del dur\u00edsimo ajuste que viene para despu\u00e9s de octubre.<\/p>\n<p>Si lograra \u201cquebrar\u201d al movimiento de masas como lo hizo Menem, podr\u00eda superar eventualmente este car\u00e1cter de gobierno minoritario. Pero la realidad es que no le resultar\u00e1 f\u00e1cil ganar las pr\u00f3ximas elecciones ni, mucho menos, ganar la densidad que necesita para imponerle derrotas hist\u00f3ricas a los trabajadores (esto a pesar de la colaboraci\u00f3n de la burocracia sindical que se retir\u00f3 abiertamente de la liza luego del \u00faltimo paro general para dejar paso al operativo electoral).<\/p>\n<p>Cuando el empresariado duda, posterga inversiones, apoya s\u00f3lo \u201cmoralmente\u201d a Macri, es porque conoce las tradiciones de lucha de la clase trabajadora argentina; su car\u00e1cter de \u201chueso duro de roer\u201d.<\/p>\n<p>Lo que se puede anticipar, en todo caso, es que luego del \u201cpar\u00e9ntesis electoral\u201d vendr\u00e1n seguramente <strong>duras pruebas de la lucha de clases; <\/strong>el reciente conflicto de los colectiveros en C\u00f3rdoba podr\u00eda ser un anticipo de lo que se viene. Tambi\u00e9n al servicio de la preparaci\u00f3n de esta pelea es que se debe colocar la campa\u00f1a electoral de la izquierda.<\/p>\n<p><strong>La apuesta de Cristina <\/strong><\/p>\n<p>Es aqu\u00ed donde se coloca el operativo retorno de Cristina. Planeando sobre el creciente descontento popular, sobre esa franja de la poblaci\u00f3n que repudia a Macri cada vez m\u00e1s, pretende jugar el juego de la polarizaci\u00f3n, juego que el macrismo tambi\u00e9n alienta.<\/p>\n<p>La apuesta de Cristina comprende, sin embargo, dos contradicciones de envergadura. Una, frente a amplios sectores de trabajadores. Porque como dijera Manuela en la conferencia de prensa de lanzamiento de la Izquierda al Frente por el Socialismo, <strong>las \u201cheridas\u201d dejadas por el kirchnerismo no han cicatrizado<\/strong>. Traducido: los K gobernaron 12 a\u00f1os sin hacer ning\u00fan cambio de fondo, sosteniendo la explotaci\u00f3n capitalista. Y aunque mucha de la experiencia con ellos no se haya procesado por la izquierda, conscientemente, comprende la apreciaci\u00f3n correcta de que, en definitiva, nada profundo se modific\u00f3 de la vida cotidiana de los explotados en nuestro pa\u00eds. Algo as\u00ed como la justa percepci\u00f3n de los trabajadores de que los gobiernos pasan pero sus condiciones de existencia \u2013su car\u00e1cter de explotados- no se modifica en nada sustancial.<\/p>\n<p>De ah\u00ed que recuperar los favores de una amplia mayor\u00eda social no vaya a ser f\u00e1cil para Cristina; que su expectativa de votos en la provincia de Buenos Aires gire algo en torno al 30%, una cifra importante pero que no deja de ser otra minor\u00eda.<\/p>\n<p>Pero adem\u00e1s, los K tienen un segundo problema. Cristina puede hacerse la \u201cizquierdista\u201d, llamar a que la voten para \u201cparar el ajuste desde el Congreso\u201d \u2013\u00a1esto a pesar que los K vienen garantiz\u00e1ndole la gobernabilidad a Macri vot\u00e1ndole las principales leyes en el Congreso!-, etc\u00e9tera, total se trata de una elecci\u00f3n de medio t\u00e9rmino, parlamentaria, donde no se plantea la responsabilidad ejecutiva, presidencial.<\/p>\n<p>El l\u00edmite de esta actuaci\u00f3n como fuerza patronal: \u00bfc\u00f3mo hacer para recuperar los favores de la patronal? Es que los capitalistas le tienen <strong>fobia<\/strong> al populismo porque a pesar que significa una forma de gobierno 100% capitalista, entra\u00f1a habitualmente <strong>concesiones a las masas<\/strong>.<\/p>\n<p>Esas concesiones no tienen que ver con supuestas \u201cinclinaciones populares\u201d de este tipo de gobiernos, sino con algo mucho m\u00e1s <strong>pragm\u00e1tico<\/strong>: el hecho que surgen en coyunturas de presi\u00f3n de la lucha de clases donde para mantener al sistema hay que concederle algo a los de abajo.<\/p>\n<p>En la historia argentina el caso emblem\u00e1tico de este tipo de reg\u00edmenes ocurri\u00f3 bajo la primera presidencia de Juan Domingo Per\u00f3n, donde en un discurso dado en la Bolsa de Comercio en los a\u00f1os 40 explicaba a los empresarios pedag\u00f3gicamente que para defender sus intereses muchas veces era \u201cmejor entregarles algo a los trabajadores que perderlo todo\u201d\u2026<\/p>\n<p>Pero ocurre que los capitalistas se aguantan a los populistas cuando creen que tienen alg\u00fan papel que cumplir; cuando les preocupa que el descontento popular pueda llegar tan lejos como para cuestionar la estabilidad del sistema. Cuando opinan que esto no ocurre \u2013como pasa hoy- los burgueses al repudiar al populismo, <strong>est\u00e1n repudiando cualquier concesi\u00f3n a las masas<\/strong>; de ah\u00ed que prefieran gobiernos m\u00e1s directos de los empresarios como es hoy el caso de Macri.<\/p>\n<p>No le va a ser f\u00e1cil a Cristina recuperar los favores de los capitalistas (salvo que se agudice la situaci\u00f3n pol\u00edtica). De ah\u00ed que diarios como <em>La Naci\u00f3n<\/em> y editorialistas como Morales Sol\u00e1, gusten repetirle a Cristina que podr\u00eda ser la primera minor\u00eda hoy, pero dif\u00edcilmente superar el desaf\u00edo de un balotaje presidencial, dado el nivel de repudio que tiene.<\/p>\n<p>Esto no quiere decir que los K no puedan girar a la derecha (no tanto hoy sino hacia 2019) para recolocarse frente a ellos. En todo caso, ilustra el tipo de problemas que afronta una eventual candidatura de Cristina y el discurso subliminal de \u201crenovaci\u00f3n\u201d de un Randazzo hacia los caciques del peronismo: \u201choy, t\u00e1cticamente, pueden ganar con Cristina; pero para la presidenciales hace falta alguien como yo que no est\u00e9 malquistado con los empresarios\u201d&#8230;<\/p>\n<p>Es decir: su apuesta es colocar el planteo \u201cestrat\u00e9gico\u201d de que el peronismo necesita un factor ordenador m\u00e1s girado hacia la derecha.<\/p>\n<p>En todo caso el cristinismo tiene todav\u00eda mucha capacidad de maniobra. Ah\u00ed est\u00e1 la presentaci\u00f3n de la \u201cUnidad ciudadana\u201d y haberle dejado a Randazzo el sello del PJ para que compita en una pelea de marginales con Mario Ishi, hist\u00f3rico cacique intendente de Jos\u00e9 C. Paz, evidentemente funcional a Cristina.<\/p>\n<p><strong>La hist\u00f3rica pelea de los choferes y trolebuseros cordobeses \u00a0<\/strong><\/p>\n<p>De cualquier modo y antes de continuar con la danza electoral en ciernes, hay que decir algo de los conflictos de la UTA en C\u00f3rdoba y los docentes en provincia de Buenos Aires.<\/p>\n<p>M\u00e1s all\u00e1 de su resultado, es evidente que la pelea de los colectiveros y trolebuseros cordobeses ha sido <strong>una lucha hist\u00f3rica<\/strong>. Los choferes estallaron contra la injusticia de un acuerdo paritario negrero firmado por la UTA nacional de Fern\u00e1ndez que a todos los efectos pr\u00e1cticos les concede la miseria de un 8% hasta finales de este a\u00f1o: un esc\u00e1ndalo sin nombre.<\/p>\n<p>Lo caracter\u00edstico del asunto fue el car\u00e1cter independiente de esta pelea en la cual ingres\u00f3 toda la base, de ah\u00ed su masividad.<\/p>\n<p>El desborde estuvo dado porque la UTA fue parte directa de este acuerdo negrero, de empujar su implementaci\u00f3n, de actuar como agente directo de la patronal y el Estado contra los trabajadores; de ah\u00ed tambi\u00e9n que no fuera casual que la UTA provincial est\u00e9 intervenida desde el gremio nacional, que la inmensa mayor\u00eda de los delegados sean independientes y con peso de la izquierda.<\/p>\n<p>La realidad es que contra la hist\u00f3rica lucha de los colectiveros cordobeses se form\u00f3 <strong>una verdadera Santa Alianza<\/strong> \u2013t\u00edpica de toda lucha que desborda a la burocracia- conformada entre la intendencia de Mestre, la gobernaci\u00f3n de Schiaretti, la UTA de Fern\u00e1ndez y el gobierno nacional de Macri, para quebrar su pelea (Fern\u00e1ndez ten\u00eda sumo inter\u00e9s que los colectiveros cordobeses no quebraran la miserable paritaria firmada por el gremio de manera tal que la mancha del descontento no se extendiera al resto del gremio en todo el pa\u00eds).<\/p>\n<p>Llegaron a militarizar la ciudad y el servicio luego de una semana corrida en la que pr\u00e1cticamente no hubo servicios de colectivos en la ciudad de C\u00f3rdoba, pero incluso esto no les alcanz\u00f3. La forma de quebrar el conflicto fue con el que podr\u00edamos llamar \u201cm\u00e9todo de Gestamp\u201d: el Ministerio de Trabajo provincial y los empresarios de las l\u00edneas firmaron lo que era un \u201cacuerdo\u201d de empate m\u00e1s que digno para los trabajadores, s\u00f3lo para que horas despu\u00e9s, una vez desmovilizados los trabajadores con la idea de que se volv\u00eda a trabajar en condiciones m\u00e1s dignas, <strong>desconocer<\/strong> el gobernador y la c\u00e1mara empresaria del sector el acuerdo; como se\u00f1alamos, <strong>casi un calco de la maniobra en Gestamp.<\/strong><\/p>\n<p>Es decir: una trampa para quebrar la lucha que viene a cuestionar los compromisos que asume el propio Estado y que le plantea a los trabajadores una maduraci\u00f3n a la hora de enfrentar este tipo de peleas: <strong>pensar en formas que vayan m\u00e1s all\u00e1 de lo meramente legal para hacer valer los acuerdos que toma el propio Estado, sus autoridades. <\/strong><\/p>\n<p>De ah\u00ed que Manuela haya se\u00f1alado muy correctamente en el programa de V\u00edctor Hugo Morales que los trabajadores se ver\u00edan arrastrados a <strong>radicalizar sus luchas<\/strong> para hacer cumplir los acuerdos de seguir repiti\u00e9ndose esta situaci\u00f3n.<\/p>\n<p>Yendo del conflicto de los colectiveros \u2013que de momento se ha saldado lamentablemente con una derrota- a los docentes provinciales de Buenos Aires, el caso es que este mi\u00e9rcoles 14 hubo un paro de 24 horas del SUTEBA que cont\u00f3 con un <strong>importante acatamiento<\/strong>. Las idas y venidas de este conflicto han sido complejas; pero lo que cuenta es que, en definitiva, el conflicto no est\u00e1 cerrado, la paritaria no se ha firmado, los docentes no parecen derrotados.<\/p>\n<p>Lo anterior le coloca un problema tanto a Vidal como a la direcci\u00f3n de la Celeste. A Vidal le crea una grave dificultad no s\u00f3lo sindical sino tambi\u00e9n pol\u00edtica: se acercan las elecciones y un tema tan sensible como el de los docentes <strong>no est\u00e1 cerrado<\/strong>. Ha hecho muchas bravuconadas, ha jugado a \u201camarga theatchers\u201d, pero que el conflicto no est\u00e9 cerrado le plantea un <strong>enorme costo pol\u00edtico. <\/strong><\/p>\n<p>Por su parte, la Celeste tampoco ha logrado sacar un aumento; debilit\u00f3 la lucha en su punto m\u00e1s alto y ahora es m\u00e1s complejo todo. Pero de todas maneras, la realidad es que el gremio no luce derrotado y que de una u otra forma ratific\u00f3 su conducci\u00f3n en las recientes elecciones del gremio (si bien la Multicolor hizo una importante elecci\u00f3n en todos los distritos), lo que de una u otra manera le da un margen de acci\u00f3n m\u00e1s all\u00e1 de que todav\u00eda no se sepa c\u00f3mo continuar\u00e1 este minu\u00e9.<\/p>\n<p><strong>La izquierda renueva sus fuerzas<\/strong><\/p>\n<p>Es en este contexto donde se coloca el rol de la izquierda, sobre todo en este caso referido a la campa\u00f1a electoral. La novedad es que a partir del d\u00eda de la fecha en nuestro pa\u00eds hay dos frentes electorales nacionales de la izquierda: el FIT y la Izquierda al Frente por el Socialismo que se ha inscripto en nueve distritos, los m\u00e1s importantes del pa\u00eds (lo que es, por lo dem\u00e1s, un enorme triunfo de nuestro partido, de su pol\u00edtica, <strong>de haber forzado al MST a un frente de independencia de clases<\/strong>).<\/p>\n<p>La conferencia de prensa realizada en el Hotel Bauen anunciando la presentaci\u00f3n oficial del frente fue muy concurrida por los medios, como reflejando la importancia del nuevo frente. Adem\u00e1s, su lanzamiento ocurre cuando se espera una importante elecci\u00f3n de la izquierda en todo el pa\u00eds (ver el anticipo de La Rioja y Chaco), y cuando el FIT llega arrastrando un <strong>enorme desprestigio<\/strong> entre crecientes sectores por su rol divisionista en la lucha de clases de todos los d\u00edas e, incluso, por su divisionismo electoral: <strong>\u00a1si la Izquierda al Frente por el Socialismo surge como frente separado es por su entera responsabilidad! <\/strong><\/p>\n<p>Por nuestra parte, tenemos la alegr\u00eda de se\u00f1alar que nuestro partido ya se est\u00e1 lanzando de lleno a la campa\u00f1a electoral en todos los distritos, pero sobre todo en la provincia de Buenos Aires, la m\u00e1s estrat\u00e9gica del pa\u00eds, donde se juega la principal batalla del nuevo frente. Encabezando esta pelea est\u00e1 nuestra compa\u00f1era Manuela Casta\u00f1eira, que ya es una evidencia la instalaci\u00f3n creciente que viene logrado como una joven figura emergente de la izquierda.<\/p>\n<p>Vamos con la Izquierda al Frente por el Socialismo a plantear que la crisis la paguen los capitalistas, a levantar una alternativa de independencia de clases de los trabajadores, a romper el piso proscriptivo de las PASO y a pelear porque Manuela llegue a octubre y se reabra el debate por la unidad de la izquierda independiente en nuestro pa\u00eds.<\/p>\n<p><strong>\u00a1Vamos con todo a la campa\u00f1a electoral a instalar el nuevo frente, a conseguir candidaturas en todo el pa\u00eds, a instalar a Manuela como una de las principales figuras de la izquierda!<\/strong><\/p>\n","protected":false},"excerpt":{"rendered":"<p>Con Manuela Casta\u00f1eira y la Izquierda al Frente a quebrar la proscripci\u00f3n En el momento que cerramos este editorial se est\u00e1n presentando los frentes que competir\u00e1n en las pr\u00f3ximas elecciones. Como se ha podido apreciar en los \u00faltimos d\u00edas con los conflictos de los colectiveros en C\u00f3rdoba y el paro docente provincial en Buenos Aires, [&hellip;]<\/p>\n","protected":false},"author":8,"featured_media":9873,"comment_status":"closed","ping_status":"closed","sticky":false,"template":"","format":"standard","meta":{"footnotes":""},"categories":[122,1656],"tags":[1719,1339,49],"class_list":{"0":"post-9872","1":"post","2":"type-post","3":"status-publish","4":"format-standard","5":"has-post-thumbnail","7":"category-america-latina-y-el-caribe","8":"category-argentina","9":"tag-edicion-79","10":"tag-editorial-sob-argentina","11":"tag-jose-luis-rojo"},"yoast_head":"<!-- This site is optimized with the Yoast SEO plugin v27.5 - https:\/\/yoast.com\/product\/yoast-seo-wordpress\/ -->\n<title>Argentina - Comienza la carrera electoral - Socialismo o Barbarie<\/title>\n<meta name=\"robots\" content=\"index, follow, max-snippet:-1, max-image-preview:large, max-video-preview:-1\" \/>\n<link rel=\"canonical\" href=\"https:\/\/www.socialismoobarbarie.org\/?p=9872\" \/>\n<meta property=\"og:locale\" content=\"es_ES\" \/>\n<meta property=\"og:type\" content=\"article\" \/>\n<meta property=\"og:title\" content=\"Argentina - Comienza la carrera electoral - Socialismo o Barbarie\" \/>\n<meta property=\"og:description\" content=\"Con Manuela Casta\u00f1eira y la Izquierda al Frente a quebrar la proscripci\u00f3n En el momento que cerramos este editorial se est\u00e1n presentando los frentes que competir\u00e1n en las pr\u00f3ximas elecciones. Como se ha podido apreciar en los \u00faltimos d\u00edas con los conflictos de los colectiveros en C\u00f3rdoba y el paro docente provincial en Buenos Aires, [&hellip;]\" \/>\n<meta property=\"og:url\" content=\"https:\/\/www.socialismoobarbarie.org\/?p=9872\" \/>\n<meta property=\"og:site_name\" content=\"Socialismo o Barbarie\" \/>\n<meta property=\"article:published_time\" content=\"2017-06-16T01:34:02+00:00\" \/>\n<meta property=\"article:modified_time\" content=\"2019-11-20T13:34:34+00:00\" \/>\n<meta property=\"og:image\" content=\"https:\/\/www.socialismoobarbarie.org\/wp-content\/uploads\/2017\/06\/manu_primo-e1497576830106.jpg\" \/>\n\t<meta property=\"og:image:width\" content=\"700\" \/>\n\t<meta property=\"og:image:height\" content=\"465\" \/>\n\t<meta property=\"og:image:type\" content=\"image\/jpeg\" \/>\n<meta name=\"author\" content=\"SOB\" \/>\n<meta name=\"twitter:card\" content=\"summary_large_image\" \/>\n<meta name=\"twitter:label1\" content=\"Escrito por\" \/>\n\t<meta name=\"twitter:data1\" content=\"SOB\" \/>\n\t<meta name=\"twitter:label2\" content=\"Tiempo de lectura\" \/>\n\t<meta name=\"twitter:data2\" content=\"13 minutos\" \/>\n<script type=\"application\/ld+json\" class=\"yoast-schema-graph\">{\"@context\":\"https:\\\/\\\/schema.org\",\"@graph\":[{\"@type\":\"Article\",\"@id\":\"https:\\\/\\\/www.socialismoobarbarie.org\\\/?p=9872#article\",\"isPartOf\":{\"@id\":\"https:\\\/\\\/www.socialismoobarbarie.org\\\/?p=9872\"},\"author\":{\"name\":\"SOB\",\"@id\":\"https:\\\/\\\/www.socialismoobarbarie.org\\\/#\\\/schema\\\/person\\\/bc1c3b321d47ed092405949c77e35a8e\"},\"headline\":\"Argentina &#8211; Comienza la carrera electoral\",\"datePublished\":\"2017-06-16T01:34:02+00:00\",\"dateModified\":\"2019-11-20T13:34:34+00:00\",\"mainEntityOfPage\":{\"@id\":\"https:\\\/\\\/www.socialismoobarbarie.org\\\/?p=9872\"},\"wordCount\":2586,\"publisher\":{\"@id\":\"https:\\\/\\\/www.socialismoobarbarie.org\\\/#organization\"},\"image\":{\"@id\":\"https:\\\/\\\/www.socialismoobarbarie.org\\\/?p=9872#primaryimage\"},\"thumbnailUrl\":\"https:\\\/\\\/www.socialismoobarbarie.org\\\/wp-content\\\/uploads\\\/2017\\\/06\\\/manu_primo-e1497576830106.jpg\",\"keywords\":[\"Edicion 79\",\"Editorial SoB Argentina\",\"Jos\u00e9 Luis Rojo\"],\"articleSection\":[\"Am\u00e9rica Latina\",\"Argentina\"],\"inLanguage\":\"es\"},{\"@type\":\"WebPage\",\"@id\":\"https:\\\/\\\/www.socialismoobarbarie.org\\\/?p=9872\",\"url\":\"https:\\\/\\\/www.socialismoobarbarie.org\\\/?p=9872\",\"name\":\"Argentina - Comienza la carrera electoral - Socialismo o Barbarie\",\"isPartOf\":{\"@id\":\"https:\\\/\\\/www.socialismoobarbarie.org\\\/#website\"},\"primaryImageOfPage\":{\"@id\":\"https:\\\/\\\/www.socialismoobarbarie.org\\\/?p=9872#primaryimage\"},\"image\":{\"@id\":\"https:\\\/\\\/www.socialismoobarbarie.org\\\/?p=9872#primaryimage\"},\"thumbnailUrl\":\"https:\\\/\\\/www.socialismoobarbarie.org\\\/wp-content\\\/uploads\\\/2017\\\/06\\\/manu_primo-e1497576830106.jpg\",\"datePublished\":\"2017-06-16T01:34:02+00:00\",\"dateModified\":\"2019-11-20T13:34:34+00:00\",\"breadcrumb\":{\"@id\":\"https:\\\/\\\/www.socialismoobarbarie.org\\\/?p=9872#breadcrumb\"},\"inLanguage\":\"es\",\"potentialAction\":[{\"@type\":\"ReadAction\",\"target\":[\"https:\\\/\\\/www.socialismoobarbarie.org\\\/?p=9872\"]}]},{\"@type\":\"ImageObject\",\"inLanguage\":\"es\",\"@id\":\"https:\\\/\\\/www.socialismoobarbarie.org\\\/?p=9872#primaryimage\",\"url\":\"https:\\\/\\\/www.socialismoobarbarie.org\\\/wp-content\\\/uploads\\\/2017\\\/06\\\/manu_primo-e1497576830106.jpg\",\"contentUrl\":\"https:\\\/\\\/www.socialismoobarbarie.org\\\/wp-content\\\/uploads\\\/2017\\\/06\\\/manu_primo-e1497576830106.jpg\",\"width\":700,\"height\":465},{\"@type\":\"BreadcrumbList\",\"@id\":\"https:\\\/\\\/www.socialismoobarbarie.org\\\/?p=9872#breadcrumb\",\"itemListElement\":[{\"@type\":\"ListItem\",\"position\":1,\"name\":\"Portada\",\"item\":\"https:\\\/\\\/www.socialismoobarbarie.org\\\/\"},{\"@type\":\"ListItem\",\"position\":2,\"name\":\"Argentina &#8211; Comienza la carrera electoral\"}]},{\"@type\":\"WebSite\",\"@id\":\"https:\\\/\\\/www.socialismoobarbarie.org\\\/#website\",\"url\":\"https:\\\/\\\/www.socialismoobarbarie.org\\\/\",\"name\":\"Socialismo o Barbarie\",\"description\":\"Sitio web de la corriente internacional Socialismo o Barbarie\",\"publisher\":{\"@id\":\"https:\\\/\\\/www.socialismoobarbarie.org\\\/#organization\"},\"potentialAction\":[{\"@type\":\"SearchAction\",\"target\":{\"@type\":\"EntryPoint\",\"urlTemplate\":\"https:\\\/\\\/www.socialismoobarbarie.org\\\/?s={search_term_string}\"},\"query-input\":{\"@type\":\"PropertyValueSpecification\",\"valueRequired\":true,\"valueName\":\"search_term_string\"}}],\"inLanguage\":\"es\"},{\"@type\":\"Organization\",\"@id\":\"https:\\\/\\\/www.socialismoobarbarie.org\\\/#organization\",\"name\":\"Socialismo o Barbarie\",\"url\":\"https:\\\/\\\/www.socialismoobarbarie.org\\\/\",\"logo\":{\"@type\":\"ImageObject\",\"inLanguage\":\"es\",\"@id\":\"https:\\\/\\\/www.socialismoobarbarie.org\\\/#\\\/schema\\\/logo\\\/image\\\/\",\"url\":\"https:\\\/\\\/www.socialismoobarbarie.org\\\/wp-content\\\/uploads\\\/2025\\\/02\\\/soblogoweb-2025.png\",\"contentUrl\":\"https:\\\/\\\/www.socialismoobarbarie.org\\\/wp-content\\\/uploads\\\/2025\\\/02\\\/soblogoweb-2025.png\",\"width\":450,\"height\":161,\"caption\":\"Socialismo o Barbarie\"},\"image\":{\"@id\":\"https:\\\/\\\/www.socialismoobarbarie.org\\\/#\\\/schema\\\/logo\\\/image\\\/\"}},{\"@type\":\"Person\",\"@id\":\"https:\\\/\\\/www.socialismoobarbarie.org\\\/#\\\/schema\\\/person\\\/bc1c3b321d47ed092405949c77e35a8e\",\"name\":\"SOB\",\"url\":\"https:\\\/\\\/www.socialismoobarbarie.org\\\/?author=8\"}]}<\/script>\n<!-- \/ Yoast SEO plugin. -->","yoast_head_json":{"title":"Argentina - Comienza la carrera electoral - Socialismo o Barbarie","robots":{"index":"index","follow":"follow","max-snippet":"max-snippet:-1","max-image-preview":"max-image-preview:large","max-video-preview":"max-video-preview:-1"},"canonical":"https:\/\/www.socialismoobarbarie.org\/?p=9872","og_locale":"es_ES","og_type":"article","og_title":"Argentina - Comienza la carrera electoral - Socialismo o Barbarie","og_description":"Con Manuela Casta\u00f1eira y la Izquierda al Frente a quebrar la proscripci\u00f3n En el momento que cerramos este editorial se est\u00e1n presentando los frentes que competir\u00e1n en las pr\u00f3ximas elecciones. Como se ha podido apreciar en los \u00faltimos d\u00edas con los conflictos de los colectiveros en C\u00f3rdoba y el paro docente provincial en Buenos Aires, [&hellip;]","og_url":"https:\/\/www.socialismoobarbarie.org\/?p=9872","og_site_name":"Socialismo o Barbarie","article_published_time":"2017-06-16T01:34:02+00:00","article_modified_time":"2019-11-20T13:34:34+00:00","og_image":[{"width":700,"height":465,"url":"https:\/\/www.socialismoobarbarie.org\/wp-content\/uploads\/2017\/06\/manu_primo-e1497576830106.jpg","type":"image\/jpeg"}],"author":"SOB","twitter_card":"summary_large_image","twitter_misc":{"Escrito por":"SOB","Tiempo de lectura":"13 minutos"},"schema":{"@context":"https:\/\/schema.org","@graph":[{"@type":"Article","@id":"https:\/\/www.socialismoobarbarie.org\/?p=9872#article","isPartOf":{"@id":"https:\/\/www.socialismoobarbarie.org\/?p=9872"},"author":{"name":"SOB","@id":"https:\/\/www.socialismoobarbarie.org\/#\/schema\/person\/bc1c3b321d47ed092405949c77e35a8e"},"headline":"Argentina &#8211; Comienza la carrera electoral","datePublished":"2017-06-16T01:34:02+00:00","dateModified":"2019-11-20T13:34:34+00:00","mainEntityOfPage":{"@id":"https:\/\/www.socialismoobarbarie.org\/?p=9872"},"wordCount":2586,"publisher":{"@id":"https:\/\/www.socialismoobarbarie.org\/#organization"},"image":{"@id":"https:\/\/www.socialismoobarbarie.org\/?p=9872#primaryimage"},"thumbnailUrl":"https:\/\/www.socialismoobarbarie.org\/wp-content\/uploads\/2017\/06\/manu_primo-e1497576830106.jpg","keywords":["Edicion 79","Editorial SoB Argentina","Jos\u00e9 Luis Rojo"],"articleSection":["Am\u00e9rica Latina","Argentina"],"inLanguage":"es"},{"@type":"WebPage","@id":"https:\/\/www.socialismoobarbarie.org\/?p=9872","url":"https:\/\/www.socialismoobarbarie.org\/?p=9872","name":"Argentina - Comienza la carrera electoral - Socialismo o Barbarie","isPartOf":{"@id":"https:\/\/www.socialismoobarbarie.org\/#website"},"primaryImageOfPage":{"@id":"https:\/\/www.socialismoobarbarie.org\/?p=9872#primaryimage"},"image":{"@id":"https:\/\/www.socialismoobarbarie.org\/?p=9872#primaryimage"},"thumbnailUrl":"https:\/\/www.socialismoobarbarie.org\/wp-content\/uploads\/2017\/06\/manu_primo-e1497576830106.jpg","datePublished":"2017-06-16T01:34:02+00:00","dateModified":"2019-11-20T13:34:34+00:00","breadcrumb":{"@id":"https:\/\/www.socialismoobarbarie.org\/?p=9872#breadcrumb"},"inLanguage":"es","potentialAction":[{"@type":"ReadAction","target":["https:\/\/www.socialismoobarbarie.org\/?p=9872"]}]},{"@type":"ImageObject","inLanguage":"es","@id":"https:\/\/www.socialismoobarbarie.org\/?p=9872#primaryimage","url":"https:\/\/www.socialismoobarbarie.org\/wp-content\/uploads\/2017\/06\/manu_primo-e1497576830106.jpg","contentUrl":"https:\/\/www.socialismoobarbarie.org\/wp-content\/uploads\/2017\/06\/manu_primo-e1497576830106.jpg","width":700,"height":465},{"@type":"BreadcrumbList","@id":"https:\/\/www.socialismoobarbarie.org\/?p=9872#breadcrumb","itemListElement":[{"@type":"ListItem","position":1,"name":"Portada","item":"https:\/\/www.socialismoobarbarie.org\/"},{"@type":"ListItem","position":2,"name":"Argentina &#8211; Comienza la carrera electoral"}]},{"@type":"WebSite","@id":"https:\/\/www.socialismoobarbarie.org\/#website","url":"https:\/\/www.socialismoobarbarie.org\/","name":"Socialismo o Barbarie","description":"Sitio web de la corriente internacional Socialismo o Barbarie","publisher":{"@id":"https:\/\/www.socialismoobarbarie.org\/#organization"},"potentialAction":[{"@type":"SearchAction","target":{"@type":"EntryPoint","urlTemplate":"https:\/\/www.socialismoobarbarie.org\/?s={search_term_string}"},"query-input":{"@type":"PropertyValueSpecification","valueRequired":true,"valueName":"search_term_string"}}],"inLanguage":"es"},{"@type":"Organization","@id":"https:\/\/www.socialismoobarbarie.org\/#organization","name":"Socialismo o Barbarie","url":"https:\/\/www.socialismoobarbarie.org\/","logo":{"@type":"ImageObject","inLanguage":"es","@id":"https:\/\/www.socialismoobarbarie.org\/#\/schema\/logo\/image\/","url":"https:\/\/www.socialismoobarbarie.org\/wp-content\/uploads\/2025\/02\/soblogoweb-2025.png","contentUrl":"https:\/\/www.socialismoobarbarie.org\/wp-content\/uploads\/2025\/02\/soblogoweb-2025.png","width":450,"height":161,"caption":"Socialismo o Barbarie"},"image":{"@id":"https:\/\/www.socialismoobarbarie.org\/#\/schema\/logo\/image\/"}},{"@type":"Person","@id":"https:\/\/www.socialismoobarbarie.org\/#\/schema\/person\/bc1c3b321d47ed092405949c77e35a8e","name":"SOB","url":"https:\/\/www.socialismoobarbarie.org\/?author=8"}]}},"_links":{"self":[{"href":"https:\/\/www.socialismoobarbarie.org\/index.php?rest_route=\/wp\/v2\/posts\/9872","targetHints":{"allow":["GET"]}}],"collection":[{"href":"https:\/\/www.socialismoobarbarie.org\/index.php?rest_route=\/wp\/v2\/posts"}],"about":[{"href":"https:\/\/www.socialismoobarbarie.org\/index.php?rest_route=\/wp\/v2\/types\/post"}],"author":[{"embeddable":true,"href":"https:\/\/www.socialismoobarbarie.org\/index.php?rest_route=\/wp\/v2\/users\/8"}],"replies":[{"embeddable":true,"href":"https:\/\/www.socialismoobarbarie.org\/index.php?rest_route=%2Fwp%2Fv2%2Fcomments&post=9872"}],"version-history":[{"count":1,"href":"https:\/\/www.socialismoobarbarie.org\/index.php?rest_route=\/wp\/v2\/posts\/9872\/revisions"}],"predecessor-version":[{"id":9876,"href":"https:\/\/www.socialismoobarbarie.org\/index.php?rest_route=\/wp\/v2\/posts\/9872\/revisions\/9876"}],"wp:featuredmedia":[{"embeddable":true,"href":"https:\/\/www.socialismoobarbarie.org\/index.php?rest_route=\/wp\/v2\/media\/9873"}],"wp:attachment":[{"href":"https:\/\/www.socialismoobarbarie.org\/index.php?rest_route=%2Fwp%2Fv2%2Fmedia&parent=9872"}],"wp:term":[{"taxonomy":"category","embeddable":true,"href":"https:\/\/www.socialismoobarbarie.org\/index.php?rest_route=%2Fwp%2Fv2%2Fcategories&post=9872"},{"taxonomy":"post_tag","embeddable":true,"href":"https:\/\/www.socialismoobarbarie.org\/index.php?rest_route=%2Fwp%2Fv2%2Ftags&post=9872"}],"curies":[{"name":"wp","href":"https:\/\/api.w.org\/{rel}","templated":true}]}}