{"id":996,"date":"2013-02-09T18:09:00","date_gmt":"2013-02-09T21:09:00","guid":{"rendered":"https:\/\/www.socialismoobarbarie.org\/?p=996"},"modified":"2019-11-20T11:25:20","modified_gmt":"2019-11-20T14:25:20","slug":"un-clima-de-ebullicion-social","status":"publish","type":"post","link":"https:\/\/www.socialismoobarbarie.org\/?p=996","title":{"rendered":"Un clima de ebullici\u00f3n social"},"content":{"rendered":"<p><b>Espa\u00f1a<\/b><\/p>\n<p align=\"right\"><i>Alejandro Vinet<\/i><\/p>\n<p>&nbsp;<\/p>\n<p>En este texto analizaremos la situaci\u00f3n pol\u00edtica en Espa\u00f1a, haciendo un repaso de las principales luchas que recorrieron el a\u00f1o. A la vez, intentaremos plantear los problemas pol\u00edticos que comienzan a ponerse a la orden del d\u00eda, adem\u00e1s de delinear algunas de las tendencias del desarrollo en curso, que pueden profundizarse en los pr\u00f3ximos meses.<\/p>\n<p>El caso de Espa\u00f1a tiene una importancia muy grande. Por empezar, ha sido sin dudas el pa\u00eds m\u00e1s din\u00e1mico en la situaci\u00f3n europea, con las consecuencias que esto implica en el conjunto del continente. Adem\u00e1s, se trata de la cuarta econom\u00eda de la zona euro, lo que implica que su default o salida del euro significar\u00edan un golpe dur\u00edsimo para el conjunto de la Uni\u00f3n Europea.<\/p>\n<p>Sin embargo, no nos detendremos aqu\u00ed demasiado en los aspectos econ\u00f3micos de la cuesti\u00f3n. Lo que nos interesa es trazar las l\u00edneas del desarrollo pol\u00edtico que empiezan a expresarse y plantear cu\u00e1les son para nosotros los puntos de apoyo para la acci\u00f3n pol\u00edtica revolucionaria. Adem\u00e1s, analizar el caso espa\u00f1ol permite establecer ciertos criterios generales que, con las especificidades nacionales de cada pa\u00eds y un ritmo desigual, consideramos se desarrollan a lo largo de toda Europa.<\/p>\n<p>&nbsp;<\/p>\n<p>&nbsp;<\/p>\n<p><b>1. Una crisis econ\u00f3mica que se profundiza<\/b><\/p>\n<p>&nbsp;<\/p>\n<p>Es imposible entender la situaci\u00f3n en Espa\u00f1a sin realizar un breve an\u00e1lisis de la situaci\u00f3n europea en su conjunto. La zona euro, a pesar de sus limites a nivel de coordinaci\u00f3n econ\u00f3mica y pol\u00edtica (y de la inexistencia de una burgues\u00eda \u201ceuropea\u201d, que se demuestra a trav\u00e9s de los roces cada vez m\u00e1s profundos entre los intereses de las diferentes burgues\u00edas nacionales), funciona en parte como una totalidad, en gran medida a ra\u00edz precisamente de la moneda \u00fanica. El euro, adem\u00e1s de funcionar como un elemento de racionalizaci\u00f3n econ\u00f3mica al servicio de la burgues\u00edas m\u00e1s productivas (esencialmente la alemana, que concentra el 50% de sus exportaciones en la zona euro, y la francesa), act\u00faa como correa de transmisi\u00f3n de las tendencias a la crisis. Eso es lo que explica el lugar central que ocupa desde hace ya largos meses Grecia \u2013una econom\u00eda relativamente modesta en relaci\u00f3n con otros pa\u00edses\u2013 en la pol\u00edtica europea, con su peligro de default y salida del euro, lo que implicar\u00eda un verdadero efecto domin\u00f3 en toda la zona euro, ya que los principales tenedores de deuda publica griega son los bancos alemanes y franceses.<\/p>\n<p>Desde el estallido de la crisis en 2008, Europa ha sido la zona econ\u00f3mica m\u00e1s afectada: un aumento de la desocupaci\u00f3n galopante (que alcanza m\u00e1s del 25% en Espa\u00f1a y Grecia), un crecimiento menor del PBI de la UE (con tasas negativas en algunos pa\u00edses) y una menor participaci\u00f3n en el PBI mundial (25% en 2012 contra 30% en 2008) y en el comercio internacional. A diferencia de las econom\u00edas \u201cemergentes\u201d (China, Brasil, India), que protagonizaron luego del estallido de la crisis el llamado \u201cdesacople\u201d, es decir, que mantuvieron tasas de crecimiento positivas, con un relativo crecimiento industrial (aunque comienzan a acoplarse cada vez m\u00e1s a la crisis capitalista con las primeras expresiones de deterioro econ\u00f3mico y de luchas obreras), el tejido industrial de la Uni\u00f3n Europea se viene desangrando en los \u00faltimos a\u00f1os. Es el resultado de la deslocalizaci\u00f3n de la producci\u00f3n hacia zonas donde la mano de obra es m\u00e1s barata y desregulada, lo cual explica adem\u00e1s en parte el crecimiento de las econom\u00edas emergentes e incluso de los ex pa\u00edses del Este europeo, que crecieron por encima del 5%, muy por encima de la media del 1,5%.<\/p>\n<p>Otro elemento importante de la crisis en Europa es el rescate estatal a los bancos que se efectu\u00f3 luego del estallido de 2008 y que contin\u00faa hoy en d\u00eda, tanto a nivel de los Estados nacionales como de los fondos de rescate de la UE. Esto traslada una presi\u00f3n econ\u00f3mica important\u00edsima a la deuda p\u00fablica, que ha crecido de manera astron\u00f3mica en los \u00faltimos a\u00f1os: la posibilidad de default de pa\u00edses enteros, no s\u00f3lo de econom\u00edas m\u00e1s d\u00e9biles como Grecia y Portugal, sino de Italia y Espa\u00f1a (tercera y cuarta econom\u00eda de la UE, respectivamente), comienza a ser una amenaza real.<\/p>\n<p>El aumento en t\u00e9rminos absolutos de la deuda p\u00fablica tiene adem\u00e1s como consecuencia la degradaci\u00f3n de la nota por parte de las agencias de calificaci\u00f3n de riesgo (como Moody\u2019s y Standard &amp; Poor\u2019s), lo cual implica condiciones de financiamiento m\u00e1s dif\u00edciles y a tasas m\u00e1s altas, y sirve como excusa para aplicar los ajustes fiscales en esos pa\u00edses. Esto redobla las presiones de las econom\u00edas m\u00e1s fuertes hacia las m\u00e1s d\u00e9biles de la UE (los planes de salvataje multimillonarios a los estados van acompa\u00f1ados, naturalmente, de dur\u00edsimas medidas de austeridad dictadas desde Bruselas y Berl\u00edn). Tambi\u00e9n crecen las presiones al interior de cada pa\u00eds en relaci\u00f3n con la pol\u00edtica comunitaria (los alemanes est\u00e1n cansados de sostener a los griegos, espa\u00f1oles, italianos y portugueses \u201cque no quieren trabajar\u201d; \u00e9stos a su vez est\u00e1n hartos de recibir \u00f3rdenes de Merkel).<\/p>\n<p>Estos dos problemas centrales (desindustrializaci\u00f3n y deuda p\u00fablica creciente) exigen en el Estado Espa\u00f1ol, como en el resto de Europa, descargar la crisis sobre la espalda de los trabajadores a trav\u00e9s de una explotaci\u00f3n redoblada y de un desmantelamiento del Estado de Bienestar.<\/p>\n<p>En primer lugar, el desmantelamiento de la industria espa\u00f1ola est\u00e1 directamente relacionado con el problema de su competitividad. Esto tiene dos aristas: la competitividad al interior de la zona euro y la competencia m\u00e1s general a nivel internacional. A nivel de la zona euro, la moneda \u00fanica, como ya mencionamos, act\u00faa en favor de las econom\u00edas m\u00e1s avanzadas: a la vez que permiti\u00f3 aumentar la \u201cconfianza\u201d en el Estado Espa\u00f1ol y liberar as\u00ed un manantial de cr\u00e9dito f\u00e1cil, todo este consumo benefici\u00f3 a la producci\u00f3n de las burgues\u00edas alemana y francesa, que producen m\u00e1s barato que en Espa\u00f1a y tienen libertades aduaneras en el marco de la zona euro. El llamado \u201cmilagro espa\u00f1ol\u201d previo a la crisis de 2008 no sirvi\u00f3 para modernizar la estructura econ\u00f3mica del pa\u00eds ni para desarrollar una industria competitiva.<\/p>\n<p>A su vez, Espa\u00f1a est\u00e1 sometida a la competencia con las econom\u00edas que tienen un mercado de trabajo m\u00e1s desregulado, como las del sudeste asi\u00e1tico (principalmente China) y del Este europeo. En ese sentido, acarrea la molesta carga, desde el punto de vista capitalista, de las conquistas sociales del Estado de Bienestar. En definitiva, simplificando, la \u00fanica manera de competir con China o Bulgaria es imponi\u00e9ndole a la clase obrera espa\u00f1ola condiciones de trabajo y salarios \u201cchinos\u201d, que est\u00e1n por ahora varios escalones abajo de los espa\u00f1oles.<\/p>\n<p>Es por esto que uno de los ejes centrales del gobierno, tanto el de Rajoy como anteriormente el de Zapatero, ha sido la aprobaci\u00f3n de sucesivas reformas laborales que terminen de destruir los pocos derechos que tienen a\u00fan los trabajadores. Contratos basura, abaratamiento del despido, aumento de la edad de jubilaci\u00f3n, reducci\u00f3n y mayores restricciones del seguro de desempleo son los mecanismos de la burgues\u00eda para recuperar la competitividad, que se acompa\u00f1an de despidos masivos y aumento de la explotaci\u00f3n, as\u00ed como la destrucci\u00f3n de ramas enteras no rentables, como la miner\u00eda (que veremos m\u00e1s adelante).<\/p>\n<p>En segundo lugar, el aumento de la deuda p\u00fablica implica la reducci\u00f3n del d\u00e9ficit presupuestario del Estado, a trav\u00e9s de la destrucci\u00f3n y privatizaci\u00f3n de los servicios p\u00fablicos (salud, educaci\u00f3n) y del aumento de los impuestos populares. Precisamente, otro de los ejes del gobierno de Rajoy en los \u00faltimos meses ha sido, junto al aumento del IVA, el desmantelamiento de los servicios p\u00fablicos: reducci\u00f3n de sueldos y de efectivos en la funci\u00f3n publica, privatizaci\u00f3n del sistema de salud de Madrid y sistem\u00e1ticos ataques a la educaci\u00f3n (que ahora incluyen la introducci\u00f3n de la competencia entre establecimientos educativos, a trav\u00e9s de la elaboraci\u00f3n de un ranking por resultados acad\u00e9micos y la asignaci\u00f3n de recursos en funci\u00f3n de ese ranking), llegando al colmo del proyecto de privatizar el Registro Civil.<\/p>\n<p>El sector p\u00fablico ha sido uno de los m\u00e1s movilizados este a\u00f1o, no s\u00f3lo por la resistencia de los trabajadores estatales a pagar la crisis, sino tambi\u00e9n porque es un tema que sensibiliza y acarrea la solidaridad de amplios sectores de la poblaci\u00f3n A su vez, la juventud estudiantil (gran parte de la cual adem\u00e1s ha participado de las movilizaciones de los indignados y se encuentra desempleada), es hist\u00f3ricamente un sector de vanguardia en la organizaci\u00f3n de las luchas. Las sucesivas \u201cmareas verdes\u201d, organizadas por los docentes de todos los niveles, y la reciente \u201cmarea blanca\u201d de los trabajadores de la sanidad de Madrid han sido s\u00edmbolos de la important\u00edsima lucha de los trabajadores estatales este a\u00f1o.<\/p>\n<p>&nbsp;<\/p>\n<p>&nbsp;<\/p>\n<p><b>2. De los indignados a la clase obrera<\/b><\/p>\n<p><b>\u00a0<\/b><\/p>\n<p><b>2.1 Un ciclo ascendente de luchas<\/b><\/p>\n<p>&nbsp;<\/p>\n<p>El elemento central a tener presente es que <i>el ciclo general es de ascenso de las luchas<\/i>: de una lenta pero sostenida acumulaci\u00f3n de experiencias, de construcci\u00f3n de organizaciones independientes, de convergencia de sectores en lucha. Es cierto que no ha habido por el momento ning\u00fan triunfo categ\u00f3rico, e incluso que el gobierno avanza con los planes de austeridad (aunque sin imponer tampoco ninguna derrota aplastante), pero justamente lo significativo es que pese a las traiciones de la burocracia sindical, pese a los ataques constantes del PP, <i>la clase trabajadora sigue en pie de lucha.<\/i><b> <\/b>El a\u00f1o ha sido verdaderamente un continuo de huelgas, movilizaciones, ocupaciones de facultades, secundarios, hospitales, poniendo al Estado Espa\u00f1ol en un estado de ebullici\u00f3n profundamente fecundo para el surgimiento de organizaciones obreras y populares independientes. Le proponemos al lector un ejercicio muy sencillo: entrar diariamente durante una semana, por ejemplo, al sitio web de alg\u00fan diario espa\u00f1ol, y comparar la cantidad de d\u00edas donde hay alg\u00fan art\u00edculo sobre una huelga, movilizaci\u00f3n, etc., con aquellos en que no. Podemos dar fe de que en la web del diario <i>El Pa\u00eds<\/i> (no precisamente una publicaci\u00f3n de la extrema izquierda), los trabajadores de la salud, judiciales, docentes, conductores de bus, desocupados, desahuciados y hasta polic\u00edas movilizados, mantienen, tomando el relevo los unos de los otros, un \u201cinvicto\u201d que va desde el 14 de noviembre (probablemente incluso m\u00e1s atr\u00e1s), hasta mediados de diciembre, cuando redactamos este texto. El dato refleja, aunque sea en parte, el tremendo clima de ebullici\u00f3n que se vive en el Estado Espa\u00f1ol.<\/p>\n<p>Sin dudas, este ciclo es particularmente importante en un pa\u00eds que <i>sali\u00f3 profundamente golpeado de la dictadura franquista<\/i>, una de las m\u00e1s duraderas del continente y que signific\u00f3 una derrota hist\u00f3rica para la clase obrera. Aunque al final del franquismo se vivi\u00f3 un ascenso de las luchas de los trabajadores, \u00e9stas fueron entregadas con el siniestro Pacto de la Moncloa, con participaci\u00f3n decisiva del Partido Comunista Espa\u00f1ol.<\/p>\n<p>Andando el tiempo, en 1994 se aprobaba una reforma laboral flexibilizadora, gracias a la traici\u00f3n de las burocracias sindicales que convocaron un solo d\u00eda de huelga general; mientras tanto, en Francia, una huelga de 22 d\u00edas derrotaba una reforma antiobrera del sistema de seguridad social. Consecuencia: en 2009 la desocupaci\u00f3n juvenil ya alcanzaba el 40%, y sin embargo hubo que esperar dos a\u00f1os m\u00e1s para que se expresara en el movimiento de indignados; en 2008, luego de la muerte de un joven asesinado por la polic\u00eda, cientos de miles de j\u00f3venes griegos tomaban las calles, sin un programa claro, pero hartos de la miseria a la que los condena d\u00eda a d\u00eda el capitalismo.<\/p>\n<p>No queremos con esto hacer una enumeraci\u00f3n depresiva de las derrotas o dificultades de la clase obrera espa\u00f1ola para organizarse, sino al contrario remarcar el<b> <\/b><i>enorme valor<\/i><b> <\/b>del ciclo de luchas que se abri\u00f3 con la entrada en escena del movimiento de los indignados en 2011. A su vez, es esta situaci\u00f3n la que explica los limites iniciales del movimiento: nadie puede exigirle a una generaci\u00f3n que comienza a hacer sus primeras experiencias de lucha y pol\u00edticas tener absoluta claridad; los plum\u00edferos de la burgues\u00eda que se\u00f1alaron (y festejaron) con cinismo que el PP ganara las elecciones luego de las movilizaciones masivas del movimiento de indignados est\u00e1n empezando a tragarse sus palabras.<a title=\"\" href=\"#_ftn1\">[1]<\/a><\/p>\n<p>El elemento caracter\u00edstico de este a\u00f1o es que si 2011 fue el a\u00f1o del movimiento de indignados, en 2012 el centro de gravedad, aun con un importante componente juvenil, estudiantil y de los \u201cmovimientos sociales\u201d, <i>se desplaz\u00f3 m\u00e1s bien hacia la clase obrera ocupada<\/i><b> <\/b>(industrial, de servicios, trabajadores del Estado). Lo que marc\u00f3 la t\u00f3nica fue la huelga de los mineros asturianos, la lucha de los trabajadores estatales y las huelgas generales del 29 de septiembre y el 14 de noviembre. Sin duda, la acumulaci\u00f3n del movimiento de indignados aport\u00f3 elementos importantes a estas peleas, como el apoyo de las asambleas populares a la huelga de los mineros, o la tradici\u00f3n de los \u201cencierros\u201d en hospitales p\u00fablicos y establecimientos educativos, que comenz\u00f3 como expresi\u00f3n de lucha de la juventud estudiantil.<\/p>\n<p>No se trata simplemente de una diferencia formal, de dos sectores equivalentes de la poblaci\u00f3n: <i>la clase obrera imprime, a su manera y con sus l\u00edmites, ciertas tradiciones de lucha y de organizaci\u00f3n<\/i>, a la vez que ocupa un lugar cualitativamente distinto en el sistema de producci\u00f3n A su vez, reactualiza tradiciones pol\u00edticas hist\u00f3ricas, como en el caso de los mineros asturianos, que veremos m\u00e1s adelante, y puede funcionar como un centro de atracci\u00f3n hacia los dem\u00e1s sectores sociales. Para quienes levantamos una pol\u00edtica de unidad de los movimientos sociales con la clase obrera, la entrada en escena de esa clase obrera, que deja de ser una agitaci\u00f3n de los izquierdistas para convertirse en un actor social con todo el peso que tiene, permite verificar y hacer carne nuestro programa en el desarrollo mismo de la lucha de clases.<\/p>\n<p>A continuaci\u00f3n, haremos un breve recuento y an\u00e1lisis de tres grandes luchas que recorrieron el 2012: la huelga de los mineros asturianos, las luchas de los trabajadores estatales y las dos huelgas generales. A partir de all\u00ed, veremos las tendencias pol\u00edticas m\u00e1s generales que se expresan y qu\u00e9 puntos de apoyo tenemos los revolucionarios para la acci\u00f3n pol\u00edtica.<\/p>\n<p><b>\u00a0<\/b><\/p>\n<p><b>2.2 La huelga de los mineros: \u201c<\/b><b>Mi abuelo luch\u00f3 en el 34, mi padre en el 62 y ahora me toca a m\u00ed\u201d<\/b><b><\/b><\/p>\n<p>&nbsp;<\/p>\n<p>El 23 de Mayo, CC.OO. (Comisiones Obreras, ligada hist\u00f3ricamente al PCE), y UGT (Uni\u00f3n General de Trabajadores, ligado al PSOE), convocaban a 4 d\u00edas de huelga en la miner\u00eda espa\u00f1ola (Asturias, Castilla, Le\u00f3n y Arag\u00f3n) contra la quita de subsidios al sector de parte del gobierno de Rajoy. Estos subsidios hab\u00edan sido obtenidos luego de las luchas mineras de 2005 (Plan del Carb\u00f3n 2006-2012), y ten\u00edan como antecedente el Plan del Carb\u00f3n 1998-2005, obtenido luego de un mes de huelga en las cuencas mineras asturianas. El recorte de los subsidios afectaba de manera sensible a la producci\u00f3n (301 a 111 millones), mientras que<b> <\/b><i>atacaba directamente los derechos sociales de los mineros<\/i> (becas de estudio: 56 a 2 millones) y la reconversi\u00f3n de la actividad (167 a 39 millones). El Fondo de Seguridad Minera (inicialmente de unos irrisorios 12 millones), directamente desaparec\u00eda (para un resumen pormenorizado de los hechos, recomendamos ver http:\/\/www.alasbarricadas.org\/noticias\/node\/21184).<\/p>\n<p>Frente a la negativa al di\u00e1logo del gobierno, y ante la evidencia del masivo acatamiento, la disposici\u00f3n de lucha y, sin duda, la presi\u00f3n de la base obrera, las centrales burocr\u00e1ticas convocan a partir del 1 de junio una huelga indefinida del sector. No s\u00f3lo la huelga tuvo un acatamiento total de los trabajadores mineros, sino que inmediatamente comenz\u00f3 a <i>radicalizarse<\/i>, a trav\u00e9s de acciones directas y organizadas por los propios trabajadores, centralmente el corte de rutas en toda la regi\u00f3n y la ocupaci\u00f3n de minas. La represi\u00f3n de la polic\u00eda que intentaba desalojar los cortes recibi\u00f3 la respuesta de los mineros, que desde los montes cercanos a las carreteras, armados con gomeras, escudos y bazucas caseras que disparaban fuegos artificiales, resist\u00edan los intentos de desalojar los piquetes. La burocracia sindical no tard\u00f3 en desautorizar estas acciones de lucha, condenando los \u201cactos descontrolados\u201d, que consideraban \u201chechos aislados\u201d, dando v\u00eda libre de hecho a la represi\u00f3n policial e intentando estigmatizar los enfrentamientos como el producto de la acci\u00f3n de unos pocos v\u00e1ndalos, y no una expresi\u00f3n org\u00e1nica del descontento minero (http:\/\/www.libertaddigital.com\/sociedad\/2012-06-15). A su vez, evit\u00f3 por todos los medios convocar a asambleas generales de la base minera durante la lucha, buscando decidir todo desde arriba, como por ejemplo cuando resolvi\u00f3 el regreso de la delegaci\u00f3n que hab\u00eda llegado a Madrid.<\/p>\n<p>La pelea de los mineros gener\u00f3 una <i>inmensa solidaridad<\/i> en la poblaci\u00f3n de las comunas, cuya econom\u00eda gira centralmente en torno a la actividad minera. Esto se expres\u00f3 en los miles de personas que salieron a recibir a la comitiva de mineros que march\u00f3 hacia Madrid por cada pueblo que pasaba, as\u00ed como en el ensa\u00f1amiento de la polic\u00eda con la poblaci\u00f3n de las comarcas mineras, descargando una brutal represi\u00f3n sobre esos pueblos (sobre los cuales los mineros que realizaban los cortes se replegaban a veces). Esto deriv\u00f3 en varias ocasiones en verdaderas batallas campales, como en el caso de Ci\u00f1era.<\/p>\n<p>Uno de los puntos m\u00e1s altos del conflicto fue la llegada de la marcha minera a Madrid, el 11 de julio. La \u201cMarcha Negra\u201d hab\u00eda partido de Asturias el 22 de junio, y se hab\u00edan sumado en el camino delegaciones de mineros aragoneses y leoneses; como ya dijimos, recibi\u00f3 una enorme solidaridad a lo largo de todo su recorrido, y se desarroll\u00f3 con el tel\u00f3n de fondo de una huelga total y de decenas de cortes de rutas y ocupaciones. Pero la entrada a Madrid fue un<b> <\/b><i>evento cualitativo<\/i>: cientos de miles salieron a recibirlos a la madrugada, al grito de \u201cMadrid entera se siente minera\u201d y \u201cMadrid obrero apoya a los mineros\u201d.<\/p>\n<p>La llegada de los obreros a Madrid se produjo horas despu\u00e9s de que Rajoy anunciara un nuevo paquete de ajuste: reducci\u00f3n del subsidio al desempleo, aumento del IVA, recortes millonarios en los ministerios y supresi\u00f3n del bono de Navidad y de d\u00edas libres para los empleados p\u00fablicos. La manifestaci\u00f3n se convirti\u00f3 entonces en un canal de expresi\u00f3n de la bronca de miles de trabajadores espa\u00f1oles, ante la falta de convocatoria de parte de la burocracia sindical. Al d\u00eda siguiente se realiz\u00f3 una movilizaci\u00f3n masiva hacia el Ministerio de Industria, que fue duramente reprimida por la polic\u00eda.<\/p>\n<p>Este recibimiento tiene una importancia imposible de exagerar, no solo por la gran solidaridad y simpat\u00eda que expreso, sino tambi\u00e9n porque implica una identificaci\u00f3n m\u00e1s clara de los sectores en lucha con un sector determinado de la sociedad: <i>la clase trabajadora<\/i>. Si el movimiento de indignados comenz\u00f3, por ejemplo, con una definici\u00f3n ambigua de movimiento \u201cciudadano\u201d, la huelga minera configur\u00f3 un cambio de actitud: los mineros fueron recibidos al canto de \u201cQue s\u00ed, que s\u00ed, que s\u00ed nos representan\u201d, en clara contraposici\u00f3n al \u201cQue no nos representan\u201d, que hab\u00eda sido el lema central del movimiento de indignados contra los pol\u00edticos tradicionales. Esto se reflej\u00f3 asimismo en una discusi\u00f3n que hab\u00eda tenido lugar al comienzo de la huelga minera: un comunicado de la Comisi\u00f3n de Medio Ambiente de Plaza del Sol, donde se criticaba duramente a la actividad minera y se\u00f1alaba que eran los empresarios, sindicalistas y pol\u00edticos corruptos los que estaban detr\u00e1s de las movilizaciones, recibi\u00f3 la cr\u00edtica de la Comisi\u00f3n de Vivienda de Sol, que se\u00f1alaba que dicho comunicado le hacia un flaco favor a la lucha minera y llamaba a apoyar la lucha. Finalmente, los miles que se movilizaron a recibir a los mineros, as\u00ed como las acciones de solidaridad de las asambleas de indignados, sobre todo de las comarcas mineras, demostraron que la solidaridad con la huelga se impuso como la posici\u00f3n mayoritaria.<\/p>\n<p>La valoraci\u00f3n positiva que realizamos del acercamiento y la identificaci\u00f3n del movimiento de indignados, as\u00ed como del resto de los movimientos de lucha del Estado Espa\u00f1ol (en el momento de la llegada de la marcha minera, los trabajadores estatales), con la huelga minera y m\u00e1s en general con la clase obrera, no tiene que ver con un fetiche \u201cobrerista\u201d. Al contrario, se apoya en el elemento material de que cuando la clase trabajadora entra en escena, <i>lo hace con sus propios m\u00e9todos y tradiciones<\/i>, que pueden ser tomados por el resto de los sectores en lucha. Esto es particularmente importante con respecto a los mineros, que en Espa\u00f1a gozan del respeto de amplios sectores de la poblaci\u00f3n, ya que han estado a la vanguardia de los procesos de lucha en el Estado Espa\u00f1ol.<\/p>\n<p>Fueron los mineros asturianos los que protagonizaron la Revoluci\u00f3n de 1934, una verdadera insurrecci\u00f3n obrera que lleg\u00f3 a reducir a las fuerzas represivas de la regi\u00f3n, instaurar consejos obreros y declarar la \u201cComuna de Asturias\u201d (en homenaje a la Comuna de Par\u00eds). Esta insurrecci\u00f3n no fue secundada por el resto de Espa\u00f1a y logr\u00f3 ser sofocada. A su vez, en 1962 protagonizaron la primera gran huelga obrera contra el gobierno fascista de Franco, que despert\u00f3 expresiones de solidaridad en toda Espa\u00f1a y Europa, desnudando el verdadero rostro del r\u00e9gimen de Franco e hiri\u00e9ndolo de manera muy profunda. Durante los enfrentamientos de este a\u00f1o con la Guardia Civil, muchos de los escudos caseros de los mineros ten\u00edan pintada la sigla UHP, \u201cUn\u00edos Hermanos Proletarios\u201d, s\u00edmbolo de la Revoluci\u00f3n del 34.\u00a0 El grito tantas veces coreado en las movilizaciones mineras, \u201cSi no hay soluci\u00f3n, habr\u00e1 revoluci\u00f3n\u201d, es otra muestra de c\u00f3mo estos eventos hist\u00f3ricos reaparecen en la cabeza de las nuevas generaciones. La declaraci\u00f3n que encabeza este apartado, hecha por un minero para el diario <i>El Pa\u00eds<\/i>, refleja con mucha agudeza la importancia de la continuidad de las tradiciones pol\u00edticas y de la reapropiaci\u00f3n de la experiencia de lucha de las generaciones pasadas: \u201cLas barricadas son la \u00fanica forma de lucha que conozco\u201d, agrega el minero, que protagoniz\u00f3 los cortes de ruta y los enfrentamientos con la Guardia Civil.<\/p>\n<p>Adem\u00e1s, la huelga de los mineros ha despertado una de las tradiciones m\u00e1s importantes de la clase obrera: el<b> <\/b><i>internacionalismo<\/i>. En los primeros d\u00edas del conflicto se conoci\u00f3 una carta de mineros ingleses que hab\u00edan enfrentado a la Thatcher en la gran huelga de 1984, llamando a la solidaridad internacional. M\u00e1s adelante, varias delegaciones internacionales de mineros alemanes, polacos, chilenos e ingleses se acercaron a los pozos mineros a expresar su solidaridad y contribuir econ\u00f3micamente con fondos de lucha. En la huelga minera espa\u00f1ola no s\u00f3lo se juega el futura de esa regi\u00f3n, sino tambi\u00e9n parte del destino de Europa en su conjunto, y los sectores de vanguardia est\u00e1n dando cuenta de eso.<\/p>\n<p>Todos estos elementos de <i>recuperaci\u00f3n<b> <\/b>hist\u00f3rica<\/i> de tradiciones pol\u00edticas, m\u00e9todos de lucha y organizaci\u00f3n son centrales para reabrir la perspectiva de un movimiento obrero socialista y revolucionario en el Estado Espa\u00f1ol, donde el franquismo se dedic\u00f3 a enterrar estas tradiciones y romper la continuidad hist\u00f3rica entre las generaciones que protagonizaron la Guerra Civil y las posteriores. La huelga de los mineros demuestra que comienzan a volver a tejerse estos lazos entre el presente y el pasado, entre la clase obrera y el resto de los sectores oprimidos. En el marco de la profunda crisis econ\u00f3mica y social que se vive en el Estado Espa\u00f1ol, estos m\u00e9todos pueden transformarse (y ya lo est\u00e1n haciendo) en un verdadero reguero de p\u00f3lvora que empiece a influenciar el resto de los sectores que salen a luchar; por todo esto, la reivindicaci\u00f3n y generalizaci\u00f3n de las mejores tradiciones de lucha de la clase obrera es una de las tareas centrales de los revolucionarios.<\/p>\n<p>La huelga de los mineros demostr\u00f3 tambi\u00e9n, lamentablemente, los l\u00edmites que encuentra aun la organizaci\u00f3n independiente de los trabajadores. Finalmente, la burocracia sindical de Comisiones Obreras y UGT decidi\u00f3 mandar a la delegaci\u00f3n de mineros de vuelta a las comunas, para evitar el efecto contagio en el centro pol\u00edtico del pa\u00eds, Madrid, e impidi\u00f3 que se siga desarrollando la enorme solidaridad que experimentaron los mineros en su llegada. La otra cara de la moneda de esta pol\u00edtica criminal de aislamiento fue la negativa a lo largo de todo el conflicto de convocar una huelga general en apoyo a los mineros y contra el ajuste de Rajoy. Esa huelga general, con los mineros en Madrid, hubiera dado vuelta las cosas, derrotando al gobierno no s\u00f3lo en su ataque a los mineros, sino poni\u00e9ndolo contra las cuerdas en su pol\u00edtica de ajuste m\u00e1s general.<\/p>\n<p>Sin embargo, luego de 67 d\u00edas de huelga, los mineros retomaron el trabajo. Esto plantea de manera muy clara la necesidad de impulsar la autoorganizaci\u00f3n de los trabajadores, organizaciones antiburocr\u00e1ticas y clasistas en el seno de los sindicatos y una denuncia sistem\u00e1tica de las pol\u00edticas traidoras de la burocracia sindical.<\/p>\n<p>&nbsp;<\/p>\n<p><b>2.3 \u201cLe quiero dar las gracias a Lasquetty. Con cada d\u00eda que pasa voy perdiendo dinero y ganando dignidad\u201d<\/b><\/p>\n<p>&nbsp;<\/p>\n<p>Lasquetty es el consejero de Sanidad de Madrid, y estas palabras son de una m\u00e9dica de Madrid durante una asamblea que realizada el s\u00e9ptimo d\u00eda de huelga indefinida de m\u00e9dicos contra la privatizaci\u00f3n de la sanidad de la capital (que adem\u00e1s coincidi\u00f3 con la cuarta jornada de huelga total en el sector). La lucha de los trabajadores estatales ha sido, como veremos, una de las m\u00e1s din\u00e1micas de 2012.<\/p>\n<p>Como se\u00f1al\u00e1bamos al comienzo, el rescate a los bancos al comienzo de la crisis traslad\u00f3 una enorme presi\u00f3n a la deuda p\u00fablica. En este momento, uno de los ejes que recorre a todos los gobiernos de la Uni\u00f3n Europea es el aceleramiento de un ajuste fiscal sin precedentes, que tiene por objetivo terminar de desmantelar lo que queda del Estado de Bienestar.<\/p>\n<p>En la mayor\u00eda de los pa\u00edses de Europa, luego de la Segunda Guerra Mundial y con el fantasma del comunismo campeando sobre el continente, la burgues\u00eda se vio obligada a realizar una serie de concesiones al movimiento de masas, que configur\u00f3 lo que se conoce como Estado de Bienestar. Sin dudas, en los \u00faltimos veinte a\u00f1os se ha avanzado en desmantelar estas conquistas, con el ciclo neoliberal que inauguran Reagan y Thatcher, y del cual la derrota de la huelga de los mineros ingleses de 1984 fue un s\u00edmbolo. Sin embargo, a\u00fan se manten\u00edan ciertas conquistas: seguro de desempleo, un sistema de educaci\u00f3n y salud p\u00fablicos de relativa calidad, etc. Para los gobiernos capitalistas de toda Europa, la apuesta es ahora terminar de sepultar todo esto.<\/p>\n<p>Es por eso que todo 2012 ha estado marcado por las luchas de los trabajadores estatales contra los ataques del gobierno a los salarios y las condiciones de trabajo, pero sobre todo<b> <\/b><i>en defensa de las conquistas sociales<\/i>.<b> <\/b>En ese sentido, el a\u00f1o estuvo recorrido por conflictos de menor envergadura, como la lucha de los trabajadores estatales contra la supresi\u00f3n de la paga de Navidad, que protagonizaron numerosos cortes autoorganizados, y que aprovecharon la jornada de movilizaci\u00f3n de la miner\u00eda para canalizar su bronca. O la pelea contra el aumento de las tasas judiciales y la disminuci\u00f3n del presupuesto de Justicia, que llev\u00f3 a las organizaciones de jueces, fiscales y trabajadores de la justicia a organizar movilizaciones y amenazar con la realizaci\u00f3n de un paro en diciembre.<\/p>\n<p>En educaci\u00f3n, el a\u00f1o comenz\u00f3 con la lucha de los profesores de Madrid, que convocaron diez jornadas de huelga a fines de 2011 contra la decisi\u00f3n del gobierno de aumentar la jornada laboral y de despedir as\u00ed cerca de 3.000 docentes interinos, a lo largo de las cuales se realizaron numerosas movilizaciones y ocupaciones de colegios.<\/p>\n<p>A su vez, a la lucha de los docentes de secundaria, primaria e infantil se sumaron los estudiantes de universidades a trav\u00e9s de los \u201cencierros\u201d (tomas) y jornadas de huelga estudiantil convocadas en Madrid, Barcelona y Valencia. El 17 de diciembre, la \u201cMarea Verde\u201d (nombre que se dio al movimiento educativo), inund\u00f3 las calles de Madrid con m\u00e1s de 30.000 manifestantes. Finalmente, el 22 de mayo se convoc\u00f3 una huelga general educativa en todo el Estado Espa\u00f1ol, con un seguimiento masivo tanto en secundarias como en la universidad. M\u00e1s recientemente, el Sindicato de Estudiantes, organizaci\u00f3n implantada en todo el Estado Espa\u00f1ol, llamo a una exitosa huelga el 16, 17 y 18 de octubre, que cont\u00f3 con el novedoso apoyo de la <strong>Confederaci\u00f3n Espa\u00f1ola de Asociaciones de Padres y Madres (que llam\u00f3 a los padres a no llevar a sus hijos al colegio), y moviliz\u00f3 a decenas de miles de j\u00f3venes en todo el pa\u00eds, contra la pol\u00edtica del gobierno y exigiendo la dimisi\u00f3n del ministro de Educaci\u00f3n. Esto fue acompa\u00f1ado de tomas de facultades e incluso la puesta en pie de \u201cguarder\u00edas comunitarias\u201d para aquellos padres que quer\u00edan secundar la huelga pero no ten\u00edan con qui\u00e9n dejar a sus hijos, ya que deb\u00edan trabajar. Actualmente, comienza a desarrollarse una pelea contra la reforma educativa del ministro Wert, que implica el citado ranking para poner a competir a los centros educativos entre s\u00ed, la reintroducci\u00f3n de la materia Religi\u00f3n y un intento de \u201cespa\u00f1olizar\u201d la educaci\u00f3n, como veremos m\u00e1s adelante.<\/strong><\/p>\n<p><strong>Otra lucha de enorme repercusi\u00f3n, que sigue su curso al momento de escribir esta nota, es la que llevan adelante los trabajadores de la salud de Madrid. Luego de la decisi\u00f3n del gobierno de privatizar varios hospitales, los m\u00e9dicos se declararon <\/strong><strong>en<\/strong><strong> <\/strong><strong>huelga indefinida de lunes a jueves<\/strong><strong> a partir del lunes 26 de noviembre, con un seguimiento masivo, huelgas que fueron decididas en asambleas multitudinarias. A esta huelga indefinida se han sumado dos huelgas de 48 horas del conjunto de los trabajadores de la salud madrile\u00f1a (enfermeros, auxiliares de enfermer\u00eda, administrativos), el 26 y 27 de noviembre, 4 y 5 de diciembre, y una convocatoria para el 19 y 20 de diciembre. A su vez, la \u201cMarea Blanca\u201d (en alusi\u00f3n al color de las batas que visten los m\u00e9dicos en las movilizaciones) ha inundado las calles de Madrid en tres ocasiones, llegando a convocar 75.000 personas, y cientos de centros de salud han sido ocupados. Pese a la rotunda negativa del gobierno del PP a revisar el plan, los huelguistas se mantienen firmes y han decidido continuar la huelga hasta que Sanidad retire el proyecto. Como en el caso de los mineros, esto demuestra la inflexibilidad del gobierno del PP con respecto al ajuste (que no ha sufrido, cabe destacar, ninguna derrota de importancia), pero sobre todo la necesidad de superar la pol\u00edtica de aislamiento de la burocracia sindical y de imponer la huelga general en Madrid en apoyo a la lucha de la salud.<\/strong><\/p>\n<p><strong>Esto no es un m\u00e1s que un breve (e incompleto) resumen de algunas de las luchas m\u00e1s importantes de los trabajadores estatales en 2012. Dar cuenta de todas las iniciativas que ha habido este a\u00f1o en defensa de la Salud y la Educaci\u00f3n p\u00fablica <\/strong><strong>es sencillamente imposible<\/strong><strong>. <\/strong>Invitamos al lector a visitar el sitio http:\/\/tomalafacultad.net\/ y ver la cantidad de convocatorias a acciones de todo tipo que figuran all\u00ed (y que son a su vez s\u00f3lo una parte del conjunto de acciones que se llevan adelante en el Estado Espa\u00f1ol).<\/p>\n<p><strong>Esto da cuenta de varios elementos. Por empezar, que la crisis fiscal de la que hablamos implica <\/strong><strong><i>recortes brutales<\/i><\/strong><strong> sobre la funci\u00f3n p\u00fablica, y que esto es un constante atizador de conflictos de los trabajadores estatales. Como hemos visto, en estos conflictos se entrelazan la defensa de las condiciones de trabajo (salarios, jornada laboral, rechazo a las aulas sobrecargadas en el caso docente) con la defensa m\u00e1s general de los servicios p\u00fablicos en esas \u00e1reas esenciales. La conciencia de que estos servicios p\u00fablicos son el resultado de la lucha de las generaciones precedentes y el <\/strong><strong><i>rechazo a la supuesta superioridad de la gesti\u00f3n privada<\/i><\/strong><strong> son elementos centrales de las peleas que se han venido desarrollando. Esto contrasta fuertemente con la ideolog\u00eda de la mayor efectividad de la gesti\u00f3n privada, dominante en los a\u00f1os neoliberales y que facilit\u00f3, sobre todo en Latinoam\u00e9rica, la privatizaci\u00f3n de las empresas estatales.<\/strong><\/p>\n<p><strong>En segundo lugar, que a lo largo y ancho del Estado Espa\u00f1ol se vive, como ya hemos dicho, <\/strong><strong><i>un clima de ebullici\u00f3n<\/i><\/strong><strong>, que propicia todo tipo de actividades que se realizan en parte por fuera de las organizaciones tradicionales, como la ocupaci\u00f3n de secundarios, universidades y centros de salud, peque\u00f1as movilizaciones y \u201cflash-mobs\u201d en Madrid: en suma, una multitud de acciones de lucha donde los diferentes sectores (trabajadores, padres, alumnos, pacientes, etc.) pueden confluir, lo cual relaja en determinada medida los <\/strong><strong>controles burocr\u00e1ticos.<\/strong><strong><\/strong><\/p>\n<p><strong>Es que justamente, la defensa de las conquistas del Estado de Bienestar confiere a estas luchas un car\u00e1cter <\/strong><strong><i>m\u00e1s profundamente social<\/i><\/strong><strong>, que trasciende los meros reclamos corporativos de los trabajadores involucrados en cada caso (docentes, m\u00e9dicos, etc.), para ubicarse como una <i>reivindicaci\u00f3n<\/i> <\/strong><strong><i>del conjunto de la poblaci\u00f3n.<\/i><\/strong><strong> <\/strong><strong>Esto se refleja no s\u00f3lo en la movilizaci\u00f3n m\u00e1s \u201ccl\u00e1sica\u201d del movimiento estudiantil en defensa de la educaci\u00f3n publica, sino en el hecho <\/strong><strong>hist\u00f3rico<\/strong><strong> (por su novedad) de la adhesi\u00f3n de las asociaciones de padres a las huelgas estudiantiles, que adem\u00e1s implic\u00f3 la organizaci\u00f3n de guarder\u00edas para poder garantizar la huelga, un elemento muy interesante. <\/strong><\/p>\n<p><strong>Por \u00faltimo, la entrada de los mineros a Madrid demuestra tambi\u00e9n la <\/strong><strong><i>capacidad de atracci\u00f3n<\/i><\/strong><strong> <i>del movimiento obrero sobre el resto de los sectores<\/i>. Como se\u00f1al\u00e1bamos m\u00e1s arriba, \u00e9sta fue la ocasi\u00f3n para que miles de trabajadores estatales y parados que hab\u00edan recibido apenas horas atr\u00e1s el anuncio del dur\u00edsimo ajuste de Rajoy expresaran su bronca y aprovecharan la convocatoria de los mineros para sumar sus propias reivindicaciones y pegar con un solo pu\u00f1o contra el ajuste de Rajoy. A esto se suma la evidencia de que es necesario pelear por unificar los reclamos, desbordar a los bur\u00f3cratas que garantizan el aislamiento de los sectores en lucha e <\/strong><strong><i>imponer una verdadera huelga general indefinida para derrotar el ajuste de Rajoy. <\/i><\/strong><i><\/i><\/p>\n<p>&nbsp;<\/p>\n<p><strong>2.4 Las huelgas generales<\/strong><\/p>\n<p>&nbsp;<\/p>\n<p><strong>Nos detendremos ahora en el an\u00e1lisis de las dos huelgas generales de 2012, que tienen su propia especificidad, y que permiten a su vez ver los desarrollos pol\u00edticos que tuvieron lugar entre ambas.<\/strong><\/p>\n<p><strong>Antes que nada, hay que decir que estas jornadas de huelga se inscriben en una t\u00e1ctica com\u00fan de todas las centrales burocr\u00e1ticas europeas: se trata de realizar, cada algunos meses, un \u201csaludo a la bandera\u201d, sin darle ninguna continuidad, y que s\u00f3lo sirve para descomprimir la bronca desde abajo. Es por eso que vemos en todos los pa\u00edses huelgas dispersas a lo largo del a\u00f1o, pero nunca una verdadera huelga general indefinida, que pueda poner en jaque a los gobiernos del ajuste. La mayor \u201cregularidad\u201d de las huelgas generales en Grecia, varias de las cuales duraron 48 horas, no contradice sino que confirma esta practica. Si son m\u00e1s regulares y largas es porque hay una mayor presi\u00f3n desde abajo, m\u00e1s bronca acumulada y porque las condiciones econ\u00f3micas y sociales son m\u00e1s catastr\u00f3ficas, pero se inscriben en la misma l\u00f3gica: 48 horas por ac\u00e1, 48 por all\u00e1, pero mientras tanto el gobierno sigue aprobando planes de austeridad. <\/strong><\/p>\n<p><strong>La \u00fanica excepci\u00f3n ha sido la huelga en Francia contra la reforma del sistema de jubilaciones, que lleg\u00f3 efectivamente a paralizar gran parte del pa\u00eds de manera indefinida, pero fue precisamente porque se trat\u00f3 de una huelga que se construy\u00f3 desde abajo, que se fue generalizando a partir de los sectores de vanguardia y que tuvo elementos de autoorganizaci\u00f3n y de desborde a la burocracia, como las asambleas interprofesionales que agrupaban a todo el activismo, m\u00e1s all\u00e1 de su pertenencia a tal o cual sindicato. <\/strong><\/p>\n<p><strong>A comienzos de 2012, Comisiones Obreras y UGT, con el apoyo de los sindicatos minoritarios y de los sindicatos nacionalistas (que tienen una presencia importante en el pa\u00eds vasco y que, en realidad, fueron los que lanzaron la convocatoria primero, a la cual se plegaron Comisiones y UGT) convocaron a una huelga general para el 29 de marzo contra la reforma laboral aprobada por el gobierno de Rajoy. Cabe destacar que los sindicatos s\u00f3lo convocaron a la huelga una vez aprobada la reforma laboral, cuya votaci\u00f3n no impidieron; El mismo m\u00e9todo que utilizaron para \u201cpelear\u201d contra la reforma laboral de Zapatero: una sola jornada de huelga general (29 de septiembre de 2011), que a pesar de su alto acatamiento no alcanz\u00f3 para derribar la reforma.<\/strong><\/p>\n<p>La huelga del 29 de marzo tuvo un alto acatamiento: m\u00e1s del 70% seg\u00fan los sindicatos, una ca\u00edda de la demanda el\u00e9ctrica del 15% con respecto a un d\u00eda normal, lo que oblig\u00f3 al gobierno a encender las farolas callejeras para manipular los datos de consumo el\u00e9ctrico. La huelga fue particularmente fuerte en la industria: en Galicia, s\u00f3lo el 10% de los trabajadores de Peugeot entraron a trabajar; la actividad en los astilleros, textiles y refiner\u00edas estuvo parada; en Barcelona, las grandes f\u00e1bricas, como Nissan y Seat estuvieron tambi\u00e9n paralizadas. El paro fue masivo tambi\u00e9n en el transporte, que cumpli\u00f3 s\u00f3lo con los servicios m\u00ednimos obligatorios y tuvo una incidencia menor en el sector p\u00fablico (algo mayor en educaci\u00f3n y m\u00e1s bajo en salud).<\/p>\n<p>Finalmente, la jornada se cerr\u00f3 con masivas movilizaciones en las principales ciudades del pa\u00eds, con cientos de miles en Madrid, Barcelona y Valencia, y marchas que en localidades m\u00e1s peque\u00f1as tuvieron una concurrencia verdaderamente hist\u00f3rica. Esto demostr\u00f3, a pesar de la guerra de cifras entre los sindicatos y el gobierno<a title=\"\" href=\"#_ftn2\">[2]<\/a>, el repudio masivo a la reforma laboral, en un pa\u00eds donde adem\u00e1s cinco millones de desocupados no pueden expresarse a trav\u00e9s de una huelga.<\/p>\n<p>La segunda huelga general del a\u00f1o fue convocada en el marco de una protesta continental acordada por la Confederaci\u00f3n Europea de Sindicatos el 14 de noviembre. Simult\u00e1neamente, se desarrollaron huelgas generales en Espa\u00f1a y Portugal, en Italia (huelga de 4 horas) y Grecia (huelga de dos horas, luego de haber convocado el 6 y 7 de Noviembre una huelga de 48 horas contra la reforma laboral) y movilizaciones en Francia, B\u00e9lgica, y otros pa\u00edses. Para repasar someramente a la cuesti\u00f3n, podemos decir que la huelga en Portugal tuvo repercusi\u00f3n sobre todo en el sector de servicios (transporte) y una incidencia importante en trabajadores estatales y de la industria; que la t\u00f3nica en Italia la dieron las movilizaciones estudiantiles, que se contaron de a decenas de miles y protagonizaron duros enfrentamientos con la polic\u00eda; que las centrales sindicales griegas preve\u00edan sumarse a la jornada del 14 pero adelantaron la huelga (que tuvo un seguimiento masivo) por el voto del paquete de ajuste en ese pa\u00eds. El dato destacable es que, a pesar de las limitaciones que tuvo, se trat\u00f3 de la primera jornada de lucha continental de la historia, sentimiento que adem\u00e1s cruz\u00f3 el d\u00eda de la huelga y fue reflejado por la mayor\u00eda de los medios, adem\u00e1s de mostrar las enormes potencialidades que sigue teniendo la clase obrera europea.<\/p>\n<p>En Espa\u00f1a, la huelga ha vuelto a tener un seguimiento masivo, principalmente en la industria, donde las grandes plantas automovil\u00edsticas se paralizaron; en el transporte, que funcion\u00f3 en la mayor\u00eda de los casos con los servicios m\u00ednimos; una incidencia desigual, aunque importante, en educaci\u00f3n, ya que algunos sindicatos (como la Central Sindical Independiente y de Funcionarios, mayoritaria) no convocaban, y un importante seguimiento en sanidad, donde se desarroll\u00f3 adem\u00e1s con el trasfondo de decenas de ocupaciones de hospitales contra la privatizaci\u00f3n (el sindicato de m\u00e9dicos no convoc\u00f3 a la huelga, ya que hab\u00eda decidido comenzar la huelga indefinida a fines de noviembre, como hemos desarrollado m\u00e1s arriba). Finalmente, la huelga se cerr\u00f3 nuevamente con cientos de miles de manifestantes en las principales ciudades del pa\u00eds.<\/p>\n<p>Para un resumen m\u00e1s completo de las huelgas, remitimos al lector a los sitios que ya hemos recomendado, donde podr\u00e1 hacerse de una serie de datos interesantes sobre su impacto y sus desigualdades. Nos detendremos ahora en algunos elementos pol\u00edticos de ambas huelgas, as\u00ed como la comparaci\u00f3n y las <i>l\u00edneas de evoluci\u00f3n<\/i> que esta comparaci\u00f3n revela.<\/p>\n<p>Uno de los datos remarcables de ambas jornadas ha sido la realizaci\u00f3n de numerosos<b> <\/b><i>piquetes de huelga<\/i>. En s\u00ed, los piquetes no tienen nada de novedoso: en cada jornada de huelga general, grupos de sindicalistas se apostan frente a las empresas para convencer a los trabajadores de hacer huelga, o recorren las calles de una ciudad obligando, con mayor o menor amabilidad, a cerrar los comercios. Sin embargo, lo novedoso es que muchos de estos piquetes tuvieron elementos de autoorganizaci\u00f3n, y fueron convocados por fuera de las estructuras de los sindicatos burocr\u00e1ticos, por asociaciones vecinales, estudiantiles, asambleas populares, partidos de izquierda, etc. Esto imprime una din\u00e1mica particular a la jornada de huelga, impidiendo que pase simplemente como \u201cun domingo m\u00e1s\u201d, y pone en movimiento a miles de activistas que vienen luchando a lo largo del a\u00f1o. La desconfianza inicial de los \u201cindignados\u201d de cara a los sindicatos mayoritarios comienza a desarrollarse no en el sentido de borrarse de las peleas de la clase trabajadora, sino de<b> <\/b><i>imprimir sus propios m\u00e9todos y de organizar acciones independientes<\/i> a partir de los n\u00facleos que fueron form\u00e1ndose a lo largo del a\u00f1o.<\/p>\n<p>Otro elemento importante fueron los <i>duros enfrentamientos<\/i> que protagonizaron los manifestantes en ambas huelgas con la polic\u00eda (mayormente en Barcelona en la primera huelga y en Madrid en la segunda). Estos enfrentamientos tienen una importancia pol\u00edtica particular: se trata de un pa\u00eds donde, hace apenas un a\u00f1o, el movimiento de indignados se dejaba apalear \u201cpac\u00edficamente\u201d. Por lo que se reflejaba en los art\u00edculos y los videos de los enfrentamientos, no se trat\u00f3 de un grupo de \u201cv\u00e1ndalos\u201d, sino de una <i>respuesta org\u00e1nica<\/i> a la creciente represi\u00f3n policial. Es que, sumado a la crisis econ\u00f3mica y social que hunde a millones de personas en la miseria, la \u00fanica respuesta del gobierno de Rajoy es una brutal represi\u00f3n brutal, con decenas de heridos y cientos de detenidos. Con un apoyo absolutamente en picada, y defendiendo intereses diametralmente opuestos a los de los trabajadores y el pueblo, uno de los recursos privilegiados que tiene Rajoy para mantener sus decisiones es una<b> <\/b><i>represi\u00f3n encarnizada.<\/i> Es por eso que la resistencia activa a las cargas policiales tiene una gran importancia, que contrasta con la \u201cpasividad\u201d de los indignados, y que tambi\u00e9n desplaza el centro de gravedad de la esperanza en una \u201cDemocracia real ya\u201d, a la lucha en las calles (elemento que tambi\u00e9n se expreso en la convocatoria del 25-S de \u201cRodea el congreso\u201d, que tambi\u00e9n se cerr\u00f3, con enfrentamientos con la polic\u00eda).<\/p>\n<p>Por ultimo, el dato m\u00e1s importante es que las huelgas reflejan <i>un corrimiento hacia la izquierda<\/i><b> <\/b>de sectores cada vez m\u00e1s importantes de la poblaci\u00f3n. Esto se refleja, sobre todo si comparamos ambas huelgas, en la asistencia masiva que tuvieron las manifestaciones independientes de las centrales burocr\u00e1ticas\u00a0 En Barcelona, 7.000 personas se hab\u00edan movilizado el 29 de marzo bajo la convocatoria de los sindicatos anarco-sindicalistas (CNT, CGT); para la huelga del 14 de Noviembre, ya se trataba de 30.000. En Madrid, 4.000 personas se hab\u00edan movilizado el 29-M\u00a0 a la convocatoria de CNT y CGT, y 15.000 a la de otros sindicatos de base y partidos de izquierda agrupados en el colectivo \u201cHay que pararles los pies\u201d; para el 14-N, se realizo una convocatoria unitaria que agrup\u00f3 a m\u00e1s de 100.000 personas. En Gran Canaria, los sindicatos anarquistas lograron ocupar la tribuna del acto de Comisiones y UGT y los obligaron a dejarlos hablar y abrir el micr\u00f3fono al resto de los asistentes. Estos actos son posibles no solamente gracias a una relaci\u00f3n de fuerzas f\u00edsica, sino que responde sobre todo al estado de \u00e1nimo pol\u00edtico. Todas estas manifestaciones se realizaron sobre la base de una denuncia de la pol\u00edtica de los sindicatos burocr\u00e1ticos y la necesidad de seguir extendiendo la lucha, y reflejan <i>el progreso que vienen realizando las corrientes de izquierda y los sindicatos antiburocr\u00e1ticos y de clase<\/i><b> <\/b>en el seno del movimiento obrero.<\/p>\n<p>Las jornadas de huelga general muestran, a la vez, la gran capacidad de movilizaci\u00f3n que conserva la clase obrera espa\u00f1ola y <i>los l\u00edmites de la pol\u00edtica de la burocracia<\/i>. Como ha demostrado la experiencia de los otros pa\u00edses europeos (sobre todo Grecia), las jornadas aisladas de huelga no alcanzan para derrotar el ajuste. Sin duda, hay que aprovecharlas como un espacio de agitaci\u00f3n pol\u00edtica, para contribuir a la autoorganizaci\u00f3n de la clase obrera y para impulsar estas medidas m\u00e1s all\u00e1. Pero tiene que quedar claro que no se puede depositar la m\u00e1s m\u00ednima confianza en los sindicatos burocr\u00e1ticos. Sus pol\u00edticas no son \u201cerrores\u201d, sino que hacen al lugar org\u00e1nico que ocupan en la dominaci\u00f3n capitalista: su rol es mantener a los trabajadores regimentados, impedir que haya desborde. Por eso, la \u00fanica manera de construir una verdadera huelga general indefinida es pasando por encima de estos bur\u00f3cratas, y la denuncia sistem\u00e1tica de sus traiciones debe estar en el centro de la pol\u00edtica revolucionaria.<\/p>\n<p>&nbsp;<\/p>\n<p>&nbsp;<\/p>\n<p><b>3. Una situaci\u00f3n con fuertes mediaciones, pero con tendencia al desborde<\/b><\/p>\n<p>&nbsp;<\/p>\n<p>Cabe ahora, antes de pasar a las perspectivas, establecer ciertas precisiones respecto de las coordenadas m\u00e1s generales del per\u00edodo que transitamos.<\/p>\n<p>Para nosotros, un elemento com\u00fan al conjunto de luchas que se han abierto en los \u00faltimos a\u00f1os es la presencia de dos fuertes mediaciones: <i>el rol de la burocracia sindical y el imperio general de la democracia burguesa <\/i>(adem\u00e1s de la ausencia de organizaciones revolucionarias, que trataremos m\u00e1s abajo). Esto funciona como una especie de \u201ccolch\u00f3n\u201d que evita enfrentamientos m\u00e1s directos entre las clases sociales: la burocracia se encarga de que las luchas obreras no sean de suficiente envergadura para cuestionar la estabilidad capitalista, y la democracia burguesa sigue siendo todav\u00eda el terreno universal de resoluci\u00f3n de los problemas de la sociedad. En el caso de la primavera \u00e1rabe, la instauraci\u00f3n de reg\u00edmenes democr\u00e1ticos burgueses (en una regi\u00f3n que s\u00f3lo ha conocido dictaduras sanguinarias en las \u00faltimas d\u00e9cadas) ha permitido en parte normalizar la situaci\u00f3n, y las rebeliones no llegaron a cuestionar el conjunto de la estructura econ\u00f3mico-social. A su vez, la experiencia europea muestra que las centrales burocr\u00e1ticas a\u00fan tienen un control mayoritario sobre la clase obrera, lo que les permite administrar el descontento popular de manera que no haya demasiados desbordes.<\/p>\n<p>Esto significa que, en t\u00e9rminos generales, el per\u00edodo se caracteriza a\u00fan por la <i>ausencia de choques m\u00e1s directos entre las clases sociales<\/i>,<b> <\/b>o que tengan car\u00e1cter limitado o localizado. Son efectivamente estas mediaciones las que permiten amortiguar esos choques, desviar las luchas directas callejeras al pantano de la democracia burguesa, como fue el caso de Grecia durante 2012, donde las elecciones y las esperanzas de amplios sectores en Syriza apaciguaron las luchas obreras y populares. Es por eso que no <i>estamos a\u00fan en un escenario que enfrente revoluci\u00f3n y contrarrevoluci\u00f3n<\/i>, donde el destino se juegue efectivamente en la lucha directa, a muerte, entre la clase obrera y la clase capitalista.<\/p>\n<p>Sin embargo, lo que nos interesa aqu\u00ed es demostrar que, tambi\u00e9n como tendencia general, <i>esas mediaciones comienzan a erosionarse.<\/i> En el caso de las primaveras \u00e1rabes, el anest\u00e9sico de la democracia burguesa se muestra con resultados muy contradictorios. La situaci\u00f3n en Egipto no logra estabilizarse (ver texto en esta edici\u00f3n). En T\u00fanez, el clima pol\u00edtico esta marcado por las provocaciones del gobierno islamista de Ennhada a la central obrera, la UGTT y las posibles huelgas que \u00e9sta pueda convocar.<\/p>\n<p>En Grecia, el ascenso del partido neonazi Amanecer Dorado marca una tendencia a que ciertas cosas comiencen a resolverse por fuera de la democracia burguesa. No solamente porque se trata de un grupo fascista militante que se encarga de perseguir y apalear inmigrantes a modo de instarlos a irse del pa\u00eds (es decir, una soluci\u00f3n contrarrevolucionaria del \u201cproblema extranjero\u201d), sino porque las reacciones de parte de las algunas organizaciones de izquierda han sido tambi\u00e9n de <i>enfrentamiento f\u00edsico<\/i><b> <\/b>con los fascistas, como la bomba que explot\u00f3 a comienzos de diciembre en uno de los locales de Amanecer Dorado. A su vez, la radicalidad de las protestas del 13 de febrero, d\u00eda en que se vot\u00f3 un nuevo plan de austeridad, que convirtieron a Atenas en un verdadero campo de batalla y que incendiaron la capital, demuestran (junto al derrumbe de los partidos tradicionales y la alt\u00edsima abstenci\u00f3n electoral), la crisis por la que atraviesa el sistema parlamentario, a pesar de que en junio pasado sirvi\u00f3 para dar un nuevo respiro a la situaci\u00f3n con el triunfo de Samaras.<\/p>\n<p>Con respecto al movimiento obrero, el control hegem\u00f3nico de la burocracia es general. Sin embargo, hay tambi\u00e9n en este sentido elementos que apuntan a su superaci\u00f3n. Una de las grandes conquistas de la rebeli\u00f3n egipcia que derrib\u00f3 a Mubarak ha sido <i>barrer con la central burocr\u00e1tica mubarakista<\/i> y la puesta en pie de una central que reagrupa a los sindicatos independientes. Esta central tiene un lugar importante en la vida pol\u00edtica, como lo demuestra el impacto que tuvo su retirada de la Asamblea Constituyente dominada por los islamistas. En T\u00fanez, la UGTT parece haber logrado agrupar a importantes sectores progresivos de la poblaci\u00f3n, por lo cual se ha convertido en el blanco de los islamistas, si bien es necesario estudiar m\u00e1s en profundidad el car\u00e1cter de esta organizaci\u00f3n. En Europa en general, la tendencia es, sin que haya habido a\u00fan un vuelco cualitativo, la <i>lenta pero sostenida acumulaci\u00f3n<\/i><b> <\/b>de las expresiones antiburocr\u00e1ticas y de clase.<\/p>\n<p>En suma, nos parece importante tener en cuenta los m\u00e1rgenes generales entre los cuales se mueve la lucha de clases en este per\u00edodo. Pero junto con esto es central apreciar las tendencias del desarrollo pol\u00edtico que apuntan a la superaci\u00f3n de esos l\u00edmites y que pueden abrir un periodo de enfrentamiento m\u00e1s directo entre las clases, donde <i>la alternativa de revoluci\u00f3n o contrarrevoluci\u00f3n vuelva a ser de actualidad.<\/i><\/p>\n<p>&nbsp;<\/p>\n<p><b>3.1 Los indignados, term\u00f3metro de la evoluci\u00f3n pol\u00edtica<\/b><\/p>\n<p>&nbsp;<\/p>\n<p>Nos referiremos ahora a algunas de las tendencias pol\u00edticas m\u00e1s generales que se observaron en Espa\u00f1a en el \u00faltimo a\u00f1o, y que pueden seguir desarroll\u00e1ndose hacia el futuro. Claro que, adem\u00e1s de sostenerse en el an\u00e1lisis de los acontecimientos centrales de la lucha de clases, estas tendencias tienen un elemento de <i>apuesta<\/i> y que su desarrollo efectivo en uno u otro sentido dependen en gran medida de <i>la intervenci\u00f3n consciente de las organizaciones revolucionarias.<\/i><\/p>\n<p>Por empezar, analizaremos el desarrollo del movimiento de indignados, cuya din\u00e1mica puede ser generalizada, de manera no mec\u00e1nica, a otros sectores de la sociedad. Se trata de un movimiento que, por su masividad, refleja de alguna manera el \u201csentido com\u00fan\u201d de amplias capas de la poblaci\u00f3n, y resulta en ese sentido una especie de term\u00f3metro del estado de \u00e1nimo m\u00e1s general. Adem\u00e1s, al tratarse de un fen\u00f3meno nuevo que irrumpi\u00f3 (de manera bastante inesperada) en la escena pol\u00edtica espa\u00f1ola (y que tuvo repercusiones mundiales), <i>inaugurando un ciclo de movilizaciones hist\u00f3ricas<\/i> en relaci\u00f3n con lo que se hab\u00eda vivido en las ultimas d\u00e9cadas, expresa tambi\u00e9n los limites y potencialidades de este recomienzo hist\u00f3rico que comienza a vivirse.<\/p>\n<p>Cuando el movimiento de indignados irrumpi\u00f3 el 15 de Mayo de 2011, desencadenando movilizaciones de masas a lo largo y ancho de Espa\u00f1a, desde nuestra corriente dec\u00edamos centralmente dos cosas: en primer lugar, que <i>el movimiento deb\u00eda dirigirse a la clase obrera<\/i>, y de esta manera comenzar a definirse program\u00e1tica<b> y <\/b>socialmente. En segundo lugar, que se trataba de una lucha <i>pol\u00edtica<\/i>, y que el justo odio contra los partidos del r\u00e9gimen como el PSOE, el PP e IU no deb\u00eda transformarse en un rechazo contra las organizaciones pol\u00edticas en s\u00ed mismas (por ejemplo, las organizaciones revolucionarias), herramientas indispensables en la lucha por la emancipaci\u00f3n.<\/p>\n<p>Con respecto al primer elemento, podemos afirmar que luego de su nacimiento, el movimiento de indignados ha comenzado a ligarse de manera cada vez m\u00e1s estrecha a las luchas del movimiento obrero. En primer lugar, a trav\u00e9s de la creaci\u00f3n de una red de grupos de trabajo (una vez que la masividad del movimiento comenz\u00f3 a decaer, y adem\u00e1s, a descentralizarse, luego del abandono de las acampadas) que comenzaron a intervenir sobre los problemas cotidianos de los trabajadores y el pueblo. Uno de los casos m\u00e1s emblem\u00e1ticos ha sido la lucha contra los desahucios (desalojos) de quienes no pueden pagar la hipoteca, que se han convertido en un verdadero drama social en Espa\u00f1a, poniendo en la escena nacional en el \u00faltimo tiempo varios casos de suicidio. Esto tiene una importancia central, porque permiti\u00f3 bajar del planteo m\u00e1s bien abstracto de \u201cDemocracia real\u201d, para darle un contenido concreto, lig\u00e1ndose a las luchas de la clase trabajadora, para poner en movimiento a cientos de activistas en relaci\u00f3n con los problemas cotidianos de la poblaci\u00f3n. En ese sentido, la \u201cMarea Verde\u201d de educaci\u00f3n y la \u201cMarea Blanca\u201d de la salud son en parte tributarias, tanto por sus m\u00e9todos de organizaci\u00f3n como por los n\u00facleos activistas que las impulsaron, del movimiento de indignados.<\/p>\n<p>En segundo lugar, como ya hemos visto, el movimiento de indignados ha sido part\u00edcipe, de manera cr\u00edtica frente a los sindicatos burocr\u00e1ticos, de las luchas que viene llevando adelante la clase obrera espa\u00f1ola. En relaci\u00f3n con la lucha minera, el debate del que ya hablamos en el movimiento de indignados termin\u00f3 cristaliz\u00e1ndose hacia un apoyo a los mineros, que se reflej\u00f3 en las acciones que impulsaron las asambleas de indignados de las comarcas mineras, y en las decenas de miles que se movilizaron a recibir la llegada de la Marcha Negra a Madrid. A su vez, sectores del movimiento de indignados fueron parte de las dos huelgas generales, se movilizaron en las columnas independientes e integraron los piquetes de huelga. Adem\u00e1s, se movilizaron el d\u00eda de la votaci\u00f3n de la reforma laboral de Rajoy junto a otros sindicatos de base, frente a la pasividad de Comisiones y UGT, que apenas convocaron a movilizaciones contra la reforma luego de que se hubiera votado, y llamaron a la huelga un mes y medio despu\u00e9s. Como vemos, la desconfianza inicial hacia los sindicatos mayoritarios (que se basa en la experiencia concreta de a\u00f1os de traiciones) no llev\u00f3 a un distanciamiento de las luchas de los trabajadores, sino a una <i>cr\u00edtica a las direcciones burocr\u00e1ticas y la solidaridad con los trabajadores de base.<\/i><\/p>\n<p>En cuanto al segundo desaf\u00edo de los indignados, est\u00e1 claro que el movimiento no ha tomado el camino de convertirse en organizaci\u00f3n pol\u00edtica independiente. Sin embargo, esto es l\u00f3gico en el sentido de que se trataba en realidad de un frente \u00fanico para la lucha, donde interven\u00edan diversas tendencias (organizadas o no), con diferentes orientaciones pol\u00edticas, como se demostr\u00f3 en el caso de la huelga minera. Lo importante es que <i>tampoco ha logrado ser cooptado<\/i> por ninguno de los partidos del r\u00e9gimen (el PSOE y sobre todo Izquierda Unida, que intenta aparecer como m\u00e1s combativo y \u201cantisistema\u201d). Adem\u00e1s, a nivel de las organizaciones de base (como las comisiones y las asambleas populares), <i>los partidos de izquierda intervienen activamente<\/i><b> <\/b>y no hemos visto que se hayan dado pol\u00edticas macartistas de parte del movimiento hacia estos sectores. Inclusive, la participaci\u00f3n del 15-M en los bloques cr\u00edticos durante las movilizaciones de ambas huelgas generales, que convocaron junto a los sindicatos burocr\u00e1ticos y las organizaciones de izquierda, demuestra un acercamiento hacia posiciones m\u00e1s de izquierda, y comienza a terminarse el mito de no ser \u201cni de izquierda ni de derecha\u201d.<\/p>\n<p>Por otra parte, el reclamo abstracto de \u201cDemocracia real ya\u201d (que en sus aspectos concretos significaba parches al sistema bipartidista, como mayor representaci\u00f3n para los partidos peque\u00f1os) comenz\u00f3 a desplazarse en los hechos hacia un <i>cuestionamiento m\u00e1s general<\/i> <i>a la democracia burguesa.<\/i> Las movilizaciones que protagonizaron a lo largo del a\u00f1o dan cuenta, a su manera, de esto: las interrupciones de los desahucios no se realizaron a trav\u00e9s de medidas judiciales, sino de la acci\u00f3n<b> <\/b>directa para impedir que las familias fueran desalojadas por la polic\u00eda, lo que en muchos casos significaba que hubiera detenidos o heridos por la represi\u00f3n policial.<\/p>\n<p>En ese sentido, la Plataforma en Pie, uno de los principales convocantes de la acci\u00f3n \u201cRodea el Congreso\u201d del 25 de septiembre, a la que asistieron decenas de miles de personas, exige en su manifiesto que sirvi\u00f3 de base a la convocatoria: \u201cLa dimisi\u00f3n del gobierno en pleno, as\u00ed como la disoluci\u00f3n de las Cortes y de la Jefatura del Estado (&#8230;). La apertura de un proceso constituyente transparente y democr\u00e1tico (\u2026) pues no reconocemos car\u00e1cter democr\u00e1tico alguno al actual texto constitucional, redactado por una camarilla a espaldas del pueblo, y que consagr\u00f3 la dominaci\u00f3n de los herederos del franquismo y quienes pactaron con ellos\u201d (http:\/\/plataformaenpie.wordpress.com\/manifiesto\/). Entre la exigencia de \u201cm\u00e1s democracia\u201d y la dimisi\u00f3n del gobierno y la apertura de un proceso constituyente que barra con la constituci\u00f3n franquista hay una diferencia evidente.<\/p>\n<p>Sin duda, no se pueden obviar los l\u00edmites que a\u00fan presenta el movimiento de indignados (y el resto de los sectores en lucha): la falta de una clara estrategia socialista y revolucionaria, ligada a la construcci\u00f3n de organizaciones revolucionarias y de corrientes clasistas y antiburocr\u00e1ticas en los sindicatos. Sin embargo, ser\u00eda de un sectarismo miope exigirle una prueba de ADN revolucionario a una generaci\u00f3n que comienza a realizar sus primeras experiencias pol\u00edticas y de organizaci\u00f3n. Lo que nos interesa aqu\u00ed es se\u00f1alar los puntos de apoyo para la acci\u00f3n revolucionaria, cu\u00e1les son los resortes que provee la propia experiencia de las masas para que el programa socialista revolucionario pueda hacerse carne y para la construcci\u00f3n de organizaciones revolucionarias, indispensables para que estas experiencias se procesen en un sentido independiente y de clase.<\/p>\n<p>&nbsp;<\/p>\n<p><strong>3.2 Las organizaciones independientes de la burocracia<\/strong><\/p>\n<p>&nbsp;<\/p>\n<p><strong>Otro elemento central en el an\u00e1lisis de la situaci\u00f3n pol\u00edtica es el grado de desarrollo de organizaciones independientes de la burocracia sindical, de formas de autoorganizaci\u00f3n y de democracia obrera. Debemos decir, en principio, que es dif\u00edcil dar cuenta de esto sin estar en el lugar de un proceso que, seg\u00fan nuestra experiencia, tiene mucho de <\/strong><strong>subterr\u00e1neo<\/strong><strong> y que s\u00f3lo se manifiesta tras un proceso lento de acumulaci\u00f3n. Intentaremos, de todas maneras, a partir de lo que han reflejado las luchas de este a\u00f1o, se\u00f1alar algunos elementos que apuntan en el sentido de un desarrollo de las organizaciones independientes.<\/strong><\/p>\n<p><strong>En primer lugar, hay que decir que la huelga minera, que por varias semanas estuvo en la escena nacional (e internacional) tuvo <\/strong><strong><i>elementos importantes de autoorganizaci\u00f3n. <\/i><\/strong><strong>Como ya vimos, la declaraci\u00f3n de la huelga indefinida fue r\u00e1pidamente acompa\u00f1ada de cortes de carretera, ocupaciones de minas, acampadas, etc. Muchas de estas acciones fueron organizadas por fuera de los sindicatos tradicionales, por los trabajadores mismos, y la burocracia no tard\u00f3 en desligarse de los \u201cviolentos\u201d. Lo mismo se expres\u00f3 en la enorme solidaridad de los pueblos mineros, que ofrec\u00edan por ejemplo refugio a los mineros cuando la Guardia Civil entraba a reprimir, y en las acciones de apoyo a los obreros encerrados. <\/strong><\/p>\n<p><strong>La lucha de los trabajadores estatales comenz\u00f3 a introducir tambi\u00e9n elementos de <\/strong><strong><i>democracia de base<\/i><\/strong><strong>. A lo largo de la huelga de m\u00e9dicos en Madrid (que sigue su curso) se realizaron varias asambleas masivas para discutir el curso del conflicto, y la misma convocatoria a huelga indefinida fue decidida en asamblea. Frente al anuncio de Rajoy de suprimir la paga de Navidad en julio de este a\u00f1o, cientos de funcionarios (como se llama a los trabajadores estatales) se lanzaron a las calles a realizar cortes sin esperar ning\u00fan llamado de los sindicatos, y se sumaron al d\u00eda siguiente a la marcha minera para expresar su descontento. <\/strong><\/p>\n<p><strong>En suma, muchas de las acciones de solidaridad con las luchas, como las ocupaciones y abrazos a hospitales, las concentraciones, etc., fueron organizadas desde abajo. En ese sentido, tanto la Marea Blanca como la Marea Verde son tributarias de y han sido influenciadas por los m\u00e9todos de organizaci\u00f3n de los indignados. El Movimiento 15-M, a pesar de sus fuertes limitaciones (por ejemplo, el m\u00e9todo del consenso absoluto, que en muchos casos imped\u00eda el desarrollo de acciones), reflej\u00f3 el rechazo a las decisiones desde arriba, a los acuerdos tomados a espaldas de la base. El rechazo a los partidos y sindicatos<a title=\"\" href=\"#_ftn3\"><sup><strong><sup>[3]<\/sup><\/strong><\/sup><\/a> como parte del sentido com\u00fan (las corrientes autonomistas y anarquistas org\u00e1nicas que defienden sistem\u00e1ticamente el antipartidismo son otro cantar) expresa de alguna manera este estado de \u00e1nimo en favor de la organizaci\u00f3n desde abajo, y debe ser un punto de apoyo (a la vez que se defiende la necesidad de organizarse pol\u00edtica y sindicalmente) para barrer con los m\u00e9todos burocr\u00e1ticos de los sindicatos mayoritarios y de los partidos del r\u00e9gimen, en particular los que se dicen \u201ccomunistas\u201d. <\/strong><\/p>\n<p><strong>Las dos jornadas de huelga general han mostrado tambi\u00e9n elementos de desborde a los sindicatos burocr\u00e1ticos Como se\u00f1alamos, los piquetes de huelga fueron para muchas organizaciones la oportunidad de imprimirle una din\u00e1mica no rutinaria a la jornada, recorrida tambi\u00e9n por diversas iniciativas (ollas populares, la \u201cBiciCr\u00edtica\u201d, un piquete de huelga m\u00f3vil protagonizado por ciclistas, etc.). Es esto lo que expres\u00f3 la organizaci\u00f3n de \u201cTomaLaHuelga\u201d, en la que participan centralmente miembros del movimiento de indignados: hacer la huelga propia, tomarla en sus manos, organizarla, <\/strong><strong><i>imprimirle un sentido que vaya m\u00e1s all\u00e1 de los \u201csaludos a la bandera\u201d<\/i><\/strong><strong> de las centrales burocr\u00e1ticas. Los enfrentamientos con la polic\u00eda que ti\u00f1eron ambas jornadas de huelga son tambi\u00e9n un ejemplo de esta tendencia al desborde y la radicalizaci\u00f3n, frente a sindicatos que suelen enorgullecerse cuando las jornadas transcurren con \u201ctranquilidad\u201d.<\/strong><\/p>\n<p><strong>Sin duda, hay que decir que los sindicatos burocr\u00e1ticos a\u00fan mantienen un control mayoritario sobre la clase trabajadora. En gran medida, la mayor dificultad de estas iniciativas de autoorganizaci\u00f3n es que no han tomado todav\u00eda una expresi\u00f3n org\u00e1nica que pueda disputarle a la burocracia la direcci\u00f3n de los sindicatos. A pesar de las acciones autoorganizadas en la huelga minera, fue la burocracia la que decidi\u00f3 de manera inconsulta hacer volver a la Marcha Negra, luego del enorme apoyo que hab\u00edan recibido en Madrid, y la que decidi\u00f3 volver al trabajo luego de 60 d\u00edas de huelga. Quienes protagonizaron estas acciones a lo largo del conflicto no lograron transformarse en una corriente pol\u00edtica (o sindical) capaz de imponerle a la burocracia el respeto a la democracia obrera y la realizaci\u00f3n sistem\u00e1tica de asambleas. <\/strong><\/p>\n<p><strong>Sin embargo, como se\u00f1alamos m\u00e1s arriba, <i>la \u00faltima huelga general comenz\u00f3 a mostrar el surgimiento de sectores independientes de la burocracia sindical<\/i>: <\/strong><strong>la masividad de las manifestaciones anticapitalistas<\/strong><strong> <\/strong><strong>en Madrid y Barcelona, de las que formaron parte los sindicatos independientes, da cuenta de eso. A su vez, fueron una prueba de que los sectores burocr\u00e1ticos y las organizaciones de izquierda comienzan a confluir en la lucha de clases. No se puede decir de antemano qu\u00e9 camino tomar\u00e1 la reorganizaci\u00f3n sindical en un pa\u00eds donde <\/strong><strong>no existe central sindical \u00fanica. E<\/strong><strong>n muchos casos, esta reorganizaci\u00f3n se expresa a trav\u00e9s de la creaci\u00f3n de nuevos sindicatos en vez de la pelea por la direcci\u00f3n de los sindicatos mayoritarios. En ese sentido, no somos dogm\u00e1ticos: el camino correcto es aqu\u00e9l que <\/strong><strong>permita<\/strong><strong> <\/strong><strong><i>liberar al m\u00e1ximo las fuerzas de autoorganizaci\u00f3n de la clase obrera<\/i><\/strong><strong>, y eso debe ser evaluado concretamente sobre el terreno. <\/strong><\/p>\n<p><strong>En todo caso, la \u00fanica manera de poder llevar adelante esto es a trav\u00e9s de una <\/strong><strong><i>denuncia y delimitaci\u00f3n sistem\u00e1tica<\/i><\/strong><strong> <\/strong><strong>frente a los sindicatos burocr\u00e1ticos, y la creaci\u00f3n de un polo antiburocr\u00e1tico que permita sumar los esfuerzos de todos los sindicatos y corrientes independientes.<\/strong><\/p>\n<p>&nbsp;<\/p>\n<p><strong>3.3 La crisis del sistema bipartidista<\/strong><\/p>\n<p>&nbsp;<\/p>\n<p><strong>El sistema bipartidista es uno de los pilares fundamentales de la estabilidad burguesa en todo el mundo. Permite tener un recambio burgu\u00e9s ante el descontento popular o ante cualquier crisis pol\u00edtica, y la alternancia permite darle un barniz democr\u00e1tico a lo que cada vez m\u00e1s se muestra como lo que verdaderamente es: la dictadura del capital. Los enormes recursos econ\u00f3micos y medi\u00e1ticos puestos al servicio de los partidos burgueses, las leyes restrictivas que dificultan el ingreso de los partidos minoritarios al parlamento y, en fin, mecanismos fuertemente anclados en la cabeza de la gente como el \u201cvoto castigo\u201d y el \u201cmal menor\u201d garantizan una y otra vez que a<\/strong><strong>lgo cambie para que no cambie nada<\/strong><strong>.<\/strong><\/p>\n<p><strong>Pero este sistema comienza a <\/strong><strong>deteriorarse aceleradamente<\/strong><strong> en Europa. Nos referiremos aqu\u00ed especialmente al caso de Espa\u00f1a, pero se trata de una tendencia que recorre varios pa\u00edses europeos: en Grecia se trata efectivamente de una realidad, con la cat\u00e1strofe electoral del PASOK (Partido Socialista Griego), que pas\u00f3 del 44% de los votos en 2009 al 13% en 2012; en cuanto a Nueva Democracia, el otro pilar del bipartidismo, paso de m\u00e1s del 40% de los votos hasta 2007 al 33% en 2009 y el 20% en 2012 (finalmente, al no poder formarse gobierno, se convocaron a nuevas elecciones, donde luego de una campa\u00f1a terrorista contra la salida de Grecia del euro obtuvo apenas el 30%). Asimismo, sin llegar a\u00fan a las cifras catastr\u00f3ficas de Grecia, en Francia comienza a expresarse un fen\u00f3meno similar: en las \u00faltimas elecciones presidenciales los dos partidos tradicionales (el PS y la UMP) obtuvieron sumados apenas el 55% de los votos; a esto se suma la ca\u00edda en popularidad del gobierno PS luego del anuncio de medidas de austeridad y la guerra fratricida desatada en la UMP por el control del partido, una verdadera crisis que la pone al borde de la fractura.<\/strong><\/p>\n<p><strong>En Espa\u00f1a, en 2011 el mecanismo del \u201cvoto castigo\u201d permiti\u00f3 el triunfo del derechista PP como rechazo a la pol\u00edtica de austeridad que ven\u00eda llevando adelante el PSOE. Sin embargo, hay que se\u00f1alar que la consigna principal del movimiento de indignados que irrumpi\u00f3 de manera masiva en mayo de 2011 fue precisamente el repudio al antidemocr\u00e1tico sistema bipartidista. Adem\u00e1s, a pesar de que muchos escribas de la burgues\u00eda se\u00f1alaron c\u00ednicamente que fueron los mismos \u201cindignados\u201d los que votaron al PP, lo cierto es que, luego de las victorias del PP en las elecciones municipales de mayo de 2012, miles de indignados se movilizaron a lo largo del pa\u00eds para repudiar a los alcaldes del PP en sus actos de investidura. Con respecto a la victoria del PP en las elecciones presidenciales de noviembre de 2011, no hace falta se\u00f1alar lo r\u00e1pido que se esfumaron las esperanzas que hab\u00eda en \u00e9l: las diversas luchas que venimos de relatar demuestran el amplio repudio popular al gobierno del PP.<\/strong><\/p>\n<p><strong>Ambos partidos tradicionales muestran una crisis verdaderamente aguda: el PSOE pas\u00f3 del 44% en 2008 al 29% en 2011, su peor resultado desde el retorno de la democracia. El PP, a pesar de haber ganado las \u00faltimas elecciones presidenciales, vio su popularidad desplomarse r\u00e1pidamente y la expresi\u00f3n del descontento est\u00e1 a la vista de todo el mundo: los millones de espa\u00f1oles que se han movilizado en los \u00faltimos meses contra la pol\u00edtica de Rajoy. Seg\u00fan una encuesta encargada por el diario <i>El Pa\u00eds<\/i> (af\u00edn al PSOE) a la consultora Metroscopia, la intenci\u00f3n de voto hacia el PP se habr\u00eda desplomado del 44% obtenido en las elecciones presidenciales hacia un 31,3%; Rajoy tiene un porcentaje de desaprobaci\u00f3n del 71% y el 60% de sus votantes dice desconfiar de \u00e9l. \u00a1Excelente situaci\u00f3n para el que el PSOE recupere el terreno perdido!, pensar\u00e1 el lector. Sin embargo, la situaci\u00f3n de los \u201csocialistas\u201d no tiene nada de alentadora: pese al desastre del PP, la intenci\u00f3n de voto hacia el PSOE baj\u00f3 del 28,1% en las presidenciales al 22,7%, y el 80% de los votantes de Rubalcaba, candidato presidencial del PSOE, desconf\u00eda de \u00e9l (<\/strong>http:\/\/politica.elpais.com\/pol\u00edtica\/2012\/12\/01)<strong>. Pese a todas las limitaciones de las encuestas de opini\u00f3n, esto da cuenta del sentimiento general.<\/strong><\/p>\n<p><strong>El PSOE ha intentado aprovechar el descontento hacia el PP y posar de combativo, por ejemplo, llamando a secundar la huelga general del 14 de noviembre, y sus parlamentarios mostraron carteles de apoyo el mismo d\u00eda de la huelga. Sin embargo, nadie olvida que fue el propio gobierno de Zapatero el que comenz\u00f3 la austeridad, con la reducci\u00f3n de salarios de los trabajadores estatales, el congelamiento de pensiones y la reforma laboral antiobrera del 2011. El canto \u201cPSOE, PP, la misma mierda es\u201d, o la denominaci\u00f3n de \u201cPPSOE\u201d para nombrar a ambos partidos como si fueran uno son un signo del amplio repudio hacia ambas organizaciones que recorre a los trabajadores y el pueblo. <\/strong><\/p>\n<p><strong>Por el momento, el mayor beneficiado de esta crisis es Izquierda Unida, que ve crecer su expectativa de voto y est\u00e1 menos desprestigiada que el PSOE a la hora de presentarse frente a los movimientos sociales. Adem\u00e1s, al contrario de otros pa\u00edses de Europa, en Espa\u00f1a no hay formaciones de extrema derecha con alcance nacional, y no parece a priori que la crisis econ\u00f3mica favorezca el crecimiento de la extrema derecha, como es el caso de Amanecer Dorado en Grecia o del Front National en Francia.<\/strong><\/p>\n<p><strong>Sin embargo, luego de la ca\u00edda del franquismo, <i>Izquierda Unida ha sido la pata izquierda del r\u00e9gimen bipartidista<\/i>: el PCE vot\u00f3 la Constituci\u00f3n redactada luego de la transici\u00f3n que termin\u00f3 con el r\u00e9gimen militar de Franco. Actualmente, Izquierda Unida gobierno junta al PSOE la comunidad de Andaluc\u00eda (la comunidad aut\u00f3noma m\u00e1s poblada de Espa\u00f1a), donde tambi\u00e9n es garante de los ajustes que se llevan adelante, y en Asturias los militantes de IU rechazaron apenas por 16 votos integrar el gobierno del PSOE, al cual, sin embargo se comprometieron a dar \u201cestabilidad parlamentaria\u201d.<\/strong> Esto ya ha desatado cierta crisis en sus filas, llevando a las Juventudes Comunistas de Andaluc\u00eda a pedir la dimisi\u00f3n del vicepresidente de IU en el gobierno y la convocatoria de una Asamblea Extraordinaria para elegir nueva direcci\u00f3n de la IU andaluza. Pero no es a\u00fan la t\u00f3nica general.<\/p>\n<p><strong>Para peor, mientras miles de indignados se movilizaban a repudiar a los alcaldes electos del PP, IU les facilitaba (a trav\u00e9s de la abstenci\u00f3n o del voto a favor) 40 alcald\u00edas a cambio del apoyo del PP que permiti\u00f3 a Izquierda Unida ganar 15 alcald\u00edas. Todo esto demuestra hasta qu\u00e9 punto Izquierda Unida est\u00e1 ligada al r\u00e9gimen burgu\u00e9s, y es capaz de realizar acuerdos no s\u00f3lo con el PSOE, sino incluso con los derechistas del PP para hacerse de algunos alcaldes. Por esto, tambi\u00e9n IU, que a priori parece menos afectado que el PSOE o el PP, sufre las consecuencias del desprestigio del bipartidismo (y de su rol como \u201coposici\u00f3n de Su Majestad\u201d a lo largo de todos estos a\u00f1os). En diciembre, un grupo de estudiantes irrumpi\u00f3 en una clase de Jos\u00e9 Antonio Moral Sant\u00edn, diputado de IU y ex consejero de Bankia, para denunciar su responsabilidad en la gesti\u00f3n de esa entidad bancaria, que ha ordenado miles de desahucios y que plantea ahora un plan de restructuraci\u00f3n con 4.000 despidos (<\/strong>http:\/\/www.elmundo.es\/elmundo\/2012\/12\/12\/)<strong>.<\/strong><\/p>\n<p><strong>Otro elemento de la crisis del sistema pol\u00edtico espa\u00f1ol es el fuerte desprestigio del rey Juan Carlos I, siendo que la monarqu\u00eda es una de las instituciones centrales heredadas del franquismo. A lo largo del a\u00f1o, el rey ha estado cruzado por diversos esc\u00e1ndalos, empezando por el de su yerno Urdangar\u00edn, acusado de corrupci\u00f3n en complicidad con el poder pol\u00edtico En abril de 2012, cuando en Espa\u00f1a segu\u00eda dispar\u00e1ndose el desempleo y los ajustes se suced\u00edan, el rey se fractur\u00f3 la cadera mientras <\/strong><strong>estaba en un safari en Botsuana cazando elefantes<\/strong><strong>, con gastos por varias decenas de miles de d\u00f3lares. Pero adem\u00e1s de estos esc\u00e1ndalos puntuales, el problema es que el rey se ha <\/strong><strong>comprometido directamente con el ajuste:<\/strong><strong> \u201cAhora, el Borb\u00f3n <\/strong><strong><i>se ha jugado descaradamente en la defensa del ajuste<\/i><\/strong><strong>. El rey apareci\u00f3 en todos los medios presidiendo el Consejo de Ministros donde se dispuso el ataque. As\u00ed, el papel bonapartista de sobrevolar en las nubes por encima de los conflictos sociales y pol\u00edticos, se deshilacha. \u00a1El Borb\u00f3n baja al ruedo a pelear por el hachazo, codo a codo con Rajoy!\u201d (<i>Socialismo o Barbarie<\/i> peri\u00f3dico, 229). M\u00e1s recientemente, el rey tambi\u00e9n se sum\u00f3 a la batalla centralista de Madrid, emitiendo un comunicado contra los independentistas catalanes que hab\u00edan protagonizado una movilizaci\u00f3n de masas. <\/strong><\/p>\n<p><strong>En el marco de la crisis, la bronca popular no s\u00f3lo se dirige contra el partido gobernante, sino que comienza a tener como blanco <\/strong><strong><i>el conjunto del sistema pol\u00edtico<\/i><\/strong><strong>. <\/strong><strong>Esto implica, como hemos visto, un desprestigio creciente de los partidos burgueses tradicionales, el PSOE y el PP. Pero tambi\u00e9n IU (aunque a corto plazo se vea beneficiada por esta situaci\u00f3n) <\/strong><strong><i>puede empezar a pagar la cuenta<\/i><\/strong><strong> por todas las traiciones que protagoniz\u00f3 desde el retorno de la democracia. No hay que olvidar tampoco los lazos entre IU y los sindicatos burocr\u00e1ticos, centralmente Comisiones Obreras, cada vez m\u00e1s cuestionados. La instituci\u00f3n mon\u00e1rquica tambi\u00e9n sufre su crisis, con un rey \u201cterrenal\u201d y ajustador.<\/strong><\/p>\n<p><strong>La superaci\u00f3n del sistema bipartidista tiene una importancia central para derribar una de las dos mediaciones de las que habl\u00e1bamos anteriormente. El desprestigio creciente de los partidos tradicionales y de la clase pol\u00edtica en su conjunto ayuda a la comprensi\u00f3n de que <\/strong><strong>no es en las instituciones del r\u00e9gimen donde se juegan verdaderamente las cosas.<\/strong><strong> Esto permitir\u00e1 sacar a la clase trabajadora y las masas populares de la trampa de la democracia burguesa, terreno favorable a la clase capitalista, para ponerlos en la <\/strong><strong>lucha en las calles<\/strong><strong>, \u00fanico lugar donde podr\u00e1n alcanzarse verdaderos cambios radicales. <\/strong><\/p>\n<p>&nbsp;<\/p>\n<p><strong>3.4 Las tensiones nacionales<\/strong><\/p>\n<p><strong>\u00a0<\/strong><\/p>\n<p><strong>Otro elemento que la crisis econ\u00f3mica comienza a tensar son los conflictos nacionales que cruzan el Estado Espa\u00f1ol. Se trata de un pa\u00eds donde la unificaci\u00f3n nacional burguesa no alcanz\u00f3 verdaderamente a resolver los problemas de las nacionalidades, y donde sectores importantes de la poblaci\u00f3n de algunas de las regiones m\u00e1s importantes del pa\u00eds <\/strong><strong><i>no se consideran espa\u00f1oles.<\/i><\/strong><strong> <\/strong><strong>Hablamos, por ejemplo, de Catalunya y del Pa\u00eds Vasco, zonas muy industriales y desarrolladas. En el \u00faltimo a\u00f1o, las tensiones entre las comunidades aut\u00f3nomas y el poder central continuaron desarroll\u00e1ndose.<\/strong><\/p>\n<p><strong>Centralmente, las tensiones se vinculan a los problemas econ\u00f3micos que aquejan a Espa\u00f1a en su conjunto y a las comunidades aut\u00f3nomas en particular. En los primeros d\u00edas de diciembre, nueve comunidades aut\u00f3nomas solicitaron el rescate financiero del Estado central, por la suma de cerca de 12.000 millones de euros. La contrapartida es que el rescate s\u00f3lo podr\u00e1 ser utilizado para pagar vencimientos de deuda, y sin duda el gobierno central intentar\u00e1 imponer condiciones m\u00e1s duras de ajuste. Por ejemplo, el Tribunal Constitucional decidi\u00f3 suspender la paga extra de Navidad que el gobierno del Pa\u00eds Vasco iba a realizar a sus empleados p\u00fablicos, debido a un \u201cconflicto de competencias\u201d con el gobierno central. Recordemos que la supresi\u00f3n de la paga de Navidad hab\u00eda sido decidida por el gobierno de Rajoy en julio como parte del paquete de ajuste m\u00e1s importante de los \u00faltimos 30 a\u00f1os: para el gobierno central, la pelea judicial que se ha desatado en este caso con el gobierno del Pa\u00eds Vasco tiene la importancia de sentar el precedente de que las comunidades aut\u00f3nomas <\/strong><strong><i>no pueden insubordinarse a los ajustes del poder central.<\/i><\/strong><strong><\/strong><\/p>\n<p><strong>Tambi\u00e9n apunta en ese sentido la Ley de Estabilidad Presupuestaria y Financiera, que estipula que en caso de que las comunidades aut\u00f3nomas no cumplan con la reducci\u00f3n del d\u00e9ficit p\u00fablico planteado podr\u00e1n<\/strong><strong> <\/strong><strong>ser<\/strong><strong> <\/strong><strong><i>intervenidas<\/i><\/strong><strong> <\/strong><strong>por el Estado central<\/strong><strong>. Por el momento, la mayor\u00eda de las comunidades aut\u00f3nomas (incluso las gobernadas por el PSOE) han seguido firmemente el camino del ajuste, pero a medida que la presi\u00f3n de la clase trabajadora siga aumentando, las posibles maniobras de las comunidades auton\u00f3micas y sus roces con el Estado central pueden abrir un nuevo frente de tormenta. El caso de la paga de Navidad en el Pa\u00eds Vasco es apenas un peque\u00f1o ejemplo de esto (donde adem\u00e1s se est\u00e1 a a\u00f1os luz de una intervenci\u00f3n).<\/strong><\/p>\n<p><strong>Por otro lado, la cuesti\u00f3n econ\u00f3mica no es el \u00fanico aspecto que pone al rojo vivo las tensiones nacionales. Fue un esc\u00e1ndalo la presentaci\u00f3n de la reforma educativa del ministro Wert, que, adem\u00e1s de las atrocidades que ya mencionamos, implica un ataque directo a la ense\u00f1anza en catal\u00e1n. Adem\u00e1s, por si a alguien le quedaba alguna duda del contenido de la reforma, Wert declar\u00f3 que quer\u00eda \u201cespa\u00f1olizar a los alumnos catalanes\u201d. Obviamente, esto gener\u00f3 una inmensa ola de repudio. Hay que recordar que durante el franquismo la cultura catalana fue duramente reprimida y esto signific\u00f3 ante todo <\/strong><strong>la<\/strong><strong> <\/strong><strong><i>prohibici\u00f3n de hablar catal\u00e1n<\/i><\/strong><strong>.<\/strong><strong><\/strong><\/p>\n<p><strong>Todos estos problemas est\u00e1n agudizando las tensiones nacionales y ponen a la orden del d\u00eda la cuesti\u00f3n del derecho a la autodeterminaci\u00f3n y la independencia de ciertas regiones. El 11 de septiembre, dos millones de personas desfilaron por las calles de Barcelona bajo el lema \u201cCatalunya, nuevo Estado de Europa\u201d, en lo que fue la manifestaci\u00f3n independentista m\u00e1s grande de la historia de Catalunya. En la mayor\u00eda de las manifestaciones del a\u00f1o (por ejemplo, las de ambas jornadas de huelga general) se vieron las diferentes banderas de las comunidades seg\u00fan el caso: Catalunya, Andaluc\u00eda, Pa\u00eds Vasco. Sobre la base de la movilizaci\u00f3n del 11 de septiembre, Artur Mas, presidente de la Generalitat de Catalunya, comenz\u00f3 a presionar al gobierno de Rajoy para alcanzar un \u201cpacto fiscal\u201d. Esto significa renegociar las relaciones econ\u00f3micas entre Catalunya y Espa\u00f1a: Catalunya recauda el 119% (tomando como base de 100% la media nacional), y s\u00f3lo recibe financiamiento por 96%.<\/strong><\/p>\n<p><strong>Fue por esto que Mas adelant\u00f3 las elecciones, que intent\u00f3 convertir en un gran plebiscito sobre la soberan\u00eda para presionar al gobierno de Rajoy y poner la discusi\u00f3n sobre la independencia en el centro. Para muchos, este giro \u201cindependentista\u201d de Converg\u00e8ncia i Uni\u00f3 tuvo como ra\u00edz, adem\u00e1s de aprovechar de manera oportunista el sentimiento soberanista expresado el 11 de septiembre, la necesidad de renegociar condiciones m\u00e1s favorables con Madrid en el contexto de la grave crisis econ\u00f3mica.<\/strong><\/p>\n<p><strong>Este intento de montarse sobre la ola independentista no pudo sin embargo frenar el rechazo a sus pol\u00edticas de austeridad: baj\u00f3 del 38% al 30% de los votos, y de 62 a 50 esca\u00f1os. Esto llev\u00f3 a CiU a pactar con Esquerra Republicana de Catalunya, otra organizaci\u00f3n independentista catalana que fue la gran triunfadora de la elecci\u00f3n (del 7% al 14%, de 10 a 21 esca\u00f1os), para lograr la investidura de Artur Mas como presidente de la Generalitat. El centro del acuerdo (adem\u00e1s de algunas reformas menores \u201chacia la izquierda\u201d introducidas por Esquerra Republicana, como impuestos a los bancos) es la convocatoria a un plebiscito sobre la soberan\u00eda de Catalunya en 2014. <\/strong><\/p>\n<p><strong>Estas elecciones dan cuenta, a la vez, de la importancia que est\u00e1 tomando el problema de la independencia en Catalunya, pero tambi\u00e9n de los lazos entre la cuesti\u00f3n de la independencia y la cuesti\u00f3n social. En s\u00ed mismo, el sentimiento independentista puede ser \u00fatil tanto para enfrentar las pol\u00edticas de austeridad dictadas desde Madrid (y la Uni\u00f3n Europea) como para <\/strong><strong>lavarle la cara a los ajustadores<\/strong><strong> de CiU. As\u00ed como defendemos el derecho a la autodeterminaci\u00f3n de los pueblos y por lo tanto el derecho del pueblo catal\u00e1n a decidir sobre su propio destino, llegando incluso a la separaci\u00f3n del Estado Espa\u00f1ol, se\u00f1alamos que si esto no va acompa\u00f1ado de una transformaci\u00f3n verdaderamente anticapitalista y socialista <\/strong><strong>se trata de una estafa<\/strong><strong>, que s\u00f3lo puede significar m\u00e1s penuria para los trabajadores y el pueblo. Nos parece, sin embargo, que el eje hoy en d\u00eda debe ser <\/strong><strong><i>la pelea contra el ajuste<\/i><\/strong><strong><i> <\/i><\/strong><strong><i>a lo largo y ancho del Estado Espa\u00f1ol<\/i><\/strong><strong>, el esfuerzo por unificar las diferentes luchas, y la denuncia de que el \u201cindependentismo\u201d de CiU s\u00f3lo significa una administraci\u00f3n diferente del ajuste, que apunta a enfrentar entre s\u00ed a las diferentes sensibilidades nacionales. En el contexto actual, enfrentar catalanes con andaluces o andaluces con vascos es un crimen pol\u00edtico, e igualmente perniciosa ha sido, por ejemplo, la decisi\u00f3n de los sindicatos nacionalistas vascos de no convocar a la huelga general del 14 de noviembre. <\/strong><\/p>\n<p><strong>De lo que se trata es, precisamente, de <i>combinar cuesti\u00f3n<\/i><\/strong><strong><i> nacional y cuesti\u00f3n social<\/i><\/strong><strong>, pero sobre todo, de combatir cualquier tipo de divisi\u00f3n nacionalista que pueda ir en detrimento de la unidad de la clase trabajadora en el combate del ajuste. Como hemos visto, tanto las ambiciones \u201cespa\u00f1olizantes\u201d de Rajoy como la agitaci\u00f3n independentista de Artur Mas est\u00e1n al servicio de variantes del ajuste capitalista, y son dos expresiones diferentes de una salida burguesa a la crisis. La resoluci\u00f3n de los problemas nacionales es indisociable de una pol\u00edtica<\/strong><strong> <\/strong><strong>obrera y socialista.<\/strong><\/p>\n<p>&nbsp;<\/p>\n<p>&nbsp;<\/p>\n<p><strong>4. Por un partido socialista revolucionario<\/strong><\/p>\n<p>&nbsp;<\/p>\n<p><strong>Como hemos se\u00f1alado, el an\u00e1lisis de la situaci\u00f3n pol\u00edtica y de sus tendencias m\u00e1s profundas debe ser siempre un punto de apoyo para la acci\u00f3n pol\u00edtica revolucionaria.<\/strong><strong> <\/strong><strong>De lo que se trata es precisamente de ver qu\u00e9 hay en las experiencias de lucha de las masas que permita elevar su conciencia pol\u00edtica y sobre qu\u00e9 puntos se debe insistir para que puedan superarse las limitaciones que hay actualmente. Un t\u00e9rmino de la ecuaci\u00f3n es la experiencia concreta de las masas, de organizaci\u00f3n y de lucha; el otro t\u00e9rmino es la <i>construcci\u00f3n de un partido revolucionario<\/i>, que ayude a procesar esas experiencias en un sentido de clase, socialista y revolucionario, que se metabolice con el proceso de organizaci\u00f3n de las masas pero no para diluirse en \u00e9l sino para pelear junto a sus tendencias m\u00e1s progresivas para una superaci\u00f3n del conjunto.<\/strong><strong> <\/strong><strong>En este apartado haremos ciertos apuntes generales para la construcci\u00f3n de una organizaci\u00f3n revolucionaria en el Estado Espa\u00f1ol, a la vez que un debate con dos organizaciones trotskistas de all\u00ed: Izquierda Anticapitalista (orientada por el Secretariado Unificado) y En Lucha (orientado por la International Socialist Tendency, del SWP brit\u00e1nico).<\/strong><\/p>\n<p>Cabe aclarar que, a la hora de formular la pol\u00edtica, una parte importante se relaciona con saber medir el estado de esp\u00edritu de las masas, sus preocupaciones, para proponer las consignas correctas. Es por eso que aqu\u00ed s\u00f3lo plantearemos algunas l\u00edneas generales, conscientes de que ser\u00eda absurdo intentar resolver a la distancia con demasiado detalle el programa revolucionario.<strong><\/strong><\/p>\n<p><strong>Por lo tanto, queremos destacar dos de los problemas centrales a superar: la mediaci\u00f3n de la <\/strong><strong><i>burocracia sindical<\/i><\/strong><strong> y el aun generalizado imperio de la <\/strong><strong><i>democracia burguesa.<\/i><\/strong><strong> Veamos ahora qu\u00e9 plantean estas dos organizaciones con respecto a estas cuestiones.<\/strong><\/p>\n<p><strong>Con respecto a Izquierda Anticapitalista, lo que los caracteriza es el <\/strong><strong><i>seguidismo<\/i><\/strong><strong> <\/strong><strong>a la burocracia sindical de Comisiones Obreras y UGT. En su comunicado sobre la convocatoria de la huelga general del 14 de noviembre, IA dice: \u201cEsta convocatoria es especialmente necesaria, tanto por los titubeos de las direcciones de CC.OO. y UGT sobre c\u00f3mo continuar la movilizaci\u00f3n despu\u00e9s del 15-S\u201d y que \u201clos movimientos sociales, la izquierda anticapitalista y el sindicalismo alternativo tienen que empujar para conseguir que el 14-N vaya m\u00e1s all\u00e1 de lo que buscan las direcciones de CC.OO. y UGT\u201d (<\/strong>http:\/\/www.anticapitalistas.org\/14-N-Huelga-General)<strong>. Con respecto a la huelga del 29 de marzo, dec\u00edan: \u201cSaludamos la convocatoria de huelga general que han hecho CC.OO. y UGT\u201d, y m\u00e1s adelante que \u201cToxo y M\u00e9ndez deben rectificar\u201d y que \u201cCC.OO. y UGT debe tender puentes al sindicalismo alternativo\u201d (<\/strong>http:\/\/www.anticapitalistas.org\/Izquierda-Anticapitalista-saluda<strong>).<\/strong><\/p>\n<p><strong>Como vemos, en los propios comunicados de IA, a pesar de alg\u00fan acento \u201ccr\u00edtico\u201d, <i>se refleja <\/i><\/strong><strong><i>confianza <\/i><\/strong><strong><i>en la burocracia sindical<\/i><\/strong><strong>. Adem\u00e1s de \u201csaludar\u201d la convocatoria de la burocracia, la llama a \u201ctender puentes al sindicalismo alternativo\u201d,<\/strong> <strong>\u00a1como si no fuera la burocracia el enemigo N\u00b01 de los sindicatos independientes! En segundo lugar, parece que el \u00fanico problema con la burocracia sindical es que son \u201ctitubeantes\u201d y que entonces har\u00eda falta s\u00f3lo un empuj\u00f3n de parte de la izquierda anticapitalista y el sindicalismo alternativo.<\/strong><\/p>\n<p><strong>Se trata de una caracterizaci\u00f3n absolutamente equivocada y de un <\/strong><strong><i>embellecimiento de la burocracia<\/i><\/strong><strong>.<\/strong><strong> Las direcciones de Comisiones y UGT no son \u201ctitubeantes\u201d ni pueden \u201crectificarse\u201d; al contrario, son absolutamente consecuentes y siguen un rumbo claro para alcanzar sus objetivos: mantener el <\/strong><strong>control burocr\u00e1tico<\/strong><strong> sobre la clase obrera e <\/strong><strong>impedir que se desarrollen las luchas<\/strong><strong> contra el ajuste. En vez de \u201csaludar\u201d la convocatoria de la burocracia, lo que hab\u00eda que hacer era sin duda intervenir en la huelga para desarrollarla y extenderla, pero dejando en claro que para lograr eso hay que <\/strong><strong>barrer con la burocracia.<\/strong><strong> Si no, uno termina peleando lamentablemente contra molinos de viento: en relaci\u00f3n con la huelga minera, IA plantea correctamente una huelga general en Asturias, pero sin hacer una denuncia clara a las burocracias de Comisiones y UGT, este planteo se desvanece en el aire (<\/strong>http:\/\/www.anticapitalistas.org\/Contra-los-recortes-y-rescates)<strong>.<\/strong><\/p>\n<p><strong>El problema es que para Izquierda Anticapitalista <\/strong><strong><i>la categor\u00eda misma de burocracia sindical parece no existir<\/i><\/strong><strong><i>.<\/i><\/strong><strong> De hecho, si buscamos en su sitio las palabras \u201cburocracia sindical\u201d, s\u00f3lo encontraremos art\u00edculos sobre otros pa\u00edses (centralmente Latinoam\u00e9rica). No se trata aqu\u00ed de hacer una competencia de izquierdismo discursivo, sino de se\u00f1alar que la burocracia sindical <i>no<\/i> <i>es <\/i><\/strong><strong><i>una parte m\u00e1s de la clase obrera<\/i><\/strong><strong>, un sector obrero \u201cconfundido\u201d que se puede rectificar. Al contrario, la <\/strong><strong><i>base material misma<\/i><\/strong><strong> de la burocracia es su posici\u00f3n como correa de transmisi\u00f3n de los intereses capitalistas hacia la clase obrera: el inmovilismo, la inconsecuencia en las luchas y el \u201cdi\u00e1logo social\u201d con el gobierno y las patronales <\/strong><strong>est\u00e1 en su propio ADN.<\/strong><strong> <\/strong><strong>\u00c9<\/strong><strong>se su rol org\u00e1nico, el papel que ocupa en la dominaci\u00f3n capitalista: de hecho, su base material de existencia es sobre todo <\/strong><strong>la<\/strong><strong> <\/strong><strong><i>financiaci\u00f3n estatal<\/i><\/strong><strong>, en un pa\u00eds con una tasa de sindicalizaci\u00f3n por debajo del 20%. <\/strong><\/p>\n<p><strong>Sobre la base de esta incomprensi\u00f3n es que se termina desarrollando una pol\u00edtica <\/strong><strong>seguidista<\/strong><strong> a la burocracia, donde nunca se la denuncia claramente ni se plantea que la organizaci\u00f3n consecuente de la lucha y la conquista de la democracia obrera implica barrer pol\u00edticamente a esta burocracia y por lo tanto darse una orientaci\u00f3n en ese sentido.<\/strong><\/p>\n<p><strong>Con respecto a En Lucha, se trata de una organizaci\u00f3n que tiene en general una posici\u00f3n correcta con respecto a la caracterizaci\u00f3n de la burocracia sindical y el rol que esta juega. En un art\u00edculo de julio de 2011 hacen un planteo en t\u00e9rminos similares a los que utilizamos aqu\u00ed: la burocracia es \u201cun estrato social distinto, de naturaleza b\u00e1sicamente conservadora\u201d y ajena a la clase trabajadora, y que \u201cpara estos bur\u00f3cratas la negociaci\u00f3n se convierte en el verdadero objetivo del sindicalismo, de forma que la lucha aparece como una interrupci\u00f3n (&#8230;) como una molestia y una inconveniencia\u201d (<\/strong>http:\/\/www.enlucha.org\/site\/?q=node\/16193)<strong>. Hasta aqu\u00ed, todo muy bien. El problema es que cuando vemos sus posicionamientos frente a los grandes conflictos del a\u00f1o pasado, esta posici\u00f3n general correcta est\u00e1<\/strong><strong> <\/strong><strong><i>absolutamente desconectada<\/i><\/strong><strong> <\/strong><strong>de la intervenci\u00f3n cotidiana.<\/strong><b><\/b><\/p>\n<p>As\u00ed, en su comunicado por la huelga del 14-N, simplemente plantean que \u201cel movimiento sindical y los movimientos sociales debamos reclamar a las direcciones de CC.OO. y UGT que vayan m\u00e1s all\u00e1\u201d, al igual que en relaci\u00f3n a la huelga del 29 de marzo, donde utilizan las mismas palabras textuales y agregan que \u201csi las direcciones de CC.OO. y UGT vuelven a la mesa de negociaci\u00f3n el 30 de marzo para retocar la Reforma Laboral, ser\u00e1 un error\u201d (http:\/\/www.enlucha.org\/site\/?q=node\/17804 y http:\/\/enlucha.org\/site\/?q=node\/16999). A pesar de que la burocracia sea de \u201cnaturaleza conservadora\u201d y que su \u00fanico rol sea la negociaci\u00f3n, lo m\u00e1ximo que los revolucionarios podemos hacer es \u201creclamar que vayan m\u00e1s all\u00e1\u201d.<\/p>\n<p>Como vemos, la orientaci\u00f3n pol\u00edtica concreta carece de una delimitaci\u00f3n y denuncia sistem\u00e1tica a la burocracia, del llamado a desbordarla e <i>imponer los propios m\u00e9todos y reivindicaciones<\/i>. M\u00e1s all\u00e1 de la caracterizaci\u00f3n de la burocracia como un obst\u00e1culo a la organizaci\u00f3n, no se desprende ninguna tarea concreta en relaci\u00f3n a ella, no se propone ninguna pol\u00edtica para superarla.<\/p>\n<p>Claro que ambas organizaciones llaman a realizar asambleas en los lugares de trabajo, a hacer converger las diferentes luchas, a coordinar los sectores, y se lamentan de la falta de autoorganizaci\u00f3n. El problema es que sin una lucha pol\u00edtica frontal contra la burocracia, todo eso se convierte m\u00e1s bien en una expresi\u00f3n de deseos; sin una clarificaci\u00f3n sobre el rol que juegan las direcciones sindicales y sin una pol\u00edtica cotidiana de construcci\u00f3n de corrientes opositoras en los grandes sindicatos (o, como ya se\u00f1alamos, de sindicatos alternativos), no se propone ning\u00fan medio real<b> <\/b>para alcanzar la autoorganizaci\u00f3n, la coordinaci\u00f3n y la convergencia de las luchas. A falta de una discusi\u00f3n paciente sobre las consecuencias de las pol\u00edticas de la burocracia y la pelea contra las mismas, se va a reforzar la desmoralizaci\u00f3n y el sentimiento antisindical.<\/p>\n<p>Veremos ahora la posici\u00f3n de estas corrientes con respecto al problema de la democracia burguesa. En t\u00e9rminos generales, ambas corrientes defienden una \u201cruptura radical\u201d con el sistema, las criticas a la clase pol\u00edtica que comenzaron a expresarse a partir del movimiento de indignados, etc. El problema es que tienen una posici\u00f3n centrista e incluso de apoyo explicito a organizaciones reformistas, cuyo objetivo no es ninguna \u201cruptura radical\u201d, sino la gesti\u00f3n institucional del capitalismo, para ponerle un \u201crostro humano\u201d.<\/p>\n<p>Izquierda Anticapitalista, luego del 14 de noviembre, lanz\u00f3 un ciclo de m\u00edtines bajo la consigna \u201cTras la huelga general del 14-N, continuamos el combate en Europa\u201d. \u00a1Excelente oportunidad para darles voz a los dirigentes sindicales anti-burocr\u00e1ticos! Pero no: la gran estrella era Mar\u00eda Bolari, de Syriza, junto a otros dirigentes electorales como Besancenot del NPA franc\u00e9s y Bruno Maia, del Bloco de Esquerda de Portugal. Adem\u00e1s de declaraciones como que \u201cel Bloco se mostr\u00f3 dispuesto a disputarle la base social al PS y a unirse con el Partido Comunista Portugu\u00e9s\u201d, es decir, <i>con la burocracia traidora<\/i> de los sindicatos, levantar a Syriza como modelo para los revolucionarios es un problema enorme.<\/p>\n<p>Hay que se\u00f1alar, adem\u00e1s, que la corriente internacional de la que forma parte Izquierda Anticapitalista, el Secretariado Unificado, tiene una secci\u00f3n en Grecia, la OKDE-Spartaco. Esta secci\u00f3n forma parte de Antarsya, formaci\u00f3n <i>independiente de Syriza<\/i>, y que present\u00f3 sus propios candidatos en ambas elecciones de 2012. La direcci\u00f3n del SU ha decidido sin embargo darle la espalda a su secci\u00f3n y llamar a votar a Syriza, lo que llev\u00f3 a un debate p\u00fablico entre el SU y la OKDE.<\/p>\n<p>Sin duda, el ascenso de Syriza refleja un giro a izquierda de los trabajadores y el pueblo griego, y en ese sentido es progresivo. Sin embargo, esto redobla la necesidad de desenmascarar el car\u00e1cter reformista de Syriza: su apuesta no es la lucha de clases, sino la<b> <\/b><i>pol\u00edtica parlamentaria<\/i>. Luego de la primera vuelta electoral en la que Syriza sac\u00f3 apenas 130.000 votos menos que el derechista Nueva Democracia, su estrategia no fue llamar a la movilizaci\u00f3n popular contra los ajustes de la Troika, sino continuar en el terreno electoral, donde finalmente fue derrotado y se impuso un gobierno pro Troika. Su planteo con respecto a la deuda es la \u201cauditor\u00eda\u201d para definir qu\u00e9 parte es leg\u00edtima y cu\u00e1l ileg\u00edtima, como si pudiera haber una deuda leg\u00edtima contra\u00edda por los gobiernos capitalistas que vienen saqueando al pa\u00eds desde hace a\u00f1os.<\/p>\n<p>Sin embargo, todo esto no entra en contradicci\u00f3n con el programa de Izquierda Anticapitalista. En el mismo mitin, un dirigente de IA plantea la auditor\u00eda de la deuda, adem\u00e1s de la construcci\u00f3n de una alternativa \u201ctan leal a las y los de abajo como lo son los partidos dominantes a los de arriba\u201d, generalidad que se pone a\u00fan peor cuando toma cuerpo: \u201cIzquierda Unida deber\u00eda ser uno de los motores de donde surgiese esta alternativa\u201d. Claro que se cuida de aclarar que \u201cgestiones como las de Andaluc\u00eda ponen en entredicho esta capacidad\u201d, gesti\u00f3n donde IU administra el ajuste junto al PSOE.<\/p>\n<p>Nuevamente, se deposita confianza en organizaciones reformistas y que han demostrado una y mil veces su adaptaci\u00f3n al sistema burgu\u00e9s capitalista. Pero, de la misma manera en que el problema de Comisiones y UGT es simplemente que \u201ctitubean\u201d, la gesti\u00f3n capitalista de Andaluc\u00eda por parte de IU s\u00f3lo \u201cpone en entredicho\u201d su capacidad para ser el motor de una alternativa. Es decir, que ser parte del gobierno de una comunidad aut\u00f3noma entera es s\u00f3lo un desliz, pero que lo que define a IU es su capacidad de ser el motor de una alternativa&#8230; Claro que nunca se nos explica de d\u00f3nde vendr\u00eda esa capacidad, que m\u00e1s bien contradicen las cientos de traiciones cometidas por IU.<\/p>\n<p>De manera an\u00e1loga a la burocracia sindical, podemos decir que la gesti\u00f3n de Andaluc\u00eda y la pr\u00e1ctica puramente parlamentaria de Syriza no son un \u201caccidente\u201d o un error, sino que son <i>su propia raz\u00f3n de ser.<\/i> Se trata de <i>organizaciones reformistas cuyo \u00fanico horizonte es la acci\u00f3n institucional<\/i> y las negociaciones por arriba, como demuestran los lazos entre el PCE (principal componente de IU) y la burocracia de Comisiones Obreras. Y tambi\u00e9n las declaraciones de Tsipras, l\u00edder de Syriza, que sostiene que \u201cel ejemplo que tomamos es el de Argentina (\u2026) [que] hoy en d\u00eda est\u00e1 construyendo un modelo anti-neoliberal\u201d (http:\/\/www.pagina12.com.ar\/diario\/suplementos\/cash\/43-6356-2012-10-22.html). La profesi\u00f3n de fe kirchnerista de Tsipras deber\u00eda servir para muchos incautos de la izquierda \u201canticapitalista\u201d\u2026<\/p>\n<p>Con respecto a este tema, En Lucha tiene an\u00e1lisis muy agudos sobre la situaci\u00f3n griega, muchos de ellos escritos por militantes del SEK, su grupo hermano all\u00ed. En estos art\u00edculos se plantea de manera correcta una delimitaci\u00f3n de Syriza y la necesidad de construir una organizaci\u00f3n independiente. Incluso se llega a plantear, realizando un paralelismo con Grecia, que en Andaluc\u00eda esa pol\u00edtica se reflejar\u00eda en que la CUT-BAI rompa con Izquierda Unida. La CUT-BAI es una organizaci\u00f3n con ra\u00edces en el movimiento de jornaleros andaluces, que se opone formalmente a la participaci\u00f3n de IU en el gobierno con el PSOE y que es un referente muy respetado por los sectores en lucha debido a las acciones directas que ha llevado a cabo en los \u00faltimos a\u00f1os, como la ocupaci\u00f3n y autogesti\u00f3n de fincas, el saqueo de supermercados, etc.<\/p>\n<p>Sin embargo, nuevamente, esto parece quedar en segundo plano cuando se plantea la orientaci\u00f3n pol\u00edtica a desarrollar: en su balance de la huelga del 14 de noviembre. Se dice que \u201clas organizaciones de izquierdas tienen un papel importante a la hora de difundir un discurso que a\u00fane las luchas sindicales con una cr\u00edtica profunda a la austeridad y la ra\u00edz de la crisis capitalista\u201d. Muy bien, pero a continuaci\u00f3n dicen que \u201cas\u00ed ha ocurrido en Grecia, donde organizaciones como Antarsya o Syriza han puesto sobre la mesa la necesidad de no pagar la deuda\u201d y que \u201cel ascenso de opciones como IU, Bildu, AGE o las CUP debe servir para reforzar estas ideas\u201d (http:\/\/www.enlucha.org\/site\/?q=node\/17994).<\/p>\n<p>Hay que realizar una distinci\u00f3n entre lo que el ascenso electoral de estos partidos de izquierda reformista representa y la pr\u00e1ctica de esos mismos partidos. Como ya hemos dicho, el ascenso de la izquierda reformista plantea un giro a la izquierda de parte de la poblaci\u00f3n, y en ese sentido es progresivo. Sin embargo, esto no debe oscurecer el hecho de que esas formaciones pol\u00edticas trabajan de manera consciente para impedir que los trabajadores y el pueblo tomen su destino en sus propias manos, para frenar las movilizaciones y la organizaci\u00f3n independiente y, en definitiva, <i>para sacar a los trabajadores de las calles y llevarlos a las urnas.<\/i><\/p>\n<p>Sin duda, hay que aprovechar la agitaci\u00f3n que puedan realizar estas organizaciones, y tambi\u00e9n hay que darse una pol\u00edtica hacia las bases de \u00e9stas, que en muchos casos quieren honestamente luchar contra la explotaci\u00f3n capitalista. Pero esto pasa precisamente por se\u00f1alar sus l\u00edmites,<b> <\/b>demostrar su adaptaci\u00f3n a la democracia burguesa y a la burocracia sindical y oponerle un programa consecuentemente clasista y revolucionario. Como dice agudamente un art\u00edculo de En Lucha al respecto, Syriza no perdi\u00f3 porque fuera poco realista, sino porque se corri\u00f3 al realismo, a renegociar la austeridad. Efectivamente, bajo la presi\u00f3n de los acontecimientos estas formaciones muestran su verdadero rostro, pero esto s\u00f3lo puede ser capitalizado a trav\u00e9s de una <i>cr\u00edtica sistem\u00e1tica y de la construcci\u00f3n de organizaciones independientes.<\/i><\/p>\n<p><i>\u00a0<\/i><\/p>\n<p><b>4.1 Hay condiciones para construir fuertes organizaciones revolucionarias de vanguardia<\/b><\/p>\n<p><b>\u00a0<\/b><\/p>\n<p>Hemos definido aqu\u00ed, de manera muy general, algunos lineamientos que consideramos esenciales a la hora de la construcci\u00f3n de una organizaci\u00f3n revolucionaria en Espa\u00f1a. Estas pol\u00edticas no s\u00f3lo tienen que ver con los l\u00edmites a superar para abrir un periodo donde la alternativa socialista vuelva a estar a la orden del d\u00eda, sino que se apoyan en las tendencias m\u00e1s generales que venimos de describir y en la experiencia que las masas comienzan a realizar.<\/p>\n<p>Ya hemos visto que el peso de los sindicatos alternativos comienza a crecer, de la mano de un desprestigio de los sindicatos tradicionales, pero que se combina no con una apat\u00eda y desmovilizaci\u00f3n, sino con <i>un \u00e1nimo de lucha que se mantiene<\/i>. La combinaci\u00f3n de estos factores, junto a las formas de democracia de base que se desarrollan y la influencia positiva del movimiento de indignados en este sentido, pueden permitir, con una pol\u00edtica correcta de denuncia de la burocracia y de organizaci\u00f3n de los sectores independientes, que comience a cuestionarse de manera m\u00e1s general el control burocr\u00e1tico sobre el movimiento obrero.<\/p>\n<p>Por otra parte, el desprestigio del sistema pol\u00edtico abre tambi\u00e9n posibilidades para los revolucionarios. Frente al desastre del PP y del PSOE, el primer beneficiado a corto plazo ser\u00e1 probablemente Izquierda Unida, lo que implica redoblar la delimitaci\u00f3n y las criticas de cara a esta organizaci\u00f3n. Sin embargo, las m\u00faltiples traiciones que ha cometido y su gesti\u00f3n del ajuste en gobiernos como el de Andaluc\u00eda permiten a su vez la construcci\u00f3n de organizaciones revolucionarias independientes; sin duda, un ascenso electoral de IU la someter\u00e1 a nuevas presiones y contradicciones que pueden ser aprovechados por los revolucionarios.<\/p>\n<p>La crisis econ\u00f3mica del capitalismo est\u00e1 llamada a profundizarse, lo cual llevar\u00e1 a una agudizaci\u00f3n de la lucha de clases y a enfrentamientos cada vez m\u00e1s duros. Esto abre posibilidades inmensas para la construcci\u00f3n de organizaciones revolucionarias y para el desarrollo de una conciencia socialista en la clase trabajadora. Una pol\u00edtica audaz e independiente, que se haga carne en las experiencias de lucha de la clase obrera y la ayude a organizarse y a superar sus limitaciones pol\u00edticas, encontrar\u00e1 sin duda eco en una \u00e9poca en que el capitalismo y sus gobiernos se desacreditan d\u00eda a d\u00eda. Estamos dando apenas los primeros pasos de una experiencia que reabrir\u00e1 el horizonte de la revoluci\u00f3n socialista en todo el mundo.<\/p>\n<p>&nbsp;<\/p>\n<div><br clear=\"all\" \/><\/p>\n<hr align=\"left\" size=\"1\" width=\"33%\" \/>\n<div>\n<p><a title=\"\" href=\"#_ftnref1\">[1]<\/a>. Desde nuestra corriente utilizamos el concepto de <i>recomienzo hist\u00f3rico<\/i> para definir el ciclo en la lucha de clases que se est\u00e1 abriendo paso. Esto intenta ser una s\u00edntesis de las dificultades de orden pol\u00edtico y program\u00e1tico que enfrentan las nuevas generaciones, pero sobre todo de la <i>enorme potencialidad<\/i> que estos acontecimientos representan para la construcci\u00f3n de organizaciones revolucionarias. En definitiva, el programa socialista s\u00f3lo puede hacerse carne en la propia experiencia de lucha y organizaci\u00f3n de las masas y la acci\u00f3n de los partidos revolucionarios.<\/p>\n<\/div>\n<div>\n<p><a title=\"\" href=\"#_ftnref2\">[2]<\/a>. El gobierno se vale de todo tipo de maniobras para falsear los datos de la actividad. El m\u00e1s importante es no contar entre los huelguistas a aquellos que est\u00e1n contemplados en los \u201cservicios m\u00ednimos\u201d, y est\u00e1n por lo tanto obligados a trabajar. Estos servicios m\u00ednimos son elaborados por el propio gobierno y alcanzaron, por ejemplo, el absurdo del 100% de los enfermeros en el hospital de Ourense.<\/p>\n<\/div>\n<div>\n<p>3. No podemos dejar de se\u00f1alar aqu\u00ed que este rechazo inicial<b> <\/b>tiene como base material las m\u00faltiples traiciones que llevaron adelante los sindicatos burocr\u00e1ticos y los partidos stalinistas como Izquierda Unida, que para muchos j\u00f3venes que comienzan a hacer su experiencia pol\u00edtica es lo \u00fanico que conocen. En este sentido, el rechazo presenta un costado progresivo, aunque haya que combatir las tendencias antipartidistas.<\/p>\n<\/div>\n<\/div>\n","protected":false},"excerpt":{"rendered":"<p>Espa\u00f1a Alejandro Vinet &nbsp; En este texto analizaremos la situaci\u00f3n pol\u00edtica en Espa\u00f1a, haciendo un repaso de las principales luchas que recorrieron el a\u00f1o. A la vez, intentaremos plantear los problemas pol\u00edticos que comienzan a ponerse a la orden del d\u00eda, adem\u00e1s de delinear algunas de las tendencias del desarrollo en curso, que pueden profundizarse [&hellip;]<\/p>\n","protected":false},"author":8,"featured_media":0,"comment_status":"closed","ping_status":"open","sticky":false,"template":"","format":"standard","meta":{"footnotes":""},"categories":[206,1690,1643],"tags":[1146,1647],"class_list":{"0":"post-996","1":"post","2":"type-post","3":"status-publish","4":"format-standard","6":"category-espana","7":"category-europa","8":"category-revista-socialismo-o-barbarie","9":"tag-ale-vinet","10":"tag-revista-sob-27"},"yoast_head":"<!-- This site is optimized with the Yoast SEO plugin v27.5 - https:\/\/yoast.com\/product\/yoast-seo-wordpress\/ -->\n<title>Un clima de ebullici\u00f3n social - Socialismo o Barbarie<\/title>\n<meta name=\"robots\" content=\"index, follow, max-snippet:-1, max-image-preview:large, max-video-preview:-1\" \/>\n<link rel=\"canonical\" href=\"https:\/\/www.socialismoobarbarie.org\/?p=996\" \/>\n<meta property=\"og:locale\" content=\"es_ES\" \/>\n<meta property=\"og:type\" content=\"article\" \/>\n<meta property=\"og:title\" content=\"Un clima de ebullici\u00f3n social - Socialismo o Barbarie\" \/>\n<meta property=\"og:description\" content=\"Espa\u00f1a Alejandro Vinet &nbsp; En este texto analizaremos la situaci\u00f3n pol\u00edtica en Espa\u00f1a, haciendo un repaso de las principales luchas que recorrieron el a\u00f1o. A la vez, intentaremos plantear los problemas pol\u00edticos que comienzan a ponerse a la orden del d\u00eda, adem\u00e1s de delinear algunas de las tendencias del desarrollo en curso, que pueden profundizarse [&hellip;]\" \/>\n<meta property=\"og:url\" content=\"https:\/\/www.socialismoobarbarie.org\/?p=996\" \/>\n<meta property=\"og:site_name\" content=\"Socialismo o Barbarie\" \/>\n<meta property=\"article:published_time\" content=\"2013-02-09T21:09:00+00:00\" \/>\n<meta property=\"article:modified_time\" content=\"2019-11-20T14:25:20+00:00\" \/>\n<meta property=\"og:image\" content=\"https:\/\/www.socialismoobarbarie.org\/wp-content\/uploads\/2025\/03\/logo-color-sob.png\" \/>\n\t<meta property=\"og:image:width\" content=\"358\" \/>\n\t<meta property=\"og:image:height\" content=\"128\" \/>\n\t<meta property=\"og:image:type\" content=\"image\/png\" \/>\n<meta name=\"author\" content=\"SOB\" \/>\n<meta name=\"twitter:card\" content=\"summary_large_image\" \/>\n<meta name=\"twitter:label1\" content=\"Escrito por\" \/>\n\t<meta name=\"twitter:data1\" content=\"SOB\" \/>\n\t<meta name=\"twitter:label2\" content=\"Tiempo de lectura\" \/>\n\t<meta name=\"twitter:data2\" content=\"88 minutos\" \/>\n<script type=\"application\/ld+json\" class=\"yoast-schema-graph\">{\"@context\":\"https:\\\/\\\/schema.org\",\"@graph\":[{\"@type\":\"Article\",\"@id\":\"https:\\\/\\\/www.socialismoobarbarie.org\\\/?p=996#article\",\"isPartOf\":{\"@id\":\"https:\\\/\\\/www.socialismoobarbarie.org\\\/?p=996\"},\"author\":{\"name\":\"SOB\",\"@id\":\"https:\\\/\\\/www.socialismoobarbarie.org\\\/#\\\/schema\\\/person\\\/bc1c3b321d47ed092405949c77e35a8e\"},\"headline\":\"Un clima de ebullici\u00f3n social\",\"datePublished\":\"2013-02-09T21:09:00+00:00\",\"dateModified\":\"2019-11-20T14:25:20+00:00\",\"mainEntityOfPage\":{\"@id\":\"https:\\\/\\\/www.socialismoobarbarie.org\\\/?p=996\"},\"wordCount\":17675,\"publisher\":{\"@id\":\"https:\\\/\\\/www.socialismoobarbarie.org\\\/#organization\"},\"keywords\":[\"Ale Vinet\",\"Revista SoB 27\"],\"articleSection\":[\"Estado espa\u00f1ol\",\"Europa\",\"Revista Socialismo o Barbarie\"],\"inLanguage\":\"es\"},{\"@type\":\"WebPage\",\"@id\":\"https:\\\/\\\/www.socialismoobarbarie.org\\\/?p=996\",\"url\":\"https:\\\/\\\/www.socialismoobarbarie.org\\\/?p=996\",\"name\":\"Un clima de ebullici\u00f3n social - Socialismo o Barbarie\",\"isPartOf\":{\"@id\":\"https:\\\/\\\/www.socialismoobarbarie.org\\\/#website\"},\"datePublished\":\"2013-02-09T21:09:00+00:00\",\"dateModified\":\"2019-11-20T14:25:20+00:00\",\"breadcrumb\":{\"@id\":\"https:\\\/\\\/www.socialismoobarbarie.org\\\/?p=996#breadcrumb\"},\"inLanguage\":\"es\",\"potentialAction\":[{\"@type\":\"ReadAction\",\"target\":[\"https:\\\/\\\/www.socialismoobarbarie.org\\\/?p=996\"]}]},{\"@type\":\"BreadcrumbList\",\"@id\":\"https:\\\/\\\/www.socialismoobarbarie.org\\\/?p=996#breadcrumb\",\"itemListElement\":[{\"@type\":\"ListItem\",\"position\":1,\"name\":\"Portada\",\"item\":\"https:\\\/\\\/www.socialismoobarbarie.org\\\/\"},{\"@type\":\"ListItem\",\"position\":2,\"name\":\"Un clima de ebullici\u00f3n social\"}]},{\"@type\":\"WebSite\",\"@id\":\"https:\\\/\\\/www.socialismoobarbarie.org\\\/#website\",\"url\":\"https:\\\/\\\/www.socialismoobarbarie.org\\\/\",\"name\":\"Socialismo o Barbarie\",\"description\":\"Sitio web de la corriente internacional Socialismo o Barbarie\",\"publisher\":{\"@id\":\"https:\\\/\\\/www.socialismoobarbarie.org\\\/#organization\"},\"potentialAction\":[{\"@type\":\"SearchAction\",\"target\":{\"@type\":\"EntryPoint\",\"urlTemplate\":\"https:\\\/\\\/www.socialismoobarbarie.org\\\/?s={search_term_string}\"},\"query-input\":{\"@type\":\"PropertyValueSpecification\",\"valueRequired\":true,\"valueName\":\"search_term_string\"}}],\"inLanguage\":\"es\"},{\"@type\":\"Organization\",\"@id\":\"https:\\\/\\\/www.socialismoobarbarie.org\\\/#organization\",\"name\":\"Socialismo o Barbarie\",\"url\":\"https:\\\/\\\/www.socialismoobarbarie.org\\\/\",\"logo\":{\"@type\":\"ImageObject\",\"inLanguage\":\"es\",\"@id\":\"https:\\\/\\\/www.socialismoobarbarie.org\\\/#\\\/schema\\\/logo\\\/image\\\/\",\"url\":\"https:\\\/\\\/www.socialismoobarbarie.org\\\/wp-content\\\/uploads\\\/2025\\\/02\\\/soblogoweb-2025.png\",\"contentUrl\":\"https:\\\/\\\/www.socialismoobarbarie.org\\\/wp-content\\\/uploads\\\/2025\\\/02\\\/soblogoweb-2025.png\",\"width\":450,\"height\":161,\"caption\":\"Socialismo o Barbarie\"},\"image\":{\"@id\":\"https:\\\/\\\/www.socialismoobarbarie.org\\\/#\\\/schema\\\/logo\\\/image\\\/\"}},{\"@type\":\"Person\",\"@id\":\"https:\\\/\\\/www.socialismoobarbarie.org\\\/#\\\/schema\\\/person\\\/bc1c3b321d47ed092405949c77e35a8e\",\"name\":\"SOB\",\"url\":\"https:\\\/\\\/www.socialismoobarbarie.org\\\/?author=8\"}]}<\/script>\n<!-- \/ Yoast SEO plugin. -->","yoast_head_json":{"title":"Un clima de ebullici\u00f3n social - Socialismo o Barbarie","robots":{"index":"index","follow":"follow","max-snippet":"max-snippet:-1","max-image-preview":"max-image-preview:large","max-video-preview":"max-video-preview:-1"},"canonical":"https:\/\/www.socialismoobarbarie.org\/?p=996","og_locale":"es_ES","og_type":"article","og_title":"Un clima de ebullici\u00f3n social - Socialismo o Barbarie","og_description":"Espa\u00f1a Alejandro Vinet &nbsp; En este texto analizaremos la situaci\u00f3n pol\u00edtica en Espa\u00f1a, haciendo un repaso de las principales luchas que recorrieron el a\u00f1o. A la vez, intentaremos plantear los problemas pol\u00edticos que comienzan a ponerse a la orden del d\u00eda, adem\u00e1s de delinear algunas de las tendencias del desarrollo en curso, que pueden profundizarse [&hellip;]","og_url":"https:\/\/www.socialismoobarbarie.org\/?p=996","og_site_name":"Socialismo o Barbarie","article_published_time":"2013-02-09T21:09:00+00:00","article_modified_time":"2019-11-20T14:25:20+00:00","og_image":[{"width":358,"height":128,"url":"https:\/\/www.socialismoobarbarie.org\/wp-content\/uploads\/2025\/03\/logo-color-sob.png","type":"image\/png"}],"author":"SOB","twitter_card":"summary_large_image","twitter_misc":{"Escrito por":"SOB","Tiempo de lectura":"88 minutos"},"schema":{"@context":"https:\/\/schema.org","@graph":[{"@type":"Article","@id":"https:\/\/www.socialismoobarbarie.org\/?p=996#article","isPartOf":{"@id":"https:\/\/www.socialismoobarbarie.org\/?p=996"},"author":{"name":"SOB","@id":"https:\/\/www.socialismoobarbarie.org\/#\/schema\/person\/bc1c3b321d47ed092405949c77e35a8e"},"headline":"Un clima de ebullici\u00f3n social","datePublished":"2013-02-09T21:09:00+00:00","dateModified":"2019-11-20T14:25:20+00:00","mainEntityOfPage":{"@id":"https:\/\/www.socialismoobarbarie.org\/?p=996"},"wordCount":17675,"publisher":{"@id":"https:\/\/www.socialismoobarbarie.org\/#organization"},"keywords":["Ale Vinet","Revista SoB 27"],"articleSection":["Estado espa\u00f1ol","Europa","Revista Socialismo o Barbarie"],"inLanguage":"es"},{"@type":"WebPage","@id":"https:\/\/www.socialismoobarbarie.org\/?p=996","url":"https:\/\/www.socialismoobarbarie.org\/?p=996","name":"Un clima de ebullici\u00f3n social - Socialismo o Barbarie","isPartOf":{"@id":"https:\/\/www.socialismoobarbarie.org\/#website"},"datePublished":"2013-02-09T21:09:00+00:00","dateModified":"2019-11-20T14:25:20+00:00","breadcrumb":{"@id":"https:\/\/www.socialismoobarbarie.org\/?p=996#breadcrumb"},"inLanguage":"es","potentialAction":[{"@type":"ReadAction","target":["https:\/\/www.socialismoobarbarie.org\/?p=996"]}]},{"@type":"BreadcrumbList","@id":"https:\/\/www.socialismoobarbarie.org\/?p=996#breadcrumb","itemListElement":[{"@type":"ListItem","position":1,"name":"Portada","item":"https:\/\/www.socialismoobarbarie.org\/"},{"@type":"ListItem","position":2,"name":"Un clima de ebullici\u00f3n social"}]},{"@type":"WebSite","@id":"https:\/\/www.socialismoobarbarie.org\/#website","url":"https:\/\/www.socialismoobarbarie.org\/","name":"Socialismo o Barbarie","description":"Sitio web de la corriente internacional Socialismo o Barbarie","publisher":{"@id":"https:\/\/www.socialismoobarbarie.org\/#organization"},"potentialAction":[{"@type":"SearchAction","target":{"@type":"EntryPoint","urlTemplate":"https:\/\/www.socialismoobarbarie.org\/?s={search_term_string}"},"query-input":{"@type":"PropertyValueSpecification","valueRequired":true,"valueName":"search_term_string"}}],"inLanguage":"es"},{"@type":"Organization","@id":"https:\/\/www.socialismoobarbarie.org\/#organization","name":"Socialismo o Barbarie","url":"https:\/\/www.socialismoobarbarie.org\/","logo":{"@type":"ImageObject","inLanguage":"es","@id":"https:\/\/www.socialismoobarbarie.org\/#\/schema\/logo\/image\/","url":"https:\/\/www.socialismoobarbarie.org\/wp-content\/uploads\/2025\/02\/soblogoweb-2025.png","contentUrl":"https:\/\/www.socialismoobarbarie.org\/wp-content\/uploads\/2025\/02\/soblogoweb-2025.png","width":450,"height":161,"caption":"Socialismo o Barbarie"},"image":{"@id":"https:\/\/www.socialismoobarbarie.org\/#\/schema\/logo\/image\/"}},{"@type":"Person","@id":"https:\/\/www.socialismoobarbarie.org\/#\/schema\/person\/bc1c3b321d47ed092405949c77e35a8e","name":"SOB","url":"https:\/\/www.socialismoobarbarie.org\/?author=8"}]}},"_links":{"self":[{"href":"https:\/\/www.socialismoobarbarie.org\/index.php?rest_route=\/wp\/v2\/posts\/996","targetHints":{"allow":["GET"]}}],"collection":[{"href":"https:\/\/www.socialismoobarbarie.org\/index.php?rest_route=\/wp\/v2\/posts"}],"about":[{"href":"https:\/\/www.socialismoobarbarie.org\/index.php?rest_route=\/wp\/v2\/types\/post"}],"author":[{"embeddable":true,"href":"https:\/\/www.socialismoobarbarie.org\/index.php?rest_route=\/wp\/v2\/users\/8"}],"replies":[{"embeddable":true,"href":"https:\/\/www.socialismoobarbarie.org\/index.php?rest_route=%2Fwp%2Fv2%2Fcomments&post=996"}],"version-history":[{"count":1,"href":"https:\/\/www.socialismoobarbarie.org\/index.php?rest_route=\/wp\/v2\/posts\/996\/revisions"}],"predecessor-version":[{"id":997,"href":"https:\/\/www.socialismoobarbarie.org\/index.php?rest_route=\/wp\/v2\/posts\/996\/revisions\/997"}],"wp:attachment":[{"href":"https:\/\/www.socialismoobarbarie.org\/index.php?rest_route=%2Fwp%2Fv2%2Fmedia&parent=996"}],"wp:term":[{"taxonomy":"category","embeddable":true,"href":"https:\/\/www.socialismoobarbarie.org\/index.php?rest_route=%2Fwp%2Fv2%2Fcategories&post=996"},{"taxonomy":"post_tag","embeddable":true,"href":"https:\/\/www.socialismoobarbarie.org\/index.php?rest_route=%2Fwp%2Fv2%2Ftags&post=996"}],"curies":[{"name":"wp","href":"https:\/\/api.w.org\/{rel}","templated":true}]}}